{"id":7694,"date":"2018-01-23T13:37:42","date_gmt":"2018-01-23T13:37:42","guid":{"rendered":"http:\/\/www.sinprofaz.org.br\/?p=7694"},"modified":"2018-01-30T19:35:04","modified_gmt":"2018-01-30T19:35:04","slug":"para-consultor-politico-pfn-se-destaca-ao-atuar-contra-sonegacao-fiscal","status":"publish","type":"post","link":"https:\/\/sinprofaz.org.br\/2024\/noticias\/para-consultor-politico-pfn-se-destaca-ao-atuar-contra-sonegacao-fiscal\/","title":{"rendered":"PARA CONSULTOR POL\u00cdTICO, PFN SE DESTACA AO ATUAR CONTRA SONEGA\u00c7\u00c3O FISCAL"},"content":{"rendered":"<p>O consultor pol\u00edtico do SINPROFAZ Ant\u00f4nio de Queiroz, diretor do Departamento Intersindical de Assessoria Parlamentar &#8211; DIAP, participou como expositor do XVII Encontro Nacional dos Procuradores da Fazenda Nacional. Em entrevista \u00e0 TV SINPROFAZ, o jornalista destacou a qualidade dos debates do evento, o clima de unidade na Carreira e a import\u00e2ncia do trabalho dos PFNs no combate \u00e0 sonega\u00e7\u00e3o fiscal no pa\u00eds.<\/p>\n<p>&#8220;Este Encontro foi de muita qualidade.Trouxe um painel extremamente importante, do ponto de vista t\u00e9cnico, mostrando a import\u00e2ncia e a necessidade da Procuradoria da Fazenda Nacional no combate \u00e0 sonega\u00e7\u00e3o, que \u00e9 um dos males que precisam ser combatidos de forma contundente &#8211; o que a PFN tem feito com profissionais respons\u00e1veis e entusiasmados&#8221;, ressaltou.<\/p>\n<p>Assista \u00e0 entrevista completa:\u00a0<a href=\"https:\/\/www.youtube.com\/watch?v=KIuyyZVPmSA&amp;t=\" target=\"_blank\">goo.gl\/D6i8Lc<\/a><\/p>\n","protected":false},"excerpt":{"rendered":"<p>O consultor pol\u00edtico do SINPROFAZ Ant\u00f4nio de Queiroz, jornalista e diretor do Departamento Intersindical de Assessoria Parlamentar &#8211; DIAP, participou como expositor do XVII Encontro Nacional dos Procuradores da Fazenda Nacional.<\/p>\n","protected":false},"author":2,"featured_media":7695,"comment_status":"open","ping_status":"open","sticky":false,"template":"","format":"standard","meta":{"footnotes":""},"categories":[8],"tags":[32,62,25],"featured_image_url":"https:\/\/sinprofaz.org.br\/2024\/wp-content\/uploads\/2018\/01\/015.jpg","character_count":428,"formatted_date":"23\/01\/2018 - 13:37","contentNovo":"O consultor pol\u00edtico do SINPROFAZ Ant\u00f4nio de Queiroz, diretor do Departamento Intersindical de Assessoria Parlamentar - DIAP, participou como expositor do XVII Encontro Nacional dos Procuradores da Fazenda Nacional. Em entrevista \u00e0 TV SINPROFAZ, o jornalista destacou a qualidade dos debates do evento, o clima de unidade na Carreira e a import\u00e2ncia do trabalho dos PFNs no combate \u00e0 sonega\u00e7\u00e3o fiscal no pa\u00eds.\r\n\r\n\"Este Encontro foi de muita qualidade.Trouxe um painel extremamente importante, do ponto de vista t\u00e9cnico, mostrando a import\u00e2ncia e a necessidade da Procuradoria da Fazenda Nacional no combate \u00e0 sonega\u00e7\u00e3o, que \u00e9 um dos males que precisam ser combatidos de forma contundente - o que a PFN tem feito com profissionais respons\u00e1veis e entusiasmados\", ressaltou.\r\n\r\nAssista \u00e0 entrevista completa:\u00a0<a href=\"https:\/\/www.youtube.com\/watch?v=KIuyyZVPmSA&amp;t=\" target=\"_blank\">goo.gl\/D6i8Lc<\/a>","_links":{"self":[{"href":"https:\/\/sinprofaz.org.br\/2024\/wp-json\/wp\/v2\/posts\/7694"}],"collection":[{"href":"https:\/\/sinprofaz.org.br\/2024\/wp-json\/wp\/v2\/posts"}],"about":[{"href":"https:\/\/sinprofaz.org.br\/2024\/wp-json\/wp\/v2\/types\/post"}],"author":[{"embeddable":true,"href":"https:\/\/sinprofaz.org.br\/2024\/wp-json\/wp\/v2\/users\/2"}],"replies":[{"embeddable":true,"href":"https:\/\/sinprofaz.org.br\/2024\/wp-json\/wp\/v2\/comments?post=7694"}],"version-history":[{"count":8,"href":"https:\/\/sinprofaz.org.br\/2024\/wp-json\/wp\/v2\/posts\/7694\/revisions"}],"predecessor-version":[{"id":7703,"href":"https:\/\/sinprofaz.org.br\/2024\/wp-json\/wp\/v2\/posts\/7694\/revisions\/7703"}],"wp:featuredmedia":[{"embeddable":true,"href":"https:\/\/sinprofaz.org.br\/2024\/wp-json\/wp\/v2\/media\/7695"}],"wp:attachment":[{"href":"https:\/\/sinprofaz.org.br\/2024\/wp-json\/wp\/v2\/media?parent=7694"}],"wp:term":[{"taxonomy":"category","embeddable":true,"href":"https:\/\/sinprofaz.org.br\/2024\/wp-json\/wp\/v2\/categories?post=7694"},{"taxonomy":"post_tag","embeddable":true,"href":"https:\/\/sinprofaz.org.br\/2024\/wp-json\/wp\/v2\/tags?post=7694"}],"curies":[{"name":"wp","href":"https:\/\/api.w.org\/{rel}","templated":true}]}}