{"id":7592,"date":"2017-12-13T19:28:14","date_gmt":"2017-12-13T19:28:14","guid":{"rendered":"http:\/\/www.sinprofaz.org.br\/?p=7592"},"modified":"2017-12-15T18:59:10","modified_gmt":"2017-12-15T18:59:10","slug":"diretoria-se-une-para-atuacao-parlamentar-contra-reforma-da-previdencia","status":"publish","type":"post","link":"https:\/\/sinprofaz.org.br\/2024\/noticias\/diretoria-se-une-para-atuacao-parlamentar-contra-reforma-da-previdencia\/","title":{"rendered":"DIRETORIA SE UNE PARA ATUA\u00c7\u00c3O PARLAMENTAR CONTRA REFORMA DA PREVID\u00caNCIA"},"content":{"rendered":"<p>O SINPROFAZ, representado pelo presidente Achilles Frias, pelo vice-presidente Juscelino Ferreira e pelos diretores Iolanda Guindani, Caio Graco, Giuliano Menezes, Rodrigo Mellet, Roberto Rodrigues, Andr\u00e9 Campello, Ant\u00f4nio Guedes Duarte, S\u00e9rgio Carneiro, Val\u00e9ria Ferreira e Kizzi Reina, esteve na ter\u00e7a-feira (12) no Congresso Nacional para atua\u00e7\u00e3o parlamentar contra a proposta de reforma da Previd\u00eancia. O associado Isaac Bentes, lotado na PFN\/PA, acompanhou a diretoria no trabalho de convencimento dos deputados indecisos.<\/p>\n<p>Quanto a esses parlamentares cujo voto ainda est\u00e1 indefinido, foram visitados os gabinetes de Raimundo Gomes de Matos (PSDB\/CE), Ot\u00e1vio Leite (PSDB\/RJ), Andr\u00e9 de Paula (PSD\/PE), Carlos Sampaio (PSDB\/SP), Efraim Filho (DEM\/PB), entre outros, onde os diretores do SINPROFAZ expuseram o posicionamento do Sindicato em defesa dos trabalhadores dos setores p\u00fablico e privado.<\/p>\n<p>Ao longo da tarde, a diretoria esteve tamb\u00e9m com parlamentares parceiros como Patrus Ananias (PT\/MG), Soraya Santos (PMDB\/RJ), Laud\u00edvio Carvalho (SD\/MG), Roberto Britto (PP\/BA), Moses Rodrigues (PMDB\/CE), Jos\u00e9 Priante (PMDB\/PA) e S\u00edlvio Costa (AVANTE\/PE). Assim como os deputados, o l\u00edder do PT no Senado Federal, Lindbergh Farias (RJ), manifestou apoio \u00e0 mobiliza\u00e7\u00e3o dos diretores e contrariedade \u00e0 reforma.<\/p>\n<p>Nos gabinetes de deputados abertamente contr\u00e1rios \u00e0 proposta, como Luizianne Lins (PT\/CE), Ivan Valente (PSOL\/SP), Eros Biondini (PROS\/MG), J\u00f4 Moraes (PCdoB\/CE) e Vitor Valim (PMDB\/CE), a diretoria tamb\u00e9m encontrou aprova\u00e7\u00e3o ao trabalho parlamentar e incentivo para prosseguir com o convencimento dos deputados indecisos sobre o voto.<\/p>\n\n\t\t<style type=\"text\/css\">\n\t\t\t#gallery-1 {\n\t\t\t\tmargin: auto;\n\t\t\t}\n\t\t\t#gallery-1 .gallery-item {\n\t\t\t\tfloat: left;\n\t\t\t\tmargin-top: 10px;\n\t\t\t\ttext-align: center;\n\t\t\t\twidth: 33%;\n\t\t\t}\n\t\t\t#gallery-1 img {\n\t\t\t\tborder: 2px solid #cfcfcf;\n\t\t\t}\n\t\t\t#gallery-1 .gallery-caption {\n\t\t\t\tmargin-left: 0;\n\t\t\t}\n\t\t\t\/* see gallery_shortcode() in wp-includes\/media.php *\/\n\t\t<\/style>\n\t\t<div id='gallery-1' class='gallery galleryid-7592 gallery-columns-3 gallery-size-thumbnail'><dl class='gallery-item'>\n\t\t\t<dt class='gallery-icon landscape'>\n\t\t\t\t<a href='https:\/\/sinprofaz.org.br\/2024\/wp-content\/uploads\/2017\/12\/022.jpg'><img loading=\"lazy\" decoding=\"async\" width=\"150\" height=\"150\" src=\"https:\/\/sinprofaz.org.br\/2024\/wp-content\/uploads\/2017\/12\/022-150x150.jpg\" class=\"attachment-thumbnail size-thumbnail\" alt=\"\" \/><\/a>\n\t\t\t<\/dt><\/dl><dl class='gallery-item'>\n\t\t\t<dt class='gallery-icon landscape'>\n\t\t\t\t<a href='https:\/\/sinprofaz.org.br\/2024\/wp-content\/uploads\/2017\/12\/032.jpg'><img loading=\"lazy\" decoding=\"async\" width=\"150\" height=\"150\" src=\"https:\/\/sinprofaz.org.br\/2024\/wp-content\/uploads\/2017\/12\/032-150x150.jpg\" class=\"attachment-thumbnail size-thumbnail\" alt=\"\" \/><\/a>\n\t\t\t<\/dt><\/dl><dl class='gallery-item'>\n\t\t\t<dt class='gallery-icon landscape'>\n\t\t\t\t<a href='https:\/\/sinprofaz.org.br\/2024\/wp-content\/uploads\/2017\/12\/041.jpg'><img loading=\"lazy\" decoding=\"async\" width=\"150\" height=\"150\" src=\"https:\/\/sinprofaz.org.br\/2024\/wp-content\/uploads\/2017\/12\/041-150x150.jpg\" class=\"attachment-thumbnail size-thumbnail\" alt=\"\" \/><\/a>\n\t\t\t<\/dt><\/dl><br style=\"clear: both\" \/><dl class='gallery-item'>\n\t\t\t<dt class='gallery-icon landscape'>\n\t\t\t\t<a href='https:\/\/sinprofaz.org.br\/2024\/wp-content\/uploads\/2017\/12\/051.jpg'><img loading=\"lazy\" decoding=\"async\" width=\"150\" height=\"150\" src=\"https:\/\/sinprofaz.org.br\/2024\/wp-content\/uploads\/2017\/12\/051-150x150.jpg\" class=\"attachment-thumbnail size-thumbnail\" alt=\"\" \/><\/a>\n\t\t\t<\/dt><\/dl><dl class='gallery-item'>\n\t\t\t<dt class='gallery-icon landscape'>\n\t\t\t\t<a href='https:\/\/sinprofaz.org.br\/2024\/wp-content\/uploads\/2017\/12\/061.jpg'><img loading=\"lazy\" decoding=\"async\" width=\"150\" height=\"150\" src=\"https:\/\/sinprofaz.org.br\/2024\/wp-content\/uploads\/2017\/12\/061-150x150.jpg\" class=\"attachment-thumbnail size-thumbnail\" alt=\"\" \/><\/a>\n\t\t\t<\/dt><\/dl><dl class='gallery-item'>\n\t\t\t<dt class='gallery-icon landscape'>\n\t\t\t\t<a href='https:\/\/sinprofaz.org.br\/2024\/wp-content\/uploads\/2017\/12\/071.jpg'><img loading=\"lazy\" decoding=\"async\" width=\"150\" height=\"150\" src=\"https:\/\/sinprofaz.org.br\/2024\/wp-content\/uploads\/2017\/12\/071-150x150.jpg\" class=\"attachment-thumbnail size-thumbnail\" alt=\"\" \/><\/a>\n\t\t\t<\/dt><\/dl><br style=\"clear: both\" \/><dl class='gallery-item'>\n\t\t\t<dt class='gallery-icon landscape'>\n\t\t\t\t<a href='https:\/\/sinprofaz.org.br\/2024\/wp-content\/uploads\/2017\/12\/08.jpg'><img loading=\"lazy\" decoding=\"async\" width=\"150\" height=\"150\" src=\"https:\/\/sinprofaz.org.br\/2024\/wp-content\/uploads\/2017\/12\/08-150x150.jpg\" class=\"attachment-thumbnail size-thumbnail\" alt=\"\" \/><\/a>\n\t\t\t<\/dt><\/dl><dl class='gallery-item'>\n\t\t\t<dt class='gallery-icon landscape'>\n\t\t\t\t<a href='https:\/\/sinprofaz.org.br\/2024\/wp-content\/uploads\/2017\/12\/09.jpg'><img loading=\"lazy\" decoding=\"async\" width=\"150\" height=\"150\" src=\"https:\/\/sinprofaz.org.br\/2024\/wp-content\/uploads\/2017\/12\/09-150x150.jpg\" class=\"attachment-thumbnail size-thumbnail\" alt=\"\" \/><\/a>\n\t\t\t<\/dt><\/dl>\n\t\t\t<br style='clear: both' \/>\n\t\t<\/div>\n\n","protected":false},"excerpt":{"rendered":"<p>O SINPROFAZ esteve no Congresso Nacional para atua\u00e7\u00e3o contra a proposta de reforma da Previd\u00eancia. Foram visitados gabinetes de deputados indecisos, onde os diretores expuseram o posicionamento do Sindicato em defesa dos trabalhadores.<\/p>\n","protected":false},"author":2,"featured_media":7593,"comment_status":"open","ping_status":"open","sticky":false,"template":"","format":"standard","meta":{"footnotes":""},"categories":[8],"tags":[48,77,25],"featured_image_url":"https:\/\/sinprofaz.org.br\/2024\/wp-content\/uploads\/2017\/12\/017-800x198.jpg","character_count":1058,"formatted_date":"13\/12\/2017 - 19:28","contentNovo":"<p>O SINPROFAZ, representado pelo presidente Achilles Frias, pelo vice-presidente Juscelino Ferreira e pelos diretores Iolanda Guindani, Caio Graco, Giuliano Menezes, Rodrigo Mellet, Roberto Rodrigues, Andr\u00e9 Campello, Ant\u00f4nio Guedes Duarte, S\u00e9rgio Carneiro, Val\u00e9ria Ferreira e Kizzi Reina, esteve na ter\u00e7a-feira (12) no Congresso Nacional para atua\u00e7\u00e3o parlamentar contra a proposta de reforma da Previd\u00eancia. O associado Isaac Bentes, lotado na PFN\/PA, acompanhou a diretoria no trabalho de convencimento dos deputados indecisos.<\/p><p>Quanto a esses parlamentares cujo voto ainda est\u00e1 indefinido, foram visitados os gabinetes de Raimundo Gomes de Matos (PSDB\/CE), Ot\u00e1vio Leite (PSDB\/RJ), Andr\u00e9 de Paula (PSD\/PE), Carlos Sampaio (PSDB\/SP), Efraim Filho (DEM\/PB), entre outros, onde os diretores do SINPROFAZ expuseram o posicionamento do Sindicato em defesa dos trabalhadores dos setores p\u00fablico e privado.<\/p><p>Ao longo da tarde, a diretoria esteve tamb\u00e9m com parlamentares parceiros como Patrus Ananias (PT\/MG), Soraya Santos (PMDB\/RJ), Laud\u00edvio Carvalho (SD\/MG), Roberto Britto (PP\/BA), Moses Rodrigues (PMDB\/CE), Jos\u00e9 Priante (PMDB\/PA) e S\u00edlvio Costa (AVANTE\/PE). Assim como os deputados, o l\u00edder do PT no Senado Federal, Lindbergh Farias (RJ), manifestou apoio \u00e0 mobiliza\u00e7\u00e3o dos diretores e contrariedade \u00e0 reforma.<\/p><p>Nos gabinetes de deputados abertamente contr\u00e1rios \u00e0 proposta, como Luizianne Lins (PT\/CE), Ivan Valente (PSOL\/SP), Eros Biondini (PROS\/MG), J\u00f4 Moraes (PCdoB\/CE) e Vitor Valim (PMDB\/CE), a diretoria tamb\u00e9m encontrou aprova\u00e7\u00e3o ao trabalho parlamentar e incentivo para prosseguir com o convencimento dos deputados indecisos sobre o voto.<\/p>[gallery link=\"file\" ids=\"7597,7598,7601,7599,7600,7594,7595,7596\"]","_links":{"self":[{"href":"https:\/\/sinprofaz.org.br\/2024\/wp-json\/wp\/v2\/posts\/7592"}],"collection":[{"href":"https:\/\/sinprofaz.org.br\/2024\/wp-json\/wp\/v2\/posts"}],"about":[{"href":"https:\/\/sinprofaz.org.br\/2024\/wp-json\/wp\/v2\/types\/post"}],"author":[{"embeddable":true,"href":"https:\/\/sinprofaz.org.br\/2024\/wp-json\/wp\/v2\/users\/2"}],"replies":[{"embeddable":true,"href":"https:\/\/sinprofaz.org.br\/2024\/wp-json\/wp\/v2\/comments?post=7592"}],"version-history":[{"count":1,"href":"https:\/\/sinprofaz.org.br\/2024\/wp-json\/wp\/v2\/posts\/7592\/revisions"}],"predecessor-version":[{"id":7602,"href":"https:\/\/sinprofaz.org.br\/2024\/wp-json\/wp\/v2\/posts\/7592\/revisions\/7602"}],"wp:featuredmedia":[{"embeddable":true,"href":"https:\/\/sinprofaz.org.br\/2024\/wp-json\/wp\/v2\/media\/7593"}],"wp:attachment":[{"href":"https:\/\/sinprofaz.org.br\/2024\/wp-json\/wp\/v2\/media?parent=7592"}],"wp:term":[{"taxonomy":"category","embeddable":true,"href":"https:\/\/sinprofaz.org.br\/2024\/wp-json\/wp\/v2\/categories?post=7592"},{"taxonomy":"post_tag","embeddable":true,"href":"https:\/\/sinprofaz.org.br\/2024\/wp-json\/wp\/v2\/tags?post=7592"}],"curies":[{"name":"wp","href":"https:\/\/api.w.org\/{rel}","templated":true}]}}