{"id":7582,"date":"2017-12-08T18:36:03","date_gmt":"2017-12-08T18:36:03","guid":{"rendered":"http:\/\/www.sinprofaz.org.br\/?p=7582"},"modified":"2017-12-12T15:21:27","modified_gmt":"2017-12-12T15:21:27","slug":"nota-publica","status":"publish","type":"post","link":"https:\/\/sinprofaz.org.br\/2024\/noticias\/nota-publica\/","title":{"rendered":"NOTA P\u00daBLICA"},"content":{"rendered":"<p>O F\u00f3rum Nacional Permanente de Carreiras T\u00edpicas de Estado &#8211; FONACATE, que representa mais de 200 mil servidores p\u00fablicos que desempenham atribui\u00e7\u00f5es imprescind\u00edveis ao Estado brasileiro, ligadas \u00e0s \u00e1reas de seguran\u00e7a p\u00fablica, fiscaliza\u00e7\u00e3o e regula\u00e7\u00e3o do mercado, minist\u00e9rio p\u00fablico, diplomacia, arrecada\u00e7\u00e3o e tributa\u00e7\u00e3o, prote\u00e7\u00e3o ao trabalhador e \u00e0 sa\u00fade p\u00fablica, intelig\u00eancia de Estado, formula\u00e7\u00e3o e implementa\u00e7\u00e3o de pol\u00edticas p\u00fablicas, com\u00e9rcio exterior, preven\u00e7\u00e3o e combate \u00e0 corrup\u00e7\u00e3o, fiscaliza\u00e7\u00e3o agropecu\u00e1ria, seguran\u00e7a jur\u00eddica e desenvolvimento econ\u00f4mico-social, vem manifestar o seu mais profundo rep\u00fadio \u00e0 mat\u00e9ria veiculada pelo Jornal Nacional na noite da \u00faltima ter\u00e7a-feira (5), que buscou \u201ccomparar\u201d os trabalhadores do setor p\u00fablico com os trabalhadores da iniciativa privada.<\/p>\n<p>Com uma s\u00e9rie de informa\u00e7\u00f5es contradit\u00f3rias e manipuladas, a reportagem tentou colocar os servidores p\u00fablicos e os trabalhadores da iniciativa privada em lados opostos, taxando os servidores como \u201cprivilegiados\u201d.<\/p>\n<p>Utilizando como base durante a reportagem, o relat\u00f3rio \u201cUm Ajuste Justo &#8211; An\u00e1lise da Efici\u00eancia e Equidade do Gasto P\u00fablico no Brasil\u201d, do Banco Mundial, o Jornal afirma que o servi\u00e7o p\u00fablico possui uma \u201celite\u201d na qual 83% dos servidores p\u00fablicos integram o \u201ctopo da pir\u00e2mide\u201d salarial do Brasil. O Legislativo, o Minist\u00e9rio P\u00fablico e o Judici\u00e1rio foram os principais alvos, em comparativos contendo informa\u00e7\u00f5es equivocadas e sem detalhamento dos valores utilizados nos c\u00e1lculos. A reportagem n\u00e3o esclarece, por exemplo, se os sal\u00e1rios dos parlamentares est\u00e3o inclu\u00eddos no c\u00e1lculo do sal\u00e1rio m\u00e9dio do Legislativo.<\/p>\n<p>Os trechos do relat\u00f3rio divulgados pela Globo concluem que o setor p\u00fablico \u00e9 caro e ineficaz, por meio de uma an\u00e1lise meramente quantitativa. Por conseguinte, conclui que, ao direcionar 13,1% do PIB para pagamento da folha do setor p\u00fablico, o funcionalismo contribui para a desigualdade social no pa\u00eds. De forma propositada, \u201cignora-se\u201d que tal desigualdade \u00e9 fortemente ocasionada pela grande explora\u00e7\u00e3o do trabalhador privado, muitas vezes submetidos a situa\u00e7\u00f5es an\u00e1logas a de escravo.<\/p>\n<p>O Jornal aponta como privil\u00e9gios do funcionalismo p\u00fablico os valores de sal\u00e1rio, os benef\u00edcios e a estabilidade. Intencionalmente n\u00e3o foi informado \u00e0 popula\u00e7\u00e3o que o funcionalismo possui a estabilidade (cada vez mais amea\u00e7ada) porque n\u00e3o recebe como contrapartida o Fundo de Garantia por Tempo de Servi\u00e7o (FGTS), benef\u00edcio exclusivo dos trabalhadores da iniciativa privada. Al\u00e9m disso, n\u00e3o informou que os trabalhadores do setor p\u00fablico continuam contribuindo para a previd\u00eancia, mesmo ap\u00f3s a aposentadoria, ao contr\u00e1rio do que acontece na iniciativa privada.<\/p>\n<p>A reportagem ignorou tamb\u00e9m que s\u00e3o estes servidores os respons\u00e1veis pela fiscaliza\u00e7\u00e3o e combate \u00e0 corrup\u00e7\u00e3o no Brasil, esta sim, respons\u00e1vel pelo desvio de bilh\u00f5es de reais dos cofres p\u00fablicos. A Globo buscou, mais uma vez, fazer uma campanha em prol do governo e dos setores que querem destruir o servi\u00e7o p\u00fablico brasileiro. Buscou demonstrar os servidores p\u00fablicos como privilegiados, ignorando a import\u00e2ncia desses trabalhadores para o funcionamento e desenvolvimento do pa\u00eds.<\/p>\n<p>Aos servidores compete prestar todos os servi\u00e7os essenciais \u00e0 popula\u00e7\u00e3o e \u00e0 sustenta\u00e7\u00e3o do Estado Democr\u00e1tico de Direito, e s\u00e3o exatamente esses servi\u00e7os p\u00fablicos que conseguem diminuir injustas diferen\u00e7as sociais e garantir dignidade ao povo brasileiro.<\/p>\n<p>A mesma emissora que antes disse \u00e0 sociedade ser fundamental aprovar uma emenda \u00e0 Constitui\u00e7\u00e3o Federal atrelando os investimentos em sa\u00fade, educa\u00e7\u00e3o e seguran\u00e7a ao \u00edndice de infla\u00e7\u00e3o, embora soubesse que o atendimento \u00e0s necessidades sociais nada tem a ver com \u00edndices de infla\u00e7\u00e3o, hoje mostra hospitais e escolas fechando e a inseguran\u00e7a crescendo por falta de recursos em virtude dessa emenda.<\/p>\n<p>O FONACATE e as entidades que o comp\u00f5em possuem compromisso com a verdade e n\u00e3o permitir\u00e3o que informa\u00e7\u00f5es falsas e desencontradas se perpetuem, colocando em xeque a credibilidade e a import\u00e2ncia do servi\u00e7o p\u00fablico.<\/p>\n<p>Atacar o servi\u00e7o p\u00fablico \u00e9 atacar o cidad\u00e3o brasileiro!<\/p>\n<p>Bras\u00edlia, 8 de dezembro de 2017.<\/p>\n<p>RUDINEI MARQUES<br \/>\nPresidente do F\u00f3rum Nacional Permanente de Carreiras T\u00edpicas de Estado<br \/>\nPresidente do UNACON SINDICAL \u2013 Sindicato Nacional dos Auditores e T\u00e9cnicos Federais de Finan\u00e7as e Controle<\/p>\n<p>PAULO MARTINS<br \/>\nSecret\u00e1rio-Geral do F\u00f3rum Nacional Permanente de Carreiras T\u00edpicas de Estado<br \/>\nPresidente da AUDITAR \u2013 Uni\u00e3o dos Auditores Federais de Controle Externo<\/p>\n<p style=\"text-align: center;\">Comp\u00f5em este F\u00f3rum:<\/p>\n<p style=\"text-align: center;\">AACE \u2013 Associa\u00e7\u00e3o dos Analistas de Com\u00e9rcio Exterior<br \/>\nADB \u2013 Associa\u00e7\u00e3o dos Diplomatas Brasileiros<br \/>\nADPF \u2013 Associa\u00e7\u00e3o Nacional dos Delegados de Pol\u00edcia Federal<br \/>\nAFIPEA SINDICAL \u2013 Sindicato Nacional dos Servidores do IPEA<br \/>\nANADEF \u2013 Associa\u00e7\u00e3o Nacional dos Defensores P\u00fablicos Federais<br \/>\nANADEP \u2013 Associa\u00e7\u00e3o Nacional dos Defensores P\u00fablicos<br \/>\nANAFE \u2013 Associa\u00e7\u00e3o Nacional dos Advogados P\u00fablicos Federais<br \/>\nANER \u2013 Associa\u00e7\u00e3o Nacional dos Servidores Efetivos das Ag\u00eancias Reguladoras Federais<br \/>\nANESP \u2013 Associa\u00e7\u00e3o Nacional dos Especialistas em Pol\u00edticas P\u00fablicas e Gest\u00e3o Governamental<br \/>\nANFFA SINDICAL \u2013 Sindicato Nacional dos Auditores Fiscais Federais Agropecu\u00e1rios<br \/>\nANFIP \u2013 Associa\u00e7\u00e3o Nacional dos Auditores Fiscais da Receita Federal do Brasil<br \/>\nAOFI \u2013 Associa\u00e7\u00e3o Nacional dos Oficiais de Intelig\u00eancia<br \/>\nAPCF \u2013 Associa\u00e7\u00e3o Nacional dos Peritos Criminais Federais do Departamento de Pol\u00edcia Federal<br \/>\nASSECOR \u2013 Associa\u00e7\u00e3o Nacional dos Servidores da Carreira de Planejamento e Or\u00e7amento<br \/>\nAUDITAR \u2013 Uni\u00e3o dos Auditores Federais de Controle Externo<br \/>\nCONAMP \u2013 Associa\u00e7\u00e3o Nacional dos Membros do Minist\u00e9rio P\u00fablico<br \/>\nFEBRAFITE \u2013 Federa\u00e7\u00e3o Brasileira de Associa\u00e7\u00f5es de Fiscais de Tributos Estaduais<br \/>\nFENAFIM \u2013 Federa\u00e7\u00e3o Nacional dos Auditores e Fiscais de Tributos Municipais<br \/>\nFENAFISCO \u2013 Federa\u00e7\u00e3o Nacional do Fisco Estadual e Distrital<br \/>\nSINAIT \u2013 Sindicato Nacional dos Auditores Fiscais do Trabalho<br \/>\nSINAL \u2013 Sindicato Nacional dos Funcion\u00e1rios do Banco Central<br \/>\nSINDCVM \u2013 Sindicato Nacional dos Servidores Federais Aut\u00e1rquicos nos Entes de Promo\u00e7\u00e3o e Fiscaliza\u00e7\u00e3o do Mercado de Valores Mobili\u00e1rios<br \/>\nSINDIFISCO NACIONAL \u2013 Sindicato Nacional dos Auditores Fiscais da Receita Federal do Brasil<br \/>\nSINDILEGIS \u2013 Sindicato dos Servidores do Poder Legislativo Federal e do TCU<br \/>\nSINDPFA \u2013 Sindicato Nacional dos Peritos Federais Agr\u00e1rios<br \/>\nSINDSUSEP \u2013 Sindicato Nacional dos Servidores Federais da Superintend\u00eancia de Seguros Privados<br \/>\nSINPROFAZ \u2013 Sindicato Nacional dos Procuradores da Fazenda Nacional<br \/>\nUNACON SINDICAL \u2013 Sindicato Nacional dos Auditores e T\u00e9cnicos Federais de Finan\u00e7as e Controle<br \/>\nUNAFISCO NACIONAL \u2013 Associa\u00e7\u00e3o Nacional dos Auditores Fiscais da Receita Federal do Brasil<\/p>\n","protected":false},"excerpt":{"rendered":"<p>O F\u00f3rum Nacional Permanente de Carreiras T\u00edpicas de Estado &#8211; FONACATE vem manifestar seu rep\u00fadio \u00e0 mat\u00e9ria veiculada pelo Jornal Nacional na ter\u00e7a-feira (5), que \u201ccomparou\u201d os trabalhadores do setor p\u00fablico com os trabalhadores da iniciativa privada.<\/p>\n","protected":false},"author":2,"featured_media":7583,"comment_status":"open","ping_status":"open","sticky":false,"template":"","format":"standard","meta":{"footnotes":""},"categories":[8],"tags":[32,122,25],"featured_image_url":"https:\/\/sinprofaz.org.br\/2024\/wp-content\/uploads\/2017\/12\/016-800x198.jpg","character_count":3477,"formatted_date":"08\/12\/2017 - 18:36","contentNovo":"O F\u00f3rum Nacional Permanente de Carreiras T\u00edpicas de Estado - FONACATE, que representa mais de 200 mil servidores p\u00fablicos que desempenham atribui\u00e7\u00f5es imprescind\u00edveis ao Estado brasileiro, ligadas \u00e0s \u00e1reas de seguran\u00e7a p\u00fablica, fiscaliza\u00e7\u00e3o e regula\u00e7\u00e3o do mercado, minist\u00e9rio p\u00fablico, diplomacia, arrecada\u00e7\u00e3o e tributa\u00e7\u00e3o, prote\u00e7\u00e3o ao trabalhador e \u00e0 sa\u00fade p\u00fablica, intelig\u00eancia de Estado, formula\u00e7\u00e3o e implementa\u00e7\u00e3o de pol\u00edticas p\u00fablicas, com\u00e9rcio exterior, preven\u00e7\u00e3o e combate \u00e0 corrup\u00e7\u00e3o, fiscaliza\u00e7\u00e3o agropecu\u00e1ria, seguran\u00e7a jur\u00eddica e desenvolvimento econ\u00f4mico-social, vem manifestar o seu mais profundo rep\u00fadio \u00e0 mat\u00e9ria veiculada pelo Jornal Nacional na noite da \u00faltima ter\u00e7a-feira (5), que buscou \u201ccomparar\u201d os trabalhadores do setor p\u00fablico com os trabalhadores da iniciativa privada.\r\n\r\nCom uma s\u00e9rie de informa\u00e7\u00f5es contradit\u00f3rias e manipuladas, a reportagem tentou colocar os servidores p\u00fablicos e os trabalhadores da iniciativa privada em lados opostos, taxando os servidores como \u201cprivilegiados\u201d.\r\n\r\nUtilizando como base durante a reportagem, o relat\u00f3rio \u201cUm Ajuste Justo - An\u00e1lise da Efici\u00eancia e Equidade do Gasto P\u00fablico no Brasil\u201d, do Banco Mundial, o Jornal afirma que o servi\u00e7o p\u00fablico possui uma \u201celite\u201d na qual 83% dos servidores p\u00fablicos integram o \u201ctopo da pir\u00e2mide\u201d salarial do Brasil. O Legislativo, o Minist\u00e9rio P\u00fablico e o Judici\u00e1rio foram os principais alvos, em comparativos contendo informa\u00e7\u00f5es equivocadas e sem detalhamento dos valores utilizados nos c\u00e1lculos. A reportagem n\u00e3o esclarece, por exemplo, se os sal\u00e1rios dos parlamentares est\u00e3o inclu\u00eddos no c\u00e1lculo do sal\u00e1rio m\u00e9dio do Legislativo.\r\n\r\nOs trechos do relat\u00f3rio divulgados pela Globo concluem que o setor p\u00fablico \u00e9 caro e ineficaz, por meio de uma an\u00e1lise meramente quantitativa. Por conseguinte, conclui que, ao direcionar 13,1% do PIB para pagamento da folha do setor p\u00fablico, o funcionalismo contribui para a desigualdade social no pa\u00eds. De forma propositada, \u201cignora-se\u201d que tal desigualdade \u00e9 fortemente ocasionada pela grande explora\u00e7\u00e3o do trabalhador privado, muitas vezes submetidos a situa\u00e7\u00f5es an\u00e1logas a de escravo.\r\n\r\nO Jornal aponta como privil\u00e9gios do funcionalismo p\u00fablico os valores de sal\u00e1rio, os benef\u00edcios e a estabilidade. Intencionalmente n\u00e3o foi informado \u00e0 popula\u00e7\u00e3o que o funcionalismo possui a estabilidade (cada vez mais amea\u00e7ada) porque n\u00e3o recebe como contrapartida o Fundo de Garantia por Tempo de Servi\u00e7o (FGTS), benef\u00edcio exclusivo dos trabalhadores da iniciativa privada. Al\u00e9m disso, n\u00e3o informou que os trabalhadores do setor p\u00fablico continuam contribuindo para a previd\u00eancia, mesmo ap\u00f3s a aposentadoria, ao contr\u00e1rio do que acontece na iniciativa privada.\r\n\r\nA reportagem ignorou tamb\u00e9m que s\u00e3o estes servidores os respons\u00e1veis pela fiscaliza\u00e7\u00e3o e combate \u00e0 corrup\u00e7\u00e3o no Brasil, esta sim, respons\u00e1vel pelo desvio de bilh\u00f5es de reais dos cofres p\u00fablicos. A Globo buscou, mais uma vez, fazer uma campanha em prol do governo e dos setores que querem destruir o servi\u00e7o p\u00fablico brasileiro. Buscou demonstrar os servidores p\u00fablicos como privilegiados, ignorando a import\u00e2ncia desses trabalhadores para o funcionamento e desenvolvimento do pa\u00eds.\r\n\r\nAos servidores compete prestar todos os servi\u00e7os essenciais \u00e0 popula\u00e7\u00e3o e \u00e0 sustenta\u00e7\u00e3o do Estado Democr\u00e1tico de Direito, e s\u00e3o exatamente esses servi\u00e7os p\u00fablicos que conseguem diminuir injustas diferen\u00e7as sociais e garantir dignidade ao povo brasileiro.\r\n\r\nA mesma emissora que antes disse \u00e0 sociedade ser fundamental aprovar uma emenda \u00e0 Constitui\u00e7\u00e3o Federal atrelando os investimentos em sa\u00fade, educa\u00e7\u00e3o e seguran\u00e7a ao \u00edndice de infla\u00e7\u00e3o, embora soubesse que o atendimento \u00e0s necessidades sociais nada tem a ver com \u00edndices de infla\u00e7\u00e3o, hoje mostra hospitais e escolas fechando e a inseguran\u00e7a crescendo por falta de recursos em virtude dessa emenda.\r\n\r\nO FONACATE e as entidades que o comp\u00f5em possuem compromisso com a verdade e n\u00e3o permitir\u00e3o que informa\u00e7\u00f5es falsas e desencontradas se perpetuem, colocando em xeque a credibilidade e a import\u00e2ncia do servi\u00e7o p\u00fablico.\r\n\r\nAtacar o servi\u00e7o p\u00fablico \u00e9 atacar o cidad\u00e3o brasileiro!\r\n\r\nBras\u00edlia, 8 de dezembro de 2017.\r\n\r\nRUDINEI MARQUES\r\nPresidente do F\u00f3rum Nacional Permanente de Carreiras T\u00edpicas de Estado\r\nPresidente do UNACON SINDICAL \u2013 Sindicato Nacional dos Auditores e T\u00e9cnicos Federais de Finan\u00e7as e Controle\r\n\r\nPAULO MARTINS\r\nSecret\u00e1rio-Geral do F\u00f3rum Nacional Permanente de Carreiras T\u00edpicas de Estado\r\nPresidente da AUDITAR \u2013 Uni\u00e3o dos Auditores Federais de Controle Externo\r\n<p style=\"text-align: center;\">Comp\u00f5em este F\u00f3rum:<\/p>\r\n<p style=\"text-align: center;\">AACE \u2013 Associa\u00e7\u00e3o dos Analistas de Com\u00e9rcio Exterior\r\nADB \u2013 Associa\u00e7\u00e3o dos Diplomatas Brasileiros\r\nADPF \u2013 Associa\u00e7\u00e3o Nacional dos Delegados de Pol\u00edcia Federal\r\nAFIPEA SINDICAL \u2013 Sindicato Nacional dos Servidores do IPEA\r\nANADEF \u2013 Associa\u00e7\u00e3o Nacional dos Defensores P\u00fablicos Federais\r\nANADEP \u2013 Associa\u00e7\u00e3o Nacional dos Defensores P\u00fablicos\r\nANAFE \u2013 Associa\u00e7\u00e3o Nacional dos Advogados P\u00fablicos Federais\r\nANER \u2013 Associa\u00e7\u00e3o Nacional dos Servidores Efetivos das Ag\u00eancias Reguladoras Federais\r\nANESP \u2013 Associa\u00e7\u00e3o Nacional dos Especialistas em Pol\u00edticas P\u00fablicas e Gest\u00e3o Governamental\r\nANFFA SINDICAL \u2013 Sindicato Nacional dos Auditores Fiscais Federais Agropecu\u00e1rios\r\nANFIP \u2013 Associa\u00e7\u00e3o Nacional dos Auditores Fiscais da Receita Federal do Brasil\r\nAOFI \u2013 Associa\u00e7\u00e3o Nacional dos Oficiais de Intelig\u00eancia\r\nAPCF \u2013 Associa\u00e7\u00e3o Nacional dos Peritos Criminais Federais do Departamento de Pol\u00edcia Federal\r\nASSECOR \u2013 Associa\u00e7\u00e3o Nacional dos Servidores da Carreira de Planejamento e Or\u00e7amento\r\nAUDITAR \u2013 Uni\u00e3o dos Auditores Federais de Controle Externo\r\nCONAMP \u2013 Associa\u00e7\u00e3o Nacional dos Membros do Minist\u00e9rio P\u00fablico\r\nFEBRAFITE \u2013 Federa\u00e7\u00e3o Brasileira de Associa\u00e7\u00f5es de Fiscais de Tributos Estaduais\r\nFENAFIM \u2013 Federa\u00e7\u00e3o Nacional dos Auditores e Fiscais de Tributos Municipais\r\nFENAFISCO \u2013 Federa\u00e7\u00e3o Nacional do Fisco Estadual e Distrital\r\nSINAIT \u2013 Sindicato Nacional dos Auditores Fiscais do Trabalho\r\nSINAL \u2013 Sindicato Nacional dos Funcion\u00e1rios do Banco Central\r\nSINDCVM \u2013 Sindicato Nacional dos Servidores Federais Aut\u00e1rquicos nos Entes de Promo\u00e7\u00e3o e Fiscaliza\u00e7\u00e3o do Mercado de Valores Mobili\u00e1rios\r\nSINDIFISCO NACIONAL \u2013 Sindicato Nacional dos Auditores Fiscais da Receita Federal do Brasil\r\nSINDILEGIS \u2013 Sindicato dos Servidores do Poder Legislativo Federal e do TCU\r\nSINDPFA \u2013 Sindicato Nacional dos Peritos Federais Agr\u00e1rios\r\nSINDSUSEP \u2013 Sindicato Nacional dos Servidores Federais da Superintend\u00eancia de Seguros Privados\r\nSINPROFAZ \u2013 Sindicato Nacional dos Procuradores da Fazenda Nacional\r\nUNACON SINDICAL \u2013 Sindicato Nacional dos Auditores e T\u00e9cnicos Federais de Finan\u00e7as e Controle\r\nUNAFISCO NACIONAL \u2013 Associa\u00e7\u00e3o Nacional dos Auditores Fiscais da Receita Federal do Brasil<\/p>","_links":{"self":[{"href":"https:\/\/sinprofaz.org.br\/2024\/wp-json\/wp\/v2\/posts\/7582"}],"collection":[{"href":"https:\/\/sinprofaz.org.br\/2024\/wp-json\/wp\/v2\/posts"}],"about":[{"href":"https:\/\/sinprofaz.org.br\/2024\/wp-json\/wp\/v2\/types\/post"}],"author":[{"embeddable":true,"href":"https:\/\/sinprofaz.org.br\/2024\/wp-json\/wp\/v2\/users\/2"}],"replies":[{"embeddable":true,"href":"https:\/\/sinprofaz.org.br\/2024\/wp-json\/wp\/v2\/comments?post=7582"}],"version-history":[{"count":2,"href":"https:\/\/sinprofaz.org.br\/2024\/wp-json\/wp\/v2\/posts\/7582\/revisions"}],"predecessor-version":[{"id":7585,"href":"https:\/\/sinprofaz.org.br\/2024\/wp-json\/wp\/v2\/posts\/7582\/revisions\/7585"}],"wp:featuredmedia":[{"embeddable":true,"href":"https:\/\/sinprofaz.org.br\/2024\/wp-json\/wp\/v2\/media\/7583"}],"wp:attachment":[{"href":"https:\/\/sinprofaz.org.br\/2024\/wp-json\/wp\/v2\/media?parent=7582"}],"wp:term":[{"taxonomy":"category","embeddable":true,"href":"https:\/\/sinprofaz.org.br\/2024\/wp-json\/wp\/v2\/categories?post=7582"},{"taxonomy":"post_tag","embeddable":true,"href":"https:\/\/sinprofaz.org.br\/2024\/wp-json\/wp\/v2\/tags?post=7582"}],"curies":[{"name":"wp","href":"https:\/\/api.w.org\/{rel}","templated":true}]}}