{"id":758,"date":"2012-05-01T15:14:38","date_gmt":"2012-05-01T15:14:38","guid":{"rendered":""},"modified":"-0001-11-30T00:00:00","modified_gmt":"-0001-11-30T03:00:00","slug":"oab-df-e-as-causas-da-advocacia-publica-federal","status":"publish","type":"post","link":"https:\/\/sinprofaz.org.br\/2024\/noticias\/oab-df-e-as-causas-da-advocacia-publica-federal\/","title":{"rendered":"OAB-DF e as causas da Advocacia P\u00fablica Federal"},"content":{"rendered":"<p>Em entrevista para a revista Justi\u00e7a Fiscal que circular\u00e1 em breve, o presidente da OAB-DF, Francisco Caputo, confirma que os pleitos da Advocacia P\u00fablica s\u00e3o conduzidos com o mesmo grau de import\u00e2ncia das demandas dos advogados privados.<\/p>\n<p>\u201cTive oportunidade de conhecer mais a fundo a realidade da Advocacia P\u00fablica e me despi de qualquer preconceito que poderia haver por parte da advocacia privada\u201d. Os contatos, cada vez mais constantes com os dirigentes das carreiras, refor\u00e7aram a opini\u00e3o de Caputo sobre a Fun\u00e7\u00e3o Essencial \u00e0 Justi\u00e7a que os advogados p\u00fablicos exercem.<\/p>\n<p>Logo que assumiu a gest\u00e3o da Ordem em 2011, Caputo decidiu abra\u00e7ar as principais bandeiras da Advocacia P\u00fablica Federal notadamente a necessidade de percep\u00e7\u00e3o de honor\u00e1rios de sucumb\u00eancia.<\/p>\n<p>\u201cIsso \u00e9 uma garantia legal, est\u00e1 na lei, no Estatuto da Advocacia e da OAB, assim como a quest\u00e3o da independ\u00eancia t\u00e9cnica, que precisamos garantir a todos os advogados, p\u00fablicos e privados\u201d.<\/p>\n<p>E disse ainda: \u201ctemos que buscar tamb\u00e9m a valoriza\u00e7\u00e3o constante das carreiras, inclusive para assegurar as prerrogativas inerentes a essas carreiras p\u00fablicas como prazos diferenciados em face do volume de trabalho e da relev\u00e2ncia do servi\u00e7o que \u00e9 feito para a sociedade e o Estado brasileiro\u201d.<\/p>\n<p>O comprometimento da OAB-DF tamb\u00e9m se faz presente neste momento decisivo da campanha salarial. O ato p\u00fablico do \u00faltimo dia 25 de abril na sede da AGU contou com o apoio da Ordem. O SINPROFAZ conclama aos Procuradores da Fazenda que busquem ou consolidem a ades\u00e3o das seccionais da Ordem nos respectivos estados de lota\u00e7\u00e3o.<\/p>\n<p>Dia 9 de maio est\u00e1 chegando. Mobilize os colegas de sua unidade. Participe do Dia Nacional de Paralisa\u00e7\u00e3o de Advert\u00eancia!<\/p>\n<p style=\"margin-top: 80px; text-align: center;\"><img decoding=\"async\" title=\"Mobiliza\u00e7\u00e3o\" alt=\"Banner Mobiliza\u00e7\u00e3o\" src=\"\/images\/noticias\/mobilizacao.gif\" \/><\/p>\n","protected":false},"excerpt":{"rendered":"<p>Os dirigentes da Ordem no Distrito Federal apoiam as causas dos advogados p\u00fablicos federais e tem atuado para a melhoria das condi\u00e7\u00f5es de trabalho dos membros das carreiras da AGU.<\/p>\n","protected":false},"author":1,"featured_media":0,"comment_status":"closed","ping_status":"open","sticky":false,"template":"","format":"standard","meta":{"footnotes":""},"categories":[8],"tags":[],"featured_image_url":"https:\/\/dummyimage.com\/720x400","character_count":875,"formatted_date":"01\/05\/2012 - 15:14","contentNovo":"\r\n<p>Em entrevista para a revista Justi\u00e7a Fiscal que circular\u00e1 em breve, o presidente da OAB-DF, Francisco Caputo, confirma que os pleitos da Advocacia P\u00fablica s\u00e3o conduzidos com o mesmo grau de import\u00e2ncia das demandas dos advogados privados.<\/p>\r\n<p>\u201cTive oportunidade de conhecer mais a fundo a realidade da Advocacia P\u00fablica e me despi de qualquer preconceito que poderia haver por parte da advocacia privada\u201d. Os contatos, cada vez mais constantes com os dirigentes das carreiras, refor\u00e7aram a opini\u00e3o de Caputo sobre a Fun\u00e7\u00e3o Essencial \u00e0 Justi\u00e7a que os advogados p\u00fablicos exercem.<\/p>\r\n<p>Logo que assumiu a gest\u00e3o da Ordem em 2011, Caputo decidiu abra\u00e7ar as principais bandeiras da Advocacia P\u00fablica Federal notadamente a necessidade de percep\u00e7\u00e3o de honor\u00e1rios de sucumb\u00eancia.<\/p>\r\n<p>\u201cIsso \u00e9 uma garantia legal, est\u00e1 na lei, no Estatuto da Advocacia e da OAB, assim como a quest\u00e3o da independ\u00eancia t\u00e9cnica, que precisamos garantir a todos os advogados, p\u00fablicos e privados\u201d.<\/p>\r\n<p>E disse ainda: \u201ctemos que buscar tamb\u00e9m a valoriza\u00e7\u00e3o constante das carreiras, inclusive para assegurar as prerrogativas inerentes a essas carreiras p\u00fablicas como prazos diferenciados em face do volume de trabalho e da relev\u00e2ncia do servi\u00e7o que \u00e9 feito para a sociedade e o Estado brasileiro\u201d.<\/p>\r\n<p>O comprometimento da OAB-DF tamb\u00e9m se faz presente neste momento decisivo da campanha salarial. O ato p\u00fablico do \u00faltimo dia 25 de abril na sede da AGU contou com o apoio da Ordem. O SINPROFAZ conclama aos Procuradores da Fazenda que busquem ou consolidem a ades\u00e3o das seccionais da Ordem nos respectivos estados de lota\u00e7\u00e3o.<\/p>\r\n<p>Dia 9 de maio est\u00e1 chegando. Mobilize os colegas de sua unidade. Participe do Dia Nacional de Paralisa\u00e7\u00e3o de Advert\u00eancia!<\/p>\r\n<p style=\"margin-top: 80px; text-align: center;\"><\/p>","_links":{"self":[{"href":"https:\/\/sinprofaz.org.br\/2024\/wp-json\/wp\/v2\/posts\/758"}],"collection":[{"href":"https:\/\/sinprofaz.org.br\/2024\/wp-json\/wp\/v2\/posts"}],"about":[{"href":"https:\/\/sinprofaz.org.br\/2024\/wp-json\/wp\/v2\/types\/post"}],"author":[{"embeddable":true,"href":"https:\/\/sinprofaz.org.br\/2024\/wp-json\/wp\/v2\/users\/1"}],"replies":[{"embeddable":true,"href":"https:\/\/sinprofaz.org.br\/2024\/wp-json\/wp\/v2\/comments?post=758"}],"version-history":[{"count":0,"href":"https:\/\/sinprofaz.org.br\/2024\/wp-json\/wp\/v2\/posts\/758\/revisions"}],"wp:attachment":[{"href":"https:\/\/sinprofaz.org.br\/2024\/wp-json\/wp\/v2\/media?parent=758"}],"wp:term":[{"taxonomy":"category","embeddable":true,"href":"https:\/\/sinprofaz.org.br\/2024\/wp-json\/wp\/v2\/categories?post=758"},{"taxonomy":"post_tag","embeddable":true,"href":"https:\/\/sinprofaz.org.br\/2024\/wp-json\/wp\/v2\/tags?post=758"}],"curies":[{"name":"wp","href":"https:\/\/api.w.org\/{rel}","templated":true}]}}