{"id":7557,"date":"2017-12-01T19:03:10","date_gmt":"2017-12-01T19:03:10","guid":{"rendered":"http:\/\/www.sinprofaz.org.br\/?p=7557"},"modified":"2017-12-05T13:42:35","modified_gmt":"2017-12-05T13:42:35","slug":"disponibilizado-material-grafico-para-atuacao-parlamentar-contra-reforma-da-previdencia","status":"publish","type":"post","link":"https:\/\/sinprofaz.org.br\/2024\/noticias\/disponibilizado-material-grafico-para-atuacao-parlamentar-contra-reforma-da-previdencia\/","title":{"rendered":"DISPONIBILIZADO MATERIAL GR\u00c1FICO PARA ATUA\u00c7\u00c3O PARLAMENTAR CONTRA REFORMA DA PREVID\u00caNCIA"},"content":{"rendered":"<p>O Fonacate, f\u00f3rum que re\u00fane o SINPROFAZ e demais entidades representativas das carreiras de Estado, lan\u00e7ou uma campanha institucional contra a reforma da Previd\u00eancia. O movimento se contrap\u00f5e \u00e0 mentirosa propaganda do governo Temer, que promove um ataque sem precedentes aos servidores p\u00fablicos. Assista ao v\u00eddeo aqui: <a href=\"http:\/\/goo.gl\/6E2gAr\" rel=\"noopener\" target=\"_blank\">goo.gl\/6E2gAr<\/a><\/p>\n<p>Foi produzido tamb\u00e9m material gr\u00e1fico que cont\u00e9m uma an\u00e1lise, elaborada pelas entidades, da emenda aglutinativa \u00e0 PEC 287\/16 &#8211; emenda que representa uma farsa, pois mant\u00e9m as aberra\u00e7\u00f5es do texto original. O folder pode ser impresso e contribuir com o trabalho parlamentar nas bases. Fa\u00e7a <a href=\"http:\/\/www.sinprofaz.org.br\/pdfs\/reforma_da_previdencia.pdf\" rel=\"noopener\" target=\"_blank\">aqui<\/a> o download do material.<\/p>\n","protected":false},"excerpt":{"rendered":"<p>O Fonacate, f\u00f3rum que re\u00fane o SINPROFAZ e demais entidades representativas das carreiras de Estado, lan\u00e7ou uma campanha contra a reforma da Previd\u00eancia. O movimento se contrap\u00f5e \u00e0 mentirosa propaganda do governo que ataca os servidores p\u00fablicos.<\/p>\n","protected":false},"author":2,"featured_media":7558,"comment_status":"open","ping_status":"open","sticky":false,"template":"","format":"standard","meta":{"footnotes":""},"categories":[8],"tags":[122,77,25],"featured_image_url":"https:\/\/sinprofaz.org.br\/2024\/wp-content\/uploads\/2017\/12\/Fonacate-800x198.jpg","character_count":337,"formatted_date":"01\/12\/2017 - 19:03","contentNovo":"O Fonacate, f\u00f3rum que re\u00fane o SINPROFAZ e demais entidades representativas das carreiras de Estado, lan\u00e7ou uma campanha institucional contra a reforma da Previd\u00eancia. O movimento se contrap\u00f5e \u00e0 mentirosa propaganda do governo Temer, que promove um ataque sem precedentes aos servidores p\u00fablicos. Assista ao v\u00eddeo aqui: <a href=\"http:\/\/goo.gl\/6E2gAr\" rel=\"noopener\" target=\"_blank\">goo.gl\/6E2gAr<\/a>\r\n\r\nFoi produzido tamb\u00e9m material gr\u00e1fico que cont\u00e9m uma an\u00e1lise, elaborada pelas entidades, da emenda aglutinativa \u00e0 PEC 287\/16 - emenda que representa uma farsa, pois mant\u00e9m as aberra\u00e7\u00f5es do texto original. O folder pode ser impresso e contribuir com o trabalho parlamentar nas bases. Fa\u00e7a <a href=\"http:\/\/www.sinprofaz.org.br\/pdfs\/reforma_da_previdencia.pdf\" rel=\"noopener\" target=\"_blank\">aqui<\/a> o download do material.","_links":{"self":[{"href":"https:\/\/sinprofaz.org.br\/2024\/wp-json\/wp\/v2\/posts\/7557"}],"collection":[{"href":"https:\/\/sinprofaz.org.br\/2024\/wp-json\/wp\/v2\/posts"}],"about":[{"href":"https:\/\/sinprofaz.org.br\/2024\/wp-json\/wp\/v2\/types\/post"}],"author":[{"embeddable":true,"href":"https:\/\/sinprofaz.org.br\/2024\/wp-json\/wp\/v2\/users\/2"}],"replies":[{"embeddable":true,"href":"https:\/\/sinprofaz.org.br\/2024\/wp-json\/wp\/v2\/comments?post=7557"}],"version-history":[{"count":1,"href":"https:\/\/sinprofaz.org.br\/2024\/wp-json\/wp\/v2\/posts\/7557\/revisions"}],"predecessor-version":[{"id":7559,"href":"https:\/\/sinprofaz.org.br\/2024\/wp-json\/wp\/v2\/posts\/7557\/revisions\/7559"}],"wp:featuredmedia":[{"embeddable":true,"href":"https:\/\/sinprofaz.org.br\/2024\/wp-json\/wp\/v2\/media\/7558"}],"wp:attachment":[{"href":"https:\/\/sinprofaz.org.br\/2024\/wp-json\/wp\/v2\/media?parent=7557"}],"wp:term":[{"taxonomy":"category","embeddable":true,"href":"https:\/\/sinprofaz.org.br\/2024\/wp-json\/wp\/v2\/categories?post=7557"},{"taxonomy":"post_tag","embeddable":true,"href":"https:\/\/sinprofaz.org.br\/2024\/wp-json\/wp\/v2\/tags?post=7557"}],"curies":[{"name":"wp","href":"https:\/\/api.w.org\/{rel}","templated":true}]}}