{"id":752,"date":"2012-04-26T18:05:15","date_gmt":"2012-04-26T18:05:15","guid":{"rendered":""},"modified":"-0001-11-30T00:00:00","modified_gmt":"-0001-11-30T03:00:00","slug":"pgfn-registra-apoio-a-pec-443","status":"publish","type":"post","link":"https:\/\/sinprofaz.org.br\/2024\/noticias\/pgfn-registra-apoio-a-pec-443\/","title":{"rendered":"PGFN registra apoio \u00e0 PEC 443"},"content":{"rendered":"<p>O of\u00edcio, assinado pela Procuradora-Geral e pelos Procuradores-Gerais Adjuntos, faz considera\u00e7\u00f5es a todos os pleitos da carreira, ratificados na \u00faltima Assembleia Geral Ordin\u00e1ria realizada pelo Sindicato no dia 31 de mar\u00e7o.<\/p>\n<p>Entre os itens do of\u00edcio, merece destaque o apoio da Procuradora-Geral e seus Adjuntos \u00e0 aprova\u00e7\u00e3o da PEC 443\/09, ante a necessidade de haver um tratamento ison\u00f4mico entre as Fun\u00e7\u00f5es Essenciais \u00e0 Justi\u00e7a, seja na quest\u00e3o remunerat\u00f3ria seja no que diz respeito \u00e0 estrutura e prerrogativas, conforme prev\u00ea a Constitui\u00e7\u00e3o.<\/p>\n<p>Este apoio est\u00e1 registrado nos \u00faltimos dois itens do of\u00edcio:<\/p>\n<p>Item 44: \u201cSem estrutura e remunera\u00e7\u00e3o adequadas, as in\u00fameras investidas em prol da moderniza\u00e7\u00e3o do Poder Judici\u00e1rio n\u00e3o atingir\u00e3o todo o seu potencial, j\u00e1 que encontrar\u00e3o gargalos muito profundos dentre aqueles que mais movimentam a m\u00e1quina judici\u00e1ria\u201d.<\/p>\n<p>Item 45: \u201cA PEC 443\/09 bem retrata essa realidade, por essa raz\u00e3o, apoiamos o projeto de Emenda, na esperan\u00e7a de que o constituinte derivado atenda aos anseios da sociedade brasileira, compreendendo que a justi\u00e7a c\u00e9lere passa pelo aparelhamento da Advocacia P\u00fablica, seja sob o aspecto remunerat\u00f3rio, seja pelo aspecto estrutural\u201d.<\/p>\n<p><a title=\"Of\u00edcio n\u00ba 1034\" href=\"images\/stories\/meu_espaco\/oficios-recebidos\/oficio-n1034-2012pgfn-allan-titonelli-nunes.pdf\" target=\"_blank\">Veja aqui<\/a> a \u00edntegra do Of\u00edcio.<\/p>\n<p style=\"margin-top: 80px; text-align: center;\"><img decoding=\"async\" title=\"Mobiliza\u00e7\u00e3o\" alt=\"Banner Mobiliza\u00e7\u00e3o\" src=\"\/images\/noticias\/mobilizacao.gif\" \/><\/p>\n","protected":false},"excerpt":{"rendered":"<p>Nesta quarta-feira, 25\/04, o SINPROFAZ recebeu resposta oficial da PGFN \u00e0s cobran\u00e7as da carreira expostas \u00e0 Procuradora-Geral em reuni\u00e3o com membros da Diretoria.<\/p>\n","protected":false},"author":1,"featured_media":0,"comment_status":"closed","ping_status":"open","sticky":false,"template":"","format":"standard","meta":{"footnotes":""},"categories":[8],"tags":[],"featured_image_url":"https:\/\/dummyimage.com\/720x400","character_count":638,"formatted_date":"26\/04\/2012 - 18:05","contentNovo":"\r\n<p>O of\u00edcio, assinado pela Procuradora-Geral e pelos Procuradores-Gerais Adjuntos, faz considera\u00e7\u00f5es a todos os pleitos da carreira, ratificados na \u00faltima Assembleia Geral Ordin\u00e1ria realizada pelo Sindicato no dia 31 de mar\u00e7o.<\/p>\r\n<p>Entre os itens do of\u00edcio, merece destaque o apoio da Procuradora-Geral e seus Adjuntos \u00e0 aprova\u00e7\u00e3o da PEC 443\/09, ante a necessidade de haver um tratamento ison\u00f4mico entre as Fun\u00e7\u00f5es Essenciais \u00e0 Justi\u00e7a, seja na quest\u00e3o remunerat\u00f3ria seja no que diz respeito \u00e0 estrutura e prerrogativas, conforme prev\u00ea a Constitui\u00e7\u00e3o.<\/p>\r\n<p>Este apoio est\u00e1 registrado nos \u00faltimos dois itens do of\u00edcio:<\/p>\r\n<p>Item 44: \u201cSem estrutura e remunera\u00e7\u00e3o adequadas, as in\u00fameras investidas em prol da moderniza\u00e7\u00e3o do Poder Judici\u00e1rio n\u00e3o atingir\u00e3o todo o seu potencial, j\u00e1 que encontrar\u00e3o gargalos muito profundos dentre aqueles que mais movimentam a m\u00e1quina judici\u00e1ria\u201d.<\/p>\r\n<p>Item 45: \u201cA PEC 443\/09 bem retrata essa realidade, por essa raz\u00e3o, apoiamos o projeto de Emenda, na esperan\u00e7a de que o constituinte derivado atenda aos anseios da sociedade brasileira, compreendendo que a justi\u00e7a c\u00e9lere passa pelo aparelhamento da Advocacia P\u00fablica, seja sob o aspecto remunerat\u00f3rio, seja pelo aspecto estrutural\u201d.<\/p>\r\n<p><a title=\"Of\u00edcio n\u00ba 1034\" href=\"images\/stories\/meu_espaco\/oficios-recebidos\/oficio-n1034-2012pgfn-allan-titonelli-nunes.pdf\" target=\"_blank\">Veja aqui<\/a> a \u00edntegra do Of\u00edcio.<\/p>\r\n<p style=\"margin-top: 80px; text-align: center;\"><\/p>","_links":{"self":[{"href":"https:\/\/sinprofaz.org.br\/2024\/wp-json\/wp\/v2\/posts\/752"}],"collection":[{"href":"https:\/\/sinprofaz.org.br\/2024\/wp-json\/wp\/v2\/posts"}],"about":[{"href":"https:\/\/sinprofaz.org.br\/2024\/wp-json\/wp\/v2\/types\/post"}],"author":[{"embeddable":true,"href":"https:\/\/sinprofaz.org.br\/2024\/wp-json\/wp\/v2\/users\/1"}],"replies":[{"embeddable":true,"href":"https:\/\/sinprofaz.org.br\/2024\/wp-json\/wp\/v2\/comments?post=752"}],"version-history":[{"count":0,"href":"https:\/\/sinprofaz.org.br\/2024\/wp-json\/wp\/v2\/posts\/752\/revisions"}],"wp:attachment":[{"href":"https:\/\/sinprofaz.org.br\/2024\/wp-json\/wp\/v2\/media?parent=752"}],"wp:term":[{"taxonomy":"category","embeddable":true,"href":"https:\/\/sinprofaz.org.br\/2024\/wp-json\/wp\/v2\/categories?post=752"},{"taxonomy":"post_tag","embeddable":true,"href":"https:\/\/sinprofaz.org.br\/2024\/wp-json\/wp\/v2\/tags?post=752"}],"curies":[{"name":"wp","href":"https:\/\/api.w.org\/{rel}","templated":true}]}}