{"id":749,"date":"2012-04-26T00:20:50","date_gmt":"2012-04-26T00:20:50","guid":{"rendered":""},"modified":"-0001-11-30T00:00:00","modified_gmt":"-0001-11-30T03:00:00","slug":"mais-de-200-advogados-publicos-federais-protestaram-na-sede-da-agu","status":"publish","type":"post","link":"https:\/\/sinprofaz.org.br\/2024\/noticias\/mais-de-200-advogados-publicos-federais-protestaram-na-sede-da-agu\/","title":{"rendered":"Mais de 200 Advogados P\u00fablicos Federais protestaram na sede da AGU"},"content":{"rendered":"<p><img loading=\"lazy\" decoding=\"async\" style=\"margin-right: 10px; border: 1px solid #000000; float: left;\" alt=\"Mais de 200 Advogados P\u00fablicos Federais protestaram na sede da AGU\" src=\"images\/noticias\/manifestacao-frente-agu-04-2012\/manifestacao-agu042012-03.jpg\" height=\"154\" width=\"218\" \/>A manifesta\u00e7\u00e3o ocorreu na tarde desta quarta-feira, 25 de abril, e contou a presen\u00e7a de cerca de 50 Procuradores da Fazenda lotados em Bras\u00edlia e tamb\u00e9m vindos de outros estados.<\/p>\n<p>O ato p\u00fablico, organizado pelo F\u00f3rum Nacional da Advocacia P\u00fablica Federal, em conjunto com a Unafe e Anadef, contou ainda com ades\u00e3o da Anauni. Durante toda a tarde, quando foi distribu\u00eddo material com os pleitos das carreiras, as lideran\u00e7as sindicais e associativas se dirigiram publicamente, por meio de carro de som, ao Advogado-Geral da Uni\u00e3o, Lu\u00eds In\u00e1cio Lucena Adams, cobrando seu engajamento com a pauta de reivindica\u00e7\u00f5es apresentada pelas entidades.<\/p>\n<p>O presidente do SINPROFAZ e do F\u00f3rum Nacional, Allan Titonelli, enfatizou o descontentamento das carreiras com os sal\u00e1rios congelados, estrutura sucateada e falta de carreira de apoio, requerendo e exigindo manifesta\u00e7\u00f5es p\u00fablicas da c\u00fapula da AGU em torno dos pleitos e problemas que afligem as categorias.<\/p>\n<p>No encerramento da manifesta\u00e7\u00e3o, os representantes das entidades da Advocacia P\u00fablica Federal protocolaram uma carta p\u00fablica dirigida ao AGU com diagn\u00f3stico da situa\u00e7\u00e3o prec\u00e1ria da institui\u00e7\u00e3o e reiterando o atendimento das reivindica\u00e7\u00f5es.<\/p>\n<p>A realidade da AGU requer medidas concretas, com cronogramas p\u00fablicos em rela\u00e7\u00e3o \u00e0s diversas cobran\u00e7as das carreiras. A manifesta\u00e7\u00e3o de hoje, reunindo todas as entidades representativas da Advocacia P\u00fablica Federal, al\u00e9m de simbolizar a unidade de a\u00e7\u00e3o dos advogados p\u00fablicos, \u00e9 uma demonstra\u00e7\u00e3o de maturidade e de consenso sobre as lacunas e omiss\u00f5es do governo federal que ainda impedem o tratamento ison\u00f4mico entre as Fun\u00e7\u00f5es Essenciais \u00e0 Justi\u00e7a.<\/p>\n<p>O SINPROFAZ e o F\u00f3rum Nacional da Advocacia P\u00fablica Federal convocam os membros das carreiras do sistema AGU para o Dia Nacional de Paralisa\u00e7\u00e3o de Advert\u00eancia marcado para 9 de maio. As a\u00e7\u00f5es v\u00e3o ocorrer em Bras\u00edlia e nas unidades da PGFN e da AGU nos estados.<\/p>\n<p>Na mesma data, tamb\u00e9m haver\u00e1 paralisa\u00e7\u00e3o nacional de advert\u00eancia por 24 horas das carreiras de Delegados e Peritos da PF, Auditores do Fisco e Trabalho e Carreiras do Ciclo de Gest\u00e3o.<\/p>\n<div style=\"text-align: center;\">\n<p><img loading=\"lazy\" decoding=\"async\" style=\"margin-right: 5px; border: 1px solid #000000;\" alt=\"Mais de 200 Advogados P\u00fablicos Federais protestaram na sede da AGU\" src=\"images\/noticias\/manifestacao-frente-agu-04-2012\/manifestacao-agu042012-01.jpg\" height=\"133\" width=\"200\" \/><img loading=\"lazy\" decoding=\"async\" style=\"margin-right: 5px; border: 1px solid #000000;\" alt=\"Mais de 200 Advogados P\u00fablicos Federais protestaram na sede da AGU\" src=\"images\/noticias\/manifestacao-frente-agu-04-2012\/manifestacao-agu042012-02.jpg\" height=\"133\" width=\"199\" \/><img loading=\"lazy\" decoding=\"async\" style=\"border: 1px solid #000000;\" alt=\"manifestacao-agu042012-04\" src=\"images\/noticias\/manifestacao-frente-agu-04-2012\/manifestacao-agu042012-04.jpg\" height=\"133\" width=\"200\" \/><\/p>\n<p><img loading=\"lazy\" decoding=\"async\" style=\"margin-right: 5px; border: 1px solid #000000;\" alt=\"Mais de 200 Advogados P\u00fablicos Federais protestaram na sede da AGU\" src=\"images\/noticias\/manifestacao-frente-agu-04-2012\/manifestacao-agu042012-05.jpg\" height=\"133\" width=\"199\" \/><img loading=\"lazy\" decoding=\"async\" style=\"border: 1px solid #000000;\" alt=\"Mais de 200 Advogados P\u00fablicos Federais protestaram na sede da AGU\" src=\"images\/noticias\/manifestacao-frente-agu-04-2012\/manifestacao-agu042012-06.jpg\" height=\"133\" width=\"200\" \/><\/p>\n<\/div>\n<p>&nbsp;<\/p>\n<p>&nbsp;<\/p>\n<p style=\"margin-top: 40px; text-align: center;\"><img decoding=\"async\" title=\"Mobiliza\u00e7\u00e3o\" alt=\"Banner Mobiliza\u00e7\u00e3o\" src=\"\/images\/noticias\/mobilizacao.gif\" \/><\/p>\n","protected":false},"excerpt":{"rendered":"<p>A manifesta\u00e7\u00e3o ocorreu na tarde desta quarta-feira, 25 de abril, e contou a presen\u00e7a de cerca de 50 Procuradores da Fazenda lotados em Bras\u00edlia e tamb\u00e9m vindos de outros estados.<\/p>\n","protected":false},"author":1,"featured_media":0,"comment_status":"closed","ping_status":"open","sticky":false,"template":"","format":"standard","meta":{"footnotes":""},"categories":[8],"tags":[],"featured_image_url":"https:\/\/dummyimage.com\/720x400","character_count":1085,"formatted_date":"26\/04\/2012 - 00:20","contentNovo":"\r\n<p>A manifesta\u00e7\u00e3o ocorreu na tarde desta quarta-feira, 25 de abril, e contou a presen\u00e7a de cerca de 50 Procuradores da Fazenda lotados em Bras\u00edlia e tamb\u00e9m vindos de outros estados.<\/p>\r\n<p>O ato p\u00fablico, organizado pelo F\u00f3rum Nacional da Advocacia P\u00fablica Federal, em conjunto com a Unafe e Anadef, contou ainda com ades\u00e3o da Anauni. Durante toda a tarde, quando foi distribu\u00eddo material com os pleitos das carreiras, as lideran\u00e7as sindicais e associativas se dirigiram publicamente, por meio de carro de som, ao Advogado-Geral da Uni\u00e3o, Lu\u00eds In\u00e1cio Lucena Adams, cobrando seu engajamento com a pauta de reivindica\u00e7\u00f5es apresentada pelas entidades.<\/p>\r\n<p>O presidente do SINPROFAZ e do F\u00f3rum Nacional, Allan Titonelli, enfatizou o descontentamento das carreiras com os sal\u00e1rios congelados, estrutura sucateada e falta de carreira de apoio, requerendo e exigindo manifesta\u00e7\u00f5es p\u00fablicas da c\u00fapula da AGU em torno dos pleitos e problemas que afligem as categorias.<\/p>\r\n<p>No encerramento da manifesta\u00e7\u00e3o, os representantes das entidades da Advocacia P\u00fablica Federal protocolaram uma carta p\u00fablica dirigida ao AGU com diagn\u00f3stico da situa\u00e7\u00e3o prec\u00e1ria da institui\u00e7\u00e3o e reiterando o atendimento das reivindica\u00e7\u00f5es.<\/p>\r\n<p>A realidade da AGU requer medidas concretas, com cronogramas p\u00fablicos em rela\u00e7\u00e3o \u00e0s diversas cobran\u00e7as das carreiras. A manifesta\u00e7\u00e3o de hoje, reunindo todas as entidades representativas da Advocacia P\u00fablica Federal, al\u00e9m de simbolizar a unidade de a\u00e7\u00e3o dos advogados p\u00fablicos, \u00e9 uma demonstra\u00e7\u00e3o de maturidade e de consenso sobre as lacunas e omiss\u00f5es do governo federal que ainda impedem o tratamento ison\u00f4mico entre as Fun\u00e7\u00f5es Essenciais \u00e0 Justi\u00e7a.<\/p>\r\n<p>O SINPROFAZ e o F\u00f3rum Nacional da Advocacia P\u00fablica Federal convocam os membros das carreiras do sistema AGU para o Dia Nacional de Paralisa\u00e7\u00e3o de Advert\u00eancia marcado para 9 de maio. As a\u00e7\u00f5es v\u00e3o ocorrer em Bras\u00edlia e nas unidades da PGFN e da AGU nos estados.<\/p>\r\n<p>Na mesma data, tamb\u00e9m haver\u00e1 paralisa\u00e7\u00e3o nacional de advert\u00eancia por 24 horas das carreiras de Delegados e Peritos da PF, Auditores do Fisco e Trabalho e Carreiras do Ciclo de Gest\u00e3o.<\/p>\r\n\r\n<p><\/p>\r\n<p><\/p>\r\n\r\n<p>&nbsp;<\/p>\r\n<p>&nbsp;<\/p>\r\n<p style=\"margin-top: 40px; text-align: center;\"><\/p>","_links":{"self":[{"href":"https:\/\/sinprofaz.org.br\/2024\/wp-json\/wp\/v2\/posts\/749"}],"collection":[{"href":"https:\/\/sinprofaz.org.br\/2024\/wp-json\/wp\/v2\/posts"}],"about":[{"href":"https:\/\/sinprofaz.org.br\/2024\/wp-json\/wp\/v2\/types\/post"}],"author":[{"embeddable":true,"href":"https:\/\/sinprofaz.org.br\/2024\/wp-json\/wp\/v2\/users\/1"}],"replies":[{"embeddable":true,"href":"https:\/\/sinprofaz.org.br\/2024\/wp-json\/wp\/v2\/comments?post=749"}],"version-history":[{"count":0,"href":"https:\/\/sinprofaz.org.br\/2024\/wp-json\/wp\/v2\/posts\/749\/revisions"}],"wp:attachment":[{"href":"https:\/\/sinprofaz.org.br\/2024\/wp-json\/wp\/v2\/media?parent=749"}],"wp:term":[{"taxonomy":"category","embeddable":true,"href":"https:\/\/sinprofaz.org.br\/2024\/wp-json\/wp\/v2\/categories?post=749"},{"taxonomy":"post_tag","embeddable":true,"href":"https:\/\/sinprofaz.org.br\/2024\/wp-json\/wp\/v2\/tags?post=749"}],"curies":[{"name":"wp","href":"https:\/\/api.w.org\/{rel}","templated":true}]}}