{"id":7479,"date":"2017-11-21T11:07:18","date_gmt":"2017-11-21T11:07:18","guid":{"rendered":"http:\/\/www.sinprofaz.org.br\/?p=7479"},"modified":"2017-11-23T11:02:20","modified_gmt":"2017-11-23T11:02:20","slug":"sinprofaz-compoe-mesa-em-cerimonia-de-abertura-de-congresso-da-pgfn","status":"publish","type":"post","link":"https:\/\/sinprofaz.org.br\/2024\/noticias\/sinprofaz-compoe-mesa-em-cerimonia-de-abertura-de-congresso-da-pgfn\/","title":{"rendered":"SINPROFAZ COMP\u00d5E MESA EM CERIM\u00d4NIA DE ABERTURA DE CONGRESSO DA PGFN"},"content":{"rendered":"<p>O SINPROFAZ, representado pelo presidente Achilles Frias, integrou a mesa da solenidade de abertura do II Congresso de Contencioso Tribut\u00e1rio da PGFN e o FGTS. O evento, que tem o apoio do SINPROFAZ, foi aberto ontem (20), em Bras\u00edlia\/DF, e tem atividades programadas at\u00e9 quarta-feira. Al\u00e9m do presidente do Sindicato, compuseram a mesa da cerim\u00f4nia o procurador-geral da Fazenda Nacional, Fabr\u00edcio Da Soller, o advogado-geral da Uni\u00e3o substituto, Paulo Gustavo Medeiros, o secret\u00e1rio-executivo do Conselho Curador do FGTS, Bol\u00edvar Tarrag\u00f3, e o subsecret\u00e1rio da Receita Federal Lu\u00eds Fernando Teixeira Nunes.<\/p>\n<p>Em discurso, Achilles Frias destacou a import\u00e2ncia do Congresso &#8211; um evento jur\u00eddico, t\u00e9cnico, mas que \u00e9 tamb\u00e9m oportunidade para confraterniza\u00e7\u00e3o. De acordo com o presidente do SINPROFAZ, \u00e9 fundamental \u00e0 Carreira, que \u00e9 nacional, a troca presencial de ideias e a discuss\u00e3o a respeito de teses sobre a atua\u00e7\u00e3o di\u00e1ria dos PFNs. Achilles Frias ainda ressaltou o dever do SINPROFAZ de estimular e apoiar iniciativas da Administra\u00e7\u00e3o voltadas ao aprimoramento dos Colegas. &#8220;O SINPROFAZ continua fortemente independente, aguerrido e cr\u00edtico, mas reconhece as parcerias com a Institui\u00e7\u00e3o que s\u00e3o satisfat\u00f3rias aos procuradores da Fazenda Nacional. Este II Congresso de Contencioso Tribut\u00e1rio da PGFN e o FGTS \u00e9 exemplo disso.&#8221;<\/p>\n<p>A fala do presidente foi reiterada por Fabr\u00edcio Da Soller que, em discurso, deu destaque \u00e0s contribui\u00e7\u00f5es do SINPROFAZ para a Administra\u00e7\u00e3o. Segundo o PGFN, o Sindicato colabora efetivamente para a melhoria da Institui\u00e7\u00e3o por meio de pol\u00edticas justas, projetos e posturas respons\u00e1veis. &#8220;N\u00e3o posso deixar de reconhecer a conduta equilibrada, mas sempre aguerrida, da diretoria do SINPROFAZ. Enquanto procurador-geral, sinto-me no dever de fazer esse reconhecimento. O Sindicato e a Institui\u00e7\u00e3o s\u00e3o parceiros em diversas iniciativas. O II Congresso de Contencioso Tribut\u00e1rio da PGFN e o FGTS \u00e9 apenas uma delas&#8221;, ressaltou.<\/p>\n\n\t\t<style type=\"text\/css\">\n\t\t\t#gallery-1 {\n\t\t\t\tmargin: auto;\n\t\t\t}\n\t\t\t#gallery-1 .gallery-item {\n\t\t\t\tfloat: left;\n\t\t\t\tmargin-top: 10px;\n\t\t\t\ttext-align: center;\n\t\t\t\twidth: 33%;\n\t\t\t}\n\t\t\t#gallery-1 img {\n\t\t\t\tborder: 2px solid #cfcfcf;\n\t\t\t}\n\t\t\t#gallery-1 .gallery-caption {\n\t\t\t\tmargin-left: 0;\n\t\t\t}\n\t\t\t\/* see gallery_shortcode() in wp-includes\/media.php *\/\n\t\t<\/style>\n\t\t<div id='gallery-1' class='gallery galleryid-7479 gallery-columns-3 gallery-size-thumbnail'><dl class='gallery-item'>\n\t\t\t<dt class='gallery-icon landscape'>\n\t\t\t\t<a href='https:\/\/sinprofaz.org.br\/2024\/wp-content\/uploads\/2017\/11\/027.jpg'><img loading=\"lazy\" decoding=\"async\" width=\"150\" height=\"150\" src=\"https:\/\/sinprofaz.org.br\/2024\/wp-content\/uploads\/2017\/11\/027-150x150.jpg\" class=\"attachment-thumbnail size-thumbnail\" alt=\"\" \/><\/a>\n\t\t\t<\/dt><\/dl><dl class='gallery-item'>\n\t\t\t<dt class='gallery-icon landscape'>\n\t\t\t\t<a href='https:\/\/sinprofaz.org.br\/2024\/wp-content\/uploads\/2017\/11\/033.jpg'><img loading=\"lazy\" decoding=\"async\" width=\"150\" height=\"150\" src=\"https:\/\/sinprofaz.org.br\/2024\/wp-content\/uploads\/2017\/11\/033-150x150.jpg\" class=\"attachment-thumbnail size-thumbnail\" alt=\"\" \/><\/a>\n\t\t\t<\/dt><\/dl><dl class='gallery-item'>\n\t\t\t<dt class='gallery-icon landscape'>\n\t\t\t\t<a href='https:\/\/sinprofaz.org.br\/2024\/wp-content\/uploads\/2017\/11\/042.jpg'><img loading=\"lazy\" decoding=\"async\" width=\"150\" height=\"150\" src=\"https:\/\/sinprofaz.org.br\/2024\/wp-content\/uploads\/2017\/11\/042-150x150.jpg\" class=\"attachment-thumbnail size-thumbnail\" alt=\"\" \/><\/a>\n\t\t\t<\/dt><\/dl><br style=\"clear: both\" \/>\n\t\t<\/div>\n\n","protected":false},"excerpt":{"rendered":"<p>O presidente Achilles Frias integrou a mesa da solenidade de abertura do II Congresso de Contencioso Tribut\u00e1rio da PGFN e o FGTS. O evento foi aberto ontem (20), em Bras\u00edlia\/DF, e tem atividades programadas at\u00e9 quarta-feira.<\/p>\n","protected":false},"author":2,"featured_media":7480,"comment_status":"open","ping_status":"open","sticky":false,"template":"","format":"standard","meta":{"footnotes":""},"categories":[8],"tags":[32,44,25],"featured_image_url":"https:\/\/sinprofaz.org.br\/2024\/wp-content\/uploads\/2017\/11\/0111-800x198.jpg","character_count":1205,"formatted_date":"21\/11\/2017 - 11:07","contentNovo":"<p>O SINPROFAZ, representado pelo presidente Achilles Frias, integrou a mesa da solenidade de abertura do II Congresso de Contencioso Tribut\u00e1rio da PGFN e o FGTS. O evento, que tem o apoio do SINPROFAZ, foi aberto ontem (20), em Bras\u00edlia\/DF, e tem atividades programadas at\u00e9 quarta-feira. Al\u00e9m do presidente do Sindicato, compuseram a mesa da cerim\u00f4nia o procurador-geral da Fazenda Nacional, Fabr\u00edcio Da Soller, o advogado-geral da Uni\u00e3o substituto, Paulo Gustavo Medeiros, o secret\u00e1rio-executivo do Conselho Curador do FGTS, Bol\u00edvar Tarrag\u00f3, e o subsecret\u00e1rio da Receita Federal Lu\u00eds Fernando Teixeira Nunes.<\/p><p>Em discurso, Achilles Frias destacou a import\u00e2ncia do Congresso - um evento jur\u00eddico, t\u00e9cnico, mas que \u00e9 tamb\u00e9m oportunidade para confraterniza\u00e7\u00e3o. De acordo com o presidente do SINPROFAZ, \u00e9 fundamental \u00e0 Carreira, que \u00e9 nacional, a troca presencial de ideias e a discuss\u00e3o a respeito de teses sobre a atua\u00e7\u00e3o di\u00e1ria dos PFNs. Achilles Frias ainda ressaltou o dever do SINPROFAZ de estimular e apoiar iniciativas da Administra\u00e7\u00e3o voltadas ao aprimoramento dos Colegas. \"O SINPROFAZ continua fortemente independente, aguerrido e cr\u00edtico, mas reconhece as parcerias com a Institui\u00e7\u00e3o que s\u00e3o satisfat\u00f3rias aos procuradores da Fazenda Nacional. Este II Congresso de Contencioso Tribut\u00e1rio da PGFN e o FGTS \u00e9 exemplo disso.\"<\/p><p>A fala do presidente foi reiterada por Fabr\u00edcio Da Soller que, em discurso, deu destaque \u00e0s contribui\u00e7\u00f5es do SINPROFAZ para a Administra\u00e7\u00e3o. Segundo o PGFN, o Sindicato colabora efetivamente para a melhoria da Institui\u00e7\u00e3o por meio de pol\u00edticas justas, projetos e posturas respons\u00e1veis. \"N\u00e3o posso deixar de reconhecer a conduta equilibrada, mas sempre aguerrida, da diretoria do SINPROFAZ. Enquanto procurador-geral, sinto-me no dever de fazer esse reconhecimento. O Sindicato e a Institui\u00e7\u00e3o s\u00e3o parceiros em diversas iniciativas. O II Congresso de Contencioso Tribut\u00e1rio da PGFN e o FGTS \u00e9 apenas uma delas\", ressaltou.<\/p>[gallery link=\"file\" ids=\"7481,7482,7483\"]","_links":{"self":[{"href":"https:\/\/sinprofaz.org.br\/2024\/wp-json\/wp\/v2\/posts\/7479"}],"collection":[{"href":"https:\/\/sinprofaz.org.br\/2024\/wp-json\/wp\/v2\/posts"}],"about":[{"href":"https:\/\/sinprofaz.org.br\/2024\/wp-json\/wp\/v2\/types\/post"}],"author":[{"embeddable":true,"href":"https:\/\/sinprofaz.org.br\/2024\/wp-json\/wp\/v2\/users\/2"}],"replies":[{"embeddable":true,"href":"https:\/\/sinprofaz.org.br\/2024\/wp-json\/wp\/v2\/comments?post=7479"}],"version-history":[{"count":1,"href":"https:\/\/sinprofaz.org.br\/2024\/wp-json\/wp\/v2\/posts\/7479\/revisions"}],"predecessor-version":[{"id":7484,"href":"https:\/\/sinprofaz.org.br\/2024\/wp-json\/wp\/v2\/posts\/7479\/revisions\/7484"}],"wp:featuredmedia":[{"embeddable":true,"href":"https:\/\/sinprofaz.org.br\/2024\/wp-json\/wp\/v2\/media\/7480"}],"wp:attachment":[{"href":"https:\/\/sinprofaz.org.br\/2024\/wp-json\/wp\/v2\/media?parent=7479"}],"wp:term":[{"taxonomy":"category","embeddable":true,"href":"https:\/\/sinprofaz.org.br\/2024\/wp-json\/wp\/v2\/categories?post=7479"},{"taxonomy":"post_tag","embeddable":true,"href":"https:\/\/sinprofaz.org.br\/2024\/wp-json\/wp\/v2\/tags?post=7479"}],"curies":[{"name":"wp","href":"https:\/\/api.w.org\/{rel}","templated":true}]}}