{"id":742,"date":"2012-04-24T12:57:57","date_gmt":"2012-04-24T12:57:57","guid":{"rendered":""},"modified":"-0001-11-30T00:00:00","modified_gmt":"-0001-11-30T03:00:00","slug":"ldo-2013-e-o-reajuste-dos-servidores","status":"publish","type":"post","link":"https:\/\/sinprofaz.org.br\/2024\/noticias\/ldo-2013-e-o-reajuste-dos-servidores\/","title":{"rendered":"LDO 2013 e o reajuste dos servidores"},"content":{"rendered":"<p>O texto assinado pelo jornalista e analista pol\u00edtico Ant\u00f4nio Augusto de Queiroz foi publicado originalmente no portal do DIAP \u2013 Departamento Intersindical de Assessoria Parlamentar. <a title=\"LDO 2013 e o reajuste dos servidores\" href=\"http:\/\/goo.gl\/PsIoW\" target=\"_self\">Veja aqui<\/a> a \u00edntegra do artigo. Queiroz esclarece que a efetividade de autoriza\u00e7\u00f5es para revis\u00e3o salarial de servidores \u201cdepende do envio de projetos de lei espec\u00edficos e da previs\u00e3o na proposta or\u00e7ament\u00e1ria, que dever\u00e3o ser remetidos ao Congresso Nacional at\u00e9 31 de agosto do corrente ano\u201d.<\/p>\n<p>Isto porque no PLN 3\/2012, relativo \u00e0 Lei de Diretrizes Or\u00e7ament\u00e1ria (LDO) para 2013, constam apenas autoriza\u00e7\u00f5es gen\u00e9ricas para concess\u00e3o de vantagens, aumentos de remunera\u00e7\u00e3o e altera\u00e7\u00f5es de estruturas de carreiras, bem como para a revis\u00e3o geral. O PLN foi remetido ao Congresso em 15 de abril.<\/p>\n<p>O SINPROFAZ e o F\u00f3rum Nacional se anteciparam \u00e0s sugest\u00f5es contidas no artigo e j\u00e1 v\u00eam tomando as provid\u00eancias necess\u00e1rias para que o pleito remunerat\u00f3rio das carreiras da Advocacia P\u00fablica Federal tenha lugar entre os projetos de lei espec\u00edficos encaminhados ao Congresso. \u00c9 o que se espera como resultado das rodadas de negocia\u00e7\u00f5es no Minist\u00e9rio do Planejamento, mais precisamente junto ao secret\u00e1rio de Rela\u00e7\u00f5es de Trabalho no Servi\u00e7o P\u00fablico, S\u00e9rgio Mendon\u00e7a, com o qual h\u00e1 nova reuni\u00e3o prevista para 10 de maio.<\/p>\n<p>Al\u00e9m desse contato com os titulares dos \u00f3rg\u00e3os competentes para garantir o envio de projeto espec\u00edfico, os representantes da Advocacia P\u00fablica Federal tem pressionado o Poder Executivo para a aloca\u00e7\u00e3o dos recursos na proposta or\u00e7ament\u00e1ria.<\/p>\n<p>Por isso, \u00e9 muito importante que os Procuradores da Fazenda venham somar esfor\u00e7os nesta luta conjunta das carreiras do sistema AGU.<\/p>\n<p><strong><em>Manifesta\u00e7\u00e3o p\u00fablica no dia 25 de abril &#8211; a partir das14h:<\/em><\/strong><\/p>\n<p>Ato em frente \u00e0 AGU e ao Minist\u00e9rio da Justi\u00e7a, em Bras\u00edlia, para demonstrar a insatisfa\u00e7\u00e3o dos Advogados P\u00fablicos e Defensores Federais com o sucateamento das carreiras e a necessidade dos respectivos Ministros encamparem publicamente os pleitos remunerat\u00f3rios e de melhora de estrutura e prerrogativas j\u00e1 apresentados. No dia, haver\u00e1 distribui\u00e7\u00e3o de material, manifesta\u00e7\u00e3o p\u00fablica por meio de carro de som e estrutura elaborada pelas entidades.<\/p>\n<p><strong><em>Dia Nacional de Paralisa\u00e7\u00e3o de Advert\u00eancia &#8211; 09 de maio:<\/em><\/strong><\/p>\n<p>Em Bras\u00edlia, ser\u00e1 realizado amplo Semin\u00e1rio na C\u00e2mara dos Deputados, em hor\u00e1rio a ser confirmado, para defesa dos projetos da Advocacia P\u00fablica e Defensoria P\u00fablica Federais, com alerta para o sucateamento da AGU e DPU e tratamento remunerat\u00f3rio insatisfat\u00f3rio dos Advogados e Defensores Federais.<\/p>\n<p>Nos Estados, ser\u00e3o realizadas Assembleias em conjunto, a serem organizadas pelos representantes estaduais das entidades. Sugere-se que essas Assembleias sejam realizadas na OAB local, contatando a Comiss\u00e3o da Advocacia P\u00fablica para apoio, como forma de demonstrar a insatisfa\u00e7\u00e3o da categoria, bem como expondo nossos pleitos.<\/p>\n<p>Na mesma data, haver\u00e1 paralisa\u00e7\u00e3o nacional de advert\u00eancia por 24 horas das carreiras de Delegados e Peritos da PF, Auditores do Fisco e Trabalho e Carreiras do Ciclo de Gest\u00e3o.<\/p>\n<p style=\"margin-top: 40px; text-align: center;\"><img decoding=\"async\" title=\"Mobiliza\u00e7\u00e3o\" alt=\"Banner Mobiliza\u00e7\u00e3o\" src=\"\/images\/noticias\/mobilizacao.gif\" \/><\/p>\n","protected":false},"excerpt":{"rendered":"<p>Em artigo, assessor parlamentar do SINPROFAZ alerta para as provid\u00eancias que entidades de servidores precisam tomar para assegurar atualiza\u00e7\u00f5es salariais.<\/p>\n","protected":false},"author":1,"featured_media":0,"comment_status":"closed","ping_status":"open","sticky":false,"template":"","format":"standard","meta":{"footnotes":""},"categories":[8],"tags":[],"featured_image_url":"https:\/\/dummyimage.com\/720x400","character_count":1570,"formatted_date":"24\/04\/2012 - 12:57","contentNovo":"\r\n<p>O texto assinado pelo jornalista e analista pol\u00edtico Ant\u00f4nio Augusto de Queiroz foi publicado originalmente no portal do DIAP \u2013 Departamento Intersindical de Assessoria Parlamentar. <a title=\"LDO 2013 e o reajuste dos servidores\" href=\"http:\/\/goo.gl\/PsIoW\" target=\"_self\">Veja aqui<\/a> a \u00edntegra do artigo. Queiroz esclarece que a efetividade de autoriza\u00e7\u00f5es para revis\u00e3o salarial de servidores \u201cdepende do envio de projetos de lei espec\u00edficos e da previs\u00e3o na proposta or\u00e7ament\u00e1ria, que dever\u00e3o ser remetidos ao Congresso Nacional at\u00e9 31 de agosto do corrente ano\u201d.<\/p>\r\n<p>Isto porque no PLN 3\/2012, relativo \u00e0 Lei de Diretrizes Or\u00e7ament\u00e1ria (LDO) para 2013, constam apenas autoriza\u00e7\u00f5es gen\u00e9ricas para concess\u00e3o de vantagens, aumentos de remunera\u00e7\u00e3o e altera\u00e7\u00f5es de estruturas de carreiras, bem como para a revis\u00e3o geral. O PLN foi remetido ao Congresso em 15 de abril.<\/p>\r\n<p>O SINPROFAZ e o F\u00f3rum Nacional se anteciparam \u00e0s sugest\u00f5es contidas no artigo e j\u00e1 v\u00eam tomando as provid\u00eancias necess\u00e1rias para que o pleito remunerat\u00f3rio das carreiras da Advocacia P\u00fablica Federal tenha lugar entre os projetos de lei espec\u00edficos encaminhados ao Congresso. \u00c9 o que se espera como resultado das rodadas de negocia\u00e7\u00f5es no Minist\u00e9rio do Planejamento, mais precisamente junto ao secret\u00e1rio de Rela\u00e7\u00f5es de Trabalho no Servi\u00e7o P\u00fablico, S\u00e9rgio Mendon\u00e7a, com o qual h\u00e1 nova reuni\u00e3o prevista para 10 de maio.<\/p>\r\n<p>Al\u00e9m desse contato com os titulares dos \u00f3rg\u00e3os competentes para garantir o envio de projeto espec\u00edfico, os representantes da Advocacia P\u00fablica Federal tem pressionado o Poder Executivo para a aloca\u00e7\u00e3o dos recursos na proposta or\u00e7ament\u00e1ria.<\/p>\r\n<p>Por isso, \u00e9 muito importante que os Procuradores da Fazenda venham somar esfor\u00e7os nesta luta conjunta das carreiras do sistema AGU.<\/p>\r\n<p><strong><em>Manifesta\u00e7\u00e3o p\u00fablica no dia 25 de abril - a partir das14h:<\/em><\/strong><\/p>\r\n<p>Ato em frente \u00e0 AGU e ao Minist\u00e9rio da Justi\u00e7a, em Bras\u00edlia, para demonstrar a insatisfa\u00e7\u00e3o dos Advogados P\u00fablicos e Defensores Federais com o sucateamento das carreiras e a necessidade dos respectivos Ministros encamparem publicamente os pleitos remunerat\u00f3rios e de melhora de estrutura e prerrogativas j\u00e1 apresentados. No dia, haver\u00e1 distribui\u00e7\u00e3o de material, manifesta\u00e7\u00e3o p\u00fablica por meio de carro de som e estrutura elaborada pelas entidades.<\/p>\r\n<p><strong><em>Dia Nacional de Paralisa\u00e7\u00e3o de Advert\u00eancia - 09 de maio:<\/em><\/strong><\/p>\r\n<p>Em Bras\u00edlia, ser\u00e1 realizado amplo Semin\u00e1rio na C\u00e2mara dos Deputados, em hor\u00e1rio a ser confirmado, para defesa dos projetos da Advocacia P\u00fablica e Defensoria P\u00fablica Federais, com alerta para o sucateamento da AGU e DPU e tratamento remunerat\u00f3rio insatisfat\u00f3rio dos Advogados e Defensores Federais.<\/p>\r\n<p>Nos Estados, ser\u00e3o realizadas Assembleias em conjunto, a serem organizadas pelos representantes estaduais das entidades. Sugere-se que essas Assembleias sejam realizadas na OAB local, contatando a Comiss\u00e3o da Advocacia P\u00fablica para apoio, como forma de demonstrar a insatisfa\u00e7\u00e3o da categoria, bem como expondo nossos pleitos.<\/p>\r\n<p>Na mesma data, haver\u00e1 paralisa\u00e7\u00e3o nacional de advert\u00eancia por 24 horas das carreiras de Delegados e Peritos da PF, Auditores do Fisco e Trabalho e Carreiras do Ciclo de Gest\u00e3o.<\/p>\r\n<p style=\"margin-top: 40px; text-align: center;\"><\/p>","_links":{"self":[{"href":"https:\/\/sinprofaz.org.br\/2024\/wp-json\/wp\/v2\/posts\/742"}],"collection":[{"href":"https:\/\/sinprofaz.org.br\/2024\/wp-json\/wp\/v2\/posts"}],"about":[{"href":"https:\/\/sinprofaz.org.br\/2024\/wp-json\/wp\/v2\/types\/post"}],"author":[{"embeddable":true,"href":"https:\/\/sinprofaz.org.br\/2024\/wp-json\/wp\/v2\/users\/1"}],"replies":[{"embeddable":true,"href":"https:\/\/sinprofaz.org.br\/2024\/wp-json\/wp\/v2\/comments?post=742"}],"version-history":[{"count":0,"href":"https:\/\/sinprofaz.org.br\/2024\/wp-json\/wp\/v2\/posts\/742\/revisions"}],"wp:attachment":[{"href":"https:\/\/sinprofaz.org.br\/2024\/wp-json\/wp\/v2\/media?parent=742"}],"wp:term":[{"taxonomy":"category","embeddable":true,"href":"https:\/\/sinprofaz.org.br\/2024\/wp-json\/wp\/v2\/categories?post=742"},{"taxonomy":"post_tag","embeddable":true,"href":"https:\/\/sinprofaz.org.br\/2024\/wp-json\/wp\/v2\/tags?post=742"}],"curies":[{"name":"wp","href":"https:\/\/api.w.org\/{rel}","templated":true}]}}