{"id":7377,"date":"2017-11-01T10:59:29","date_gmt":"2017-11-01T10:59:29","guid":{"rendered":"http:\/\/www.sinprofaz.org.br\/?p=7377"},"modified":"2017-11-03T11:10:08","modified_gmt":"2017-11-03T11:10:08","slug":"relator-da-cpi-da-previdencia-reconhece-importancia-do-combate-a-sonegacao","status":"publish","type":"post","link":"https:\/\/sinprofaz.org.br\/2024\/noticias\/relator-da-cpi-da-previdencia-reconhece-importancia-do-combate-a-sonegacao\/","title":{"rendered":"RELATOR DA CPI DA PREVID\u00caNCIA RECONHECE IMPORT\u00c2NCIA DO COMBATE \u00c0 SONEGA\u00c7\u00c3O"},"content":{"rendered":"<p>Em entrevistas, o relator da CPI da Previd\u00eancia, senador H\u00e9lio Jos\u00e9 (PROS\/DF), tem destacado que, ap\u00f3s seis meses de estudos da Comiss\u00e3o, \u00e9 poss\u00edvel assegurar que algumas quest\u00f5es relevantes t\u00eam sido mitigadas pelo debate meramente atuarial da Previd\u00eancia. Entre essas quest\u00f5es, destaca-se a crescente d\u00edvida ativa da Uni\u00e3o e o sucateamento da Procuradoria da Fazenda Nacional. Segundo relat\u00f3rio da CPI, &#8220;ao lado do fortalecimento das institui\u00e7\u00f5es voltadas \u00e0 fiscaliza\u00e7\u00e3o de tributos e \u00e0 execu\u00e7\u00e3o da d\u00edvida ativa tribut\u00e1ria, imp\u00f5e-se a moderniza\u00e7\u00e3o e atualiza\u00e7\u00e3o da pr\u00f3pria legisla\u00e7\u00e3o que rege essa execu\u00e7\u00e3o fiscal&#8221;.<\/p>\n<p>A afirma\u00e7\u00e3o vai ao encontro do que o presidente do SINPROFAZ, Achilles Frias, defendeu nas duas ocasi\u00f5es em que participou como expositor da CPI. Nessas oportunidades, Achilles Frias destacou a atribui\u00e7\u00e3o constitucional da PFN de cobrar a d\u00edvida ativa, cujo estoque, hoje, \u00e9 superior a R$ 1,8 trilh\u00e3o. De acordo com o presidente, no entanto, a Procuradoria est\u00e1 sendo deliberadamente sucateada \u2013 den\u00fancia que o SINPROFAZ vem fazendo h\u00e1 anos, quando chama a aten\u00e7\u00e3o para o desinteresse do governo em cobrar os grandes devedores e os sonegadores. \u201cN\u00e3o se compreende como um \u00f3rg\u00e3o, que d\u00e1 retorno 800 vezes maior do que o valor nele investido, encontra-se nessa situa\u00e7\u00e3o&#8221;, denunciou Achilles Frias.<\/p>\n<p>A \u00edntegra do relat\u00f3rio pode ser acessada <a href=\"http:\/\/legis.senado.leg.br\/comissoes\/comissao;jsessionid=20C295F3CE5E77712E2EFFDE81A6C6AD?0&#038;codcol=2093\" target=\"_blank\">aqui.<\/p>\n","protected":false},"excerpt":{"rendered":"<p>Em entrevistas, o relator da CPI da Previd\u00eancia, senador H\u00e9lio Jos\u00e9 (PROS\/DF), tem destacado que, ap\u00f3s seis meses de estudos da Comiss\u00e3o, \u00e9 poss\u00edvel assegurar que algumas quest\u00f5es relevantes t\u00eam sido mitigadas pelo debate meramente atuarial da Previd\u00eancia.<\/p>\n","protected":false},"author":2,"featured_media":7378,"comment_status":"open","ping_status":"open","sticky":false,"template":"","format":"standard","meta":{"footnotes":""},"categories":[8],"tags":[77,53,25],"featured_image_url":"https:\/\/sinprofaz.org.br\/2024\/wp-content\/uploads\/2017\/11\/01-800x198.jpg","character_count":719,"formatted_date":"01\/11\/2017 - 10:59","contentNovo":"<p>Em entrevistas, o relator da CPI da Previd\u00eancia, senador H\u00e9lio Jos\u00e9 (PROS\/DF), tem destacado que, ap\u00f3s seis meses de estudos da Comiss\u00e3o, \u00e9 poss\u00edvel assegurar que algumas quest\u00f5es relevantes t\u00eam sido mitigadas pelo debate meramente atuarial da Previd\u00eancia. Entre essas quest\u00f5es, destaca-se a crescente d\u00edvida ativa da Uni\u00e3o e o sucateamento da Procuradoria da Fazenda Nacional. Segundo relat\u00f3rio da CPI, \"ao lado do fortalecimento das institui\u00e7\u00f5es voltadas \u00e0 fiscaliza\u00e7\u00e3o de tributos e \u00e0 execu\u00e7\u00e3o da d\u00edvida ativa tribut\u00e1ria, imp\u00f5e-se a moderniza\u00e7\u00e3o e atualiza\u00e7\u00e3o da pr\u00f3pria legisla\u00e7\u00e3o que rege essa execu\u00e7\u00e3o fiscal\".<\/p>\r\n<p>A afirma\u00e7\u00e3o vai ao encontro do que o presidente do SINPROFAZ, Achilles Frias, defendeu nas duas ocasi\u00f5es em que participou como expositor da CPI. Nessas oportunidades, Achilles Frias destacou a atribui\u00e7\u00e3o constitucional da PFN de cobrar a d\u00edvida ativa, cujo estoque, hoje, \u00e9 superior a R$ 1,8 trilh\u00e3o. De acordo com o presidente, no entanto, a Procuradoria est\u00e1 sendo deliberadamente sucateada \u2013 den\u00fancia que o SINPROFAZ vem fazendo h\u00e1 anos, quando chama a aten\u00e7\u00e3o para o desinteresse do governo em cobrar os grandes devedores e os sonegadores. \u201cN\u00e3o se compreende como um \u00f3rg\u00e3o, que d\u00e1 retorno 800 vezes maior do que o valor nele investido, encontra-se nessa situa\u00e7\u00e3o\", denunciou Achilles Frias.<\/p>\r\n<p>A \u00edntegra do relat\u00f3rio pode ser acessada <a href=\"http:\/\/legis.senado.leg.br\/comissoes\/comissao;jsessionid=20C295F3CE5E77712E2EFFDE81A6C6AD?0&codcol=2093\" target=\"_blank\">aqui.<\/p>","_links":{"self":[{"href":"https:\/\/sinprofaz.org.br\/2024\/wp-json\/wp\/v2\/posts\/7377"}],"collection":[{"href":"https:\/\/sinprofaz.org.br\/2024\/wp-json\/wp\/v2\/posts"}],"about":[{"href":"https:\/\/sinprofaz.org.br\/2024\/wp-json\/wp\/v2\/types\/post"}],"author":[{"embeddable":true,"href":"https:\/\/sinprofaz.org.br\/2024\/wp-json\/wp\/v2\/users\/2"}],"replies":[{"embeddable":true,"href":"https:\/\/sinprofaz.org.br\/2024\/wp-json\/wp\/v2\/comments?post=7377"}],"version-history":[{"count":1,"href":"https:\/\/sinprofaz.org.br\/2024\/wp-json\/wp\/v2\/posts\/7377\/revisions"}],"predecessor-version":[{"id":7379,"href":"https:\/\/sinprofaz.org.br\/2024\/wp-json\/wp\/v2\/posts\/7377\/revisions\/7379"}],"wp:featuredmedia":[{"embeddable":true,"href":"https:\/\/sinprofaz.org.br\/2024\/wp-json\/wp\/v2\/media\/7378"}],"wp:attachment":[{"href":"https:\/\/sinprofaz.org.br\/2024\/wp-json\/wp\/v2\/media?parent=7377"}],"wp:term":[{"taxonomy":"category","embeddable":true,"href":"https:\/\/sinprofaz.org.br\/2024\/wp-json\/wp\/v2\/categories?post=7377"},{"taxonomy":"post_tag","embeddable":true,"href":"https:\/\/sinprofaz.org.br\/2024\/wp-json\/wp\/v2\/tags?post=7377"}],"curies":[{"name":"wp","href":"https:\/\/api.w.org\/{rel}","templated":true}]}}