{"id":7368,"date":"2017-10-30T11:07:23","date_gmt":"2017-10-30T11:07:23","guid":{"rendered":"http:\/\/www.sinprofaz.org.br\/?p=7368"},"modified":"2017-10-31T11:00:34","modified_gmt":"2017-10-31T11:00:34","slug":"obra-sobre-direito-tributario-brasileiro-e-lancada-no-rio-de-janeiro","status":"publish","type":"post","link":"https:\/\/sinprofaz.org.br\/2024\/noticias\/obra-sobre-direito-tributario-brasileiro-e-lancada-no-rio-de-janeiro\/","title":{"rendered":"OBRA SOBRE DIREITO TRIBUT\u00c1RIO BRASILEIRO \u00c9 LAN\u00c7ADA NO RIO DE JANEIRO"},"content":{"rendered":"<p>No pr\u00f3ximo dia 6 de novembro, o ex-PFN Marcus Abraham lan\u00e7a a 1\u00aa edi\u00e7\u00e3o da obra Curso de Direito Tribut\u00e1rio Brasileiro. O livro conta com o pref\u00e1cio do ministro do Supremo Tribunal Federal Lu\u00eds Roberto Barroso e \u00e9 dividido em quatro partes: &#8220;do Tributo e do Sistema Tribut\u00e1rio Nacional&#8221;, &#8220;normas gerais tribut\u00e1rias constitucionais e do C\u00f3digo Tribut\u00e1rio Nacional, incluindo tributa\u00e7\u00e3o internacional&#8221;, &#8220;tributos em esp\u00e9cie&#8221; e &#8220;processo tribut\u00e1rio administrativo e judicial&#8221;.<\/p>\n<p>O lan\u00e7amento ocorre no Centro Cultural da Justi\u00e7a Federal (Av. Rio Branco, 241, Centro, Rio de Janeiro\/RJ), a partir das 17h30. A obra, publicada pela Editora GEN\/Forense, \u00e9 a materializa\u00e7\u00e3o de 25 anos de atua\u00e7\u00e3o profissional e acad\u00eamica de Marcus Abraham na \u00e1rea do Direito Tribut\u00e1rio, sendo destes, 12 anos dedicados \u00e0 Procuradoria da Fazenda Nacional.<\/p>\n","protected":false},"excerpt":{"rendered":"<p>No pr\u00f3ximo dia 6 de novembro, o ex-PFN Marcus Abraham lan\u00e7a a 1\u00aa edi\u00e7\u00e3o da sua obra Curso de Direito Tribut\u00e1rio Brasileiro. O livro conta com o pref\u00e1cio do ministro do Supremo Tribunal Federal Lu\u00eds Roberto Barroso e \u00e9 dividido em quatro partes.<\/p>\n","protected":false},"author":2,"featured_media":7369,"comment_status":"open","ping_status":"open","sticky":false,"template":"","format":"standard","meta":{"footnotes":""},"categories":[8],"tags":[32,121],"featured_image_url":"https:\/\/sinprofaz.org.br\/2024\/wp-content\/uploads\/2017\/10\/018-771x198.jpg","character_count":453,"formatted_date":"30\/10\/2017 - 11:07","contentNovo":"<p>No pr\u00f3ximo dia 6 de novembro, o ex-PFN Marcus Abraham lan\u00e7a a 1\u00aa edi\u00e7\u00e3o da obra Curso de Direito Tribut\u00e1rio Brasileiro. O livro conta com o pref\u00e1cio do ministro do Supremo Tribunal Federal Lu\u00eds Roberto Barroso e \u00e9 dividido em quatro partes: \"do Tributo e do Sistema Tribut\u00e1rio Nacional\", \"normas gerais tribut\u00e1rias constitucionais e do C\u00f3digo Tribut\u00e1rio Nacional, incluindo tributa\u00e7\u00e3o internacional\", \"tributos em esp\u00e9cie\" e \"processo tribut\u00e1rio administrativo e judicial\".<\/p><p>O lan\u00e7amento ocorre no Centro Cultural da Justi\u00e7a Federal (Av. Rio Branco, 241, Centro, Rio de Janeiro\/RJ), a partir das 17h30. A obra, publicada pela Editora GEN\/Forense, \u00e9 a materializa\u00e7\u00e3o de 25 anos de atua\u00e7\u00e3o profissional e acad\u00eamica de Marcus Abraham na \u00e1rea do Direito Tribut\u00e1rio, sendo destes, 12 anos dedicados \u00e0 Procuradoria da Fazenda Nacional.<\/p>","_links":{"self":[{"href":"https:\/\/sinprofaz.org.br\/2024\/wp-json\/wp\/v2\/posts\/7368"}],"collection":[{"href":"https:\/\/sinprofaz.org.br\/2024\/wp-json\/wp\/v2\/posts"}],"about":[{"href":"https:\/\/sinprofaz.org.br\/2024\/wp-json\/wp\/v2\/types\/post"}],"author":[{"embeddable":true,"href":"https:\/\/sinprofaz.org.br\/2024\/wp-json\/wp\/v2\/users\/2"}],"replies":[{"embeddable":true,"href":"https:\/\/sinprofaz.org.br\/2024\/wp-json\/wp\/v2\/comments?post=7368"}],"version-history":[{"count":1,"href":"https:\/\/sinprofaz.org.br\/2024\/wp-json\/wp\/v2\/posts\/7368\/revisions"}],"predecessor-version":[{"id":7370,"href":"https:\/\/sinprofaz.org.br\/2024\/wp-json\/wp\/v2\/posts\/7368\/revisions\/7370"}],"wp:featuredmedia":[{"embeddable":true,"href":"https:\/\/sinprofaz.org.br\/2024\/wp-json\/wp\/v2\/media\/7369"}],"wp:attachment":[{"href":"https:\/\/sinprofaz.org.br\/2024\/wp-json\/wp\/v2\/media?parent=7368"}],"wp:term":[{"taxonomy":"category","embeddable":true,"href":"https:\/\/sinprofaz.org.br\/2024\/wp-json\/wp\/v2\/categories?post=7368"},{"taxonomy":"post_tag","embeddable":true,"href":"https:\/\/sinprofaz.org.br\/2024\/wp-json\/wp\/v2\/tags?post=7368"}],"curies":[{"name":"wp","href":"https:\/\/api.w.org\/{rel}","templated":true}]}}