{"id":7362,"date":"2017-10-27T10:55:21","date_gmt":"2017-10-27T10:55:21","guid":{"rendered":"http:\/\/www.sinprofaz.org.br\/?p=7362"},"modified":"2017-10-30T11:07:50","modified_gmt":"2017-10-30T11:07:50","slug":"sinprofaz-participa-da-entrega-do-premio-congresso-em-foco","status":"publish","type":"post","link":"https:\/\/sinprofaz.org.br\/2024\/noticias\/sinprofaz-participa-da-entrega-do-premio-congresso-em-foco\/","title":{"rendered":"SINPROFAZ PARTICIPA DA ENTREGA DO PR\u00caMIO CONGRESSO EM FOCO"},"content":{"rendered":"<p>Na quinta-feira (19), o SINPROFAZ participou da entrega do Pr\u00eamio Congresso em Foco 2017. A festa de premia\u00e7\u00e3o, que homenageou os congressistas de destaque do ano, contou com o apoio do Sindicato, o qual foi representado pelo presidente Achilles Frias, pelo vice-presidente Juscelino Ferreira e pelos diretores Iolanda Guindani, Jos\u00e9 Ernane Brito, Giuliano Menezes, Rodrigo Mellet, Roberto Rodrigues, Andr\u00e9 Campello, Ant\u00f4nio Guedes, S\u00e9rgio Carneiro, Val\u00e9ria Ferreira e Carlos Alexandre Gomes. Assim como nas edi\u00e7\u00f5es anteriores, somente estiveram aptos ao pr\u00eamio deputados e senadores que n\u00e3o respondem a inqu\u00e9ritos ou a\u00e7\u00f5es penais no Supremo Tribunal Federal.<\/p>\n<p>Na ocasi\u00e3o, o presidente do SINPROFAZ premiou os Melhores Senadores eleitos por voto popular. Os cinco mais votados receberam o certificado das m\u00e3os de Achilles Frias. Foram eles Randolfe Rodrigues (Rede\/AP), quinto mais votado; \u00c1lvaro Dias (PODE\/PR), quarto mais votado, mas que n\u00e3o p\u00f4de comparecer ao evento; Paulo Paim (PT\/RS), terceiro senador mais votado; Ana Am\u00e9lia (PP\/RS), segunda mais votada, e Magno Malta (PR\/ES), vencedor da categoria. Al\u00e9m de um certificado, o primeiro colocado recebeu de Achilles Frias um trof\u00e9u criado especialmente para a d\u00e9cima edi\u00e7\u00e3o do Pr\u00eamio.<\/p>\n<p><b>Parlamentares premiados<\/b><\/p>\n<p>Na avalia\u00e7\u00e3o do j\u00fari, Ana Am\u00e9lia (PP\/RS) e Tasso Jereissati (PSDB\/CE) foram os grandes vencedores no Senado. Os dois terminaram empatados na primeira coloca\u00e7\u00e3o. Na C\u00e2mara, o preferido dos jurados foi o deputado Alessandro Molon (Rede\/RJ). Na vota\u00e7\u00e3o via internet, os vencedores foram o senador Magno Malta (PR\/ES) e o deputado Eduardo Bolsonaro (PSC\/SP). J\u00e1 os mais bem avaliados pelos jornalistas foram o senador Randolfe Rodrigues (Rede\/AP) e o deputado Chico Alencar (Psol\/RJ). Foram validados mais de um milh\u00e3o de votos via internet. Tamb\u00e9m participaram da escolha 73 jornalistas de 45 ve\u00edculos nacionais de comunica\u00e7\u00e3o.<\/p>\n\n\t\t<style type=\"text\/css\">\n\t\t\t#gallery-1 {\n\t\t\t\tmargin: auto;\n\t\t\t}\n\t\t\t#gallery-1 .gallery-item {\n\t\t\t\tfloat: left;\n\t\t\t\tmargin-top: 10px;\n\t\t\t\ttext-align: center;\n\t\t\t\twidth: 33%;\n\t\t\t}\n\t\t\t#gallery-1 img {\n\t\t\t\tborder: 2px solid #cfcfcf;\n\t\t\t}\n\t\t\t#gallery-1 .gallery-caption {\n\t\t\t\tmargin-left: 0;\n\t\t\t}\n\t\t\t\/* see gallery_shortcode() in wp-includes\/media.php *\/\n\t\t<\/style>\n\t\t<div id='gallery-1' class='gallery galleryid-7362 gallery-columns-3 gallery-size-thumbnail'><dl class='gallery-item'>\n\t\t\t<dt class='gallery-icon landscape'>\n\t\t\t\t<a href='https:\/\/sinprofaz.org.br\/2024\/wp-content\/uploads\/2017\/10\/024.jpg'><img loading=\"lazy\" decoding=\"async\" width=\"150\" height=\"150\" src=\"https:\/\/sinprofaz.org.br\/2024\/wp-content\/uploads\/2017\/10\/024-150x150.jpg\" class=\"attachment-thumbnail size-thumbnail\" alt=\"\" \/><\/a>\n\t\t\t<\/dt><\/dl><dl class='gallery-item'>\n\t\t\t<dt class='gallery-icon landscape'>\n\t\t\t\t<a href='https:\/\/sinprofaz.org.br\/2024\/wp-content\/uploads\/2017\/10\/034.jpg'><img loading=\"lazy\" decoding=\"async\" width=\"150\" height=\"150\" src=\"https:\/\/sinprofaz.org.br\/2024\/wp-content\/uploads\/2017\/10\/034-150x150.jpg\" class=\"attachment-thumbnail size-thumbnail\" alt=\"\" \/><\/a>\n\t\t\t<\/dt><\/dl><dl class='gallery-item'>\n\t\t\t<dt class='gallery-icon landscape'>\n\t\t\t\t<a href='https:\/\/sinprofaz.org.br\/2024\/wp-content\/uploads\/2017\/10\/041.jpg'><img loading=\"lazy\" decoding=\"async\" width=\"150\" height=\"150\" src=\"https:\/\/sinprofaz.org.br\/2024\/wp-content\/uploads\/2017\/10\/041-150x150.jpg\" class=\"attachment-thumbnail size-thumbnail\" alt=\"\" \/><\/a>\n\t\t\t<\/dt><\/dl><br style=\"clear: both\" \/>\n\t\t<\/div>\n\n","protected":false},"excerpt":{"rendered":"<p>O SINPROFAZ participou da entrega do Pr\u00eamio Congresso em Foco 2017. A festa de premia\u00e7\u00e3o, que homenageou os congressistas de destaque do ano, contou com o apoio do Sindicato, cujo presidente premiou os Melhores Senadores eleitos por voto popular.<\/p>\n","protected":false},"author":2,"featured_media":7364,"comment_status":"open","ping_status":"open","sticky":false,"template":"","format":"standard","meta":{"footnotes":""},"categories":[8],"tags":[73,29,25],"featured_image_url":"https:\/\/sinprofaz.org.br\/2024\/wp-content\/uploads\/2017\/10\/017-800x198.jpg","character_count":1155,"formatted_date":"27\/10\/2017 - 10:55","contentNovo":"<p>Na quinta-feira (19), o SINPROFAZ participou da entrega do Pr\u00eamio Congresso em Foco 2017. A festa de premia\u00e7\u00e3o, que homenageou os congressistas de destaque do ano, contou com o apoio do Sindicato, o qual foi representado pelo presidente Achilles Frias, pelo vice-presidente Juscelino Ferreira e pelos diretores Iolanda Guindani, Jos\u00e9 Ernane Brito, Giuliano Menezes, Rodrigo Mellet, Roberto Rodrigues, Andr\u00e9 Campello, Ant\u00f4nio Guedes, S\u00e9rgio Carneiro, Val\u00e9ria Ferreira e Carlos Alexandre Gomes. Assim como nas edi\u00e7\u00f5es anteriores, somente estiveram aptos ao pr\u00eamio deputados e senadores que n\u00e3o respondem a inqu\u00e9ritos ou a\u00e7\u00f5es penais no Supremo Tribunal Federal.<\/p><p>Na ocasi\u00e3o, o presidente do SINPROFAZ premiou os Melhores Senadores eleitos por voto popular. Os cinco mais votados receberam o certificado das m\u00e3os de Achilles Frias. Foram eles Randolfe Rodrigues (Rede\/AP), quinto mais votado; \u00c1lvaro Dias (PODE\/PR), quarto mais votado, mas que n\u00e3o p\u00f4de comparecer ao evento; Paulo Paim (PT\/RS), terceiro senador mais votado; Ana Am\u00e9lia (PP\/RS), segunda mais votada, e Magno Malta (PR\/ES), vencedor da categoria. Al\u00e9m de um certificado, o primeiro colocado recebeu de Achilles Frias um trof\u00e9u criado especialmente para a d\u00e9cima edi\u00e7\u00e3o do Pr\u00eamio.<\/p><p>Parlamentares premiados<\/p><p>Na avalia\u00e7\u00e3o do j\u00fari, Ana Am\u00e9lia (PP\/RS) e Tasso Jereissati (PSDB\/CE) foram os grandes vencedores no Senado. Os dois terminaram empatados na primeira coloca\u00e7\u00e3o. Na C\u00e2mara, o preferido dos jurados foi o deputado Alessandro Molon (Rede\/RJ). Na vota\u00e7\u00e3o via internet, os vencedores foram o senador Magno Malta (PR\/ES) e o deputado Eduardo Bolsonaro (PSC\/SP). J\u00e1 os mais bem avaliados pelos jornalistas foram o senador Randolfe Rodrigues (Rede\/AP) e o deputado Chico Alencar (Psol\/RJ). Foram validados mais de um milh\u00e3o de votos via internet. Tamb\u00e9m participaram da escolha 73 jornalistas de 45 ve\u00edculos nacionais de comunica\u00e7\u00e3o.<\/p>[gallery link=\"file\" ids=\"7365,7366,7363\"]","_links":{"self":[{"href":"https:\/\/sinprofaz.org.br\/2024\/wp-json\/wp\/v2\/posts\/7362"}],"collection":[{"href":"https:\/\/sinprofaz.org.br\/2024\/wp-json\/wp\/v2\/posts"}],"about":[{"href":"https:\/\/sinprofaz.org.br\/2024\/wp-json\/wp\/v2\/types\/post"}],"author":[{"embeddable":true,"href":"https:\/\/sinprofaz.org.br\/2024\/wp-json\/wp\/v2\/users\/2"}],"replies":[{"embeddable":true,"href":"https:\/\/sinprofaz.org.br\/2024\/wp-json\/wp\/v2\/comments?post=7362"}],"version-history":[{"count":1,"href":"https:\/\/sinprofaz.org.br\/2024\/wp-json\/wp\/v2\/posts\/7362\/revisions"}],"predecessor-version":[{"id":7367,"href":"https:\/\/sinprofaz.org.br\/2024\/wp-json\/wp\/v2\/posts\/7362\/revisions\/7367"}],"wp:featuredmedia":[{"embeddable":true,"href":"https:\/\/sinprofaz.org.br\/2024\/wp-json\/wp\/v2\/media\/7364"}],"wp:attachment":[{"href":"https:\/\/sinprofaz.org.br\/2024\/wp-json\/wp\/v2\/media?parent=7362"}],"wp:term":[{"taxonomy":"category","embeddable":true,"href":"https:\/\/sinprofaz.org.br\/2024\/wp-json\/wp\/v2\/categories?post=7362"},{"taxonomy":"post_tag","embeddable":true,"href":"https:\/\/sinprofaz.org.br\/2024\/wp-json\/wp\/v2\/tags?post=7362"}],"curies":[{"name":"wp","href":"https:\/\/api.w.org\/{rel}","templated":true}]}}