{"id":736,"date":"2012-04-20T13:36:34","date_gmt":"2012-04-20T13:36:34","guid":{"rendered":""},"modified":"-0001-11-30T00:00:00","modified_gmt":"-0001-11-30T03:00:00","slug":"lider-do-dem-recebe-entidades-da-advocacia-e-defensoria-publica-federais","status":"publish","type":"post","link":"https:\/\/sinprofaz.org.br\/2024\/noticias\/lider-do-dem-recebe-entidades-da-advocacia-e-defensoria-publica-federais\/","title":{"rendered":"L\u00edder do DEM recebe entidades da Advocacia e Defensoria P\u00fablica Federais"},"content":{"rendered":"<p><img loading=\"lazy\" decoding=\"async\" style=\"border: 1px solid #000000; margin-right: 10px; float: left;\" alt=\"\" src=\"images\/noticias\/lider-do-dem-recebe-entidades\/reuniao-lider-dem-grande.jpg\" height=\"154\" width=\"218\" \/>No encontro, os dirigentes pediram apoio ao deputado ACM Neto (BA) nas negocia\u00e7\u00f5es de reajuste salarial.<\/p>\n<p>Durante a reuni\u00e3o, que ocorreu na \u00faltima quarta-feira, 18\/04, as entidades destacaram as condi\u00e7\u00f5es impostas \u00e0s carreiras, apresentando suas principais necessidades e revelando ao deputado as p\u00e9ssimas condi\u00e7\u00f5es de trabalho nas unidades de servi\u00e7o, al\u00e9m do preocupante quadro de evas\u00e3o de membros tanto na AGU quanto na Defensoria Publica da Uni\u00e3o.<\/p>\n<p>Foram apresentados dados demonstrando que a baixa remunera\u00e7\u00e3o tem causado a perda de grande parte dos membros nas duas Carreiras e que a isonomia remunerat\u00f3ria entre as Institui\u00e7\u00f5es consideradas Fun\u00e7\u00f5es Essenciais \u00e0 Justi\u00e7a evitaria a progress\u00e3o do elevado \u00edndice de evas\u00e3o dos quadros da Advocacia e Defensoria P\u00fablicas Federais.<\/p>\n<p>Tamb\u00e9m foi enfatizado que as Carreiras precisam de mais aten\u00e7\u00e3o e investimento do Governo Federal e, conforme determina a pr\u00f3pria Constitui\u00e7\u00e3o, deve haver equil\u00edbrio no tratamento a ser dado em rela\u00e7\u00e3o ao Minist\u00e9rio P\u00fablico e \u00e0 Magistratura Federal, tanto em infraestrutura quanto remunerat\u00f3rio, solicitando o apoio do deputado para articular, dentro da C\u00e2mara, a\u00e7\u00f5es favor\u00e1veis \u00e0s carreiras.<\/p>\n<p>O deputado informou que estava ciente do quadro de evas\u00e3o das Carreiras, e que levar\u00e1 a preocupa\u00e7\u00e3o aos outros parlamentares do partido, bem como defender\u00e1 em plen\u00e1rio os argumentos apresentados. &#8220;Quero ajudar, podem contar com meu apoio, mas continuem procurando apoio de outros l\u00edderes, inclusive da base do Governo, pois esse trabalho \u00e9 essencial&#8221;, afirmou o deputado ACM Neto.<\/p>\n<h3>Calend\u00e1rio de Mobiliza\u00e7\u00f5es<\/h3>\n<p><strong><em>Manifesta\u00e7\u00e3o p\u00fablica no dia 25 de abril &#8211; a partir das14h:<\/em><\/strong><\/p>\n<p>Ato em frente \u00e0 AGU e ao Minist\u00e9rio da Justi\u00e7a, em Bras\u00edlia, para demonstrar a insatisfa\u00e7\u00e3o dos Advogados P\u00fablicos e Defensores Federais com o sucateamento das carreiras e a necessidade dos respectivos Ministros encamparem publicamente os pleitos remunerat\u00f3rios e de melhora de estrutura e prerrogativas j\u00e1 apresentados. No dia, haver\u00e1 distribui\u00e7\u00e3o de material, manifesta\u00e7\u00e3o p\u00fablica por meio de carro de som e estrutura elaborada pelas entidades.<\/p>\n<p><strong><em>Dia Nacional de Paralisa\u00e7\u00e3o de Advert\u00eancia &#8211; 09 de maio:<\/em><\/strong><\/p>\n<p>Em Bras\u00edlia, ser\u00e1 realizado amplo Semin\u00e1rio na C\u00e2mara dos Deputados, em hor\u00e1rio a ser confirmado, para defesa dos projetos da Advocacia P\u00fablica e Defensoria P\u00fablica Federais, com alerta para o sucateamento da AGU e DPU e tratamento remunerat\u00f3rio insatisfat\u00f3rio dos Advogados e Defensores Federais.<\/p>\n<p>Nos Estados, ser\u00e3o realizadas Assembleias em conjunto, a serem organizadas pelos representantes estaduais das entidades. Sugere-se que essas Assembleias sejam realizadas na OAB local, contatando a Comiss\u00e3o da Advocacia P\u00fablica para apoio, como forma de demonstrar a insatisfa\u00e7\u00e3o da categoria, bem como expondo nossos pleitos.<\/p>\n<p>Na mesma data, haver\u00e1 paralisa\u00e7\u00e3o nacional de advert\u00eancia por 24 horas das carreiras de Delegados e Peritos da PF, Auditores do Fisco e Trabalho e Carreiras do Ciclo de Gest\u00e3o.<\/p>\n<p style=\"margin-top: 40px; text-align: center;\"><img decoding=\"async\" title=\"Mobiliza\u00e7\u00e3o\" alt=\"Banner Mobiliza\u00e7\u00e3o\" src=\"\/images\/noticias\/mobilizacao.gif\" \/><\/p>\n","protected":false},"excerpt":{"rendered":"<p>No encontro, os dirigentes pediram apoio ao deputado ACM Neto (BA) nas negocia\u00e7\u00f5es de reajuste salarial.<\/p>\n","protected":false},"author":1,"featured_media":0,"comment_status":"closed","ping_status":"open","sticky":false,"template":"","format":"standard","meta":{"footnotes":""},"categories":[8],"tags":[],"featured_image_url":"https:\/\/dummyimage.com\/720x400","character_count":1535,"formatted_date":"20\/04\/2012 - 13:36","contentNovo":"\r\n<p>No encontro, os dirigentes pediram apoio ao deputado ACM Neto (BA) nas negocia\u00e7\u00f5es de reajuste salarial.<\/p>\r\n<p>Durante a reuni\u00e3o, que ocorreu na \u00faltima quarta-feira, 18\/04, as entidades destacaram as condi\u00e7\u00f5es impostas \u00e0s carreiras, apresentando suas principais necessidades e revelando ao deputado as p\u00e9ssimas condi\u00e7\u00f5es de trabalho nas unidades de servi\u00e7o, al\u00e9m do preocupante quadro de evas\u00e3o de membros tanto na AGU quanto na Defensoria Publica da Uni\u00e3o.<\/p>\r\n<p>Foram apresentados dados demonstrando que a baixa remunera\u00e7\u00e3o tem causado a perda de grande parte dos membros nas duas Carreiras e que a isonomia remunerat\u00f3ria entre as Institui\u00e7\u00f5es consideradas Fun\u00e7\u00f5es Essenciais \u00e0 Justi\u00e7a evitaria a progress\u00e3o do elevado \u00edndice de evas\u00e3o dos quadros da Advocacia e Defensoria P\u00fablicas Federais.<\/p>\r\n<p>Tamb\u00e9m foi enfatizado que as Carreiras precisam de mais aten\u00e7\u00e3o e investimento do Governo Federal e, conforme determina a pr\u00f3pria Constitui\u00e7\u00e3o, deve haver equil\u00edbrio no tratamento a ser dado em rela\u00e7\u00e3o ao Minist\u00e9rio P\u00fablico e \u00e0 Magistratura Federal, tanto em infraestrutura quanto remunerat\u00f3rio, solicitando o apoio do deputado para articular, dentro da C\u00e2mara, a\u00e7\u00f5es favor\u00e1veis \u00e0s carreiras.<\/p>\r\n<p>O deputado informou que estava ciente do quadro de evas\u00e3o das Carreiras, e que levar\u00e1 a preocupa\u00e7\u00e3o aos outros parlamentares do partido, bem como defender\u00e1 em plen\u00e1rio os argumentos apresentados. \"Quero ajudar, podem contar com meu apoio, mas continuem procurando apoio de outros l\u00edderes, inclusive da base do Governo, pois esse trabalho \u00e9 essencial\", afirmou o deputado ACM Neto.<\/p>\r\nCalend\u00e1rio de Mobiliza\u00e7\u00f5es\r\n<p><strong><em>Manifesta\u00e7\u00e3o p\u00fablica no dia 25 de abril - a partir das14h:<\/em><\/strong><\/p>\r\n<p>Ato em frente \u00e0 AGU e ao Minist\u00e9rio da Justi\u00e7a, em Bras\u00edlia, para demonstrar a insatisfa\u00e7\u00e3o dos Advogados P\u00fablicos e Defensores Federais com o sucateamento das carreiras e a necessidade dos respectivos Ministros encamparem publicamente os pleitos remunerat\u00f3rios e de melhora de estrutura e prerrogativas j\u00e1 apresentados. No dia, haver\u00e1 distribui\u00e7\u00e3o de material, manifesta\u00e7\u00e3o p\u00fablica por meio de carro de som e estrutura elaborada pelas entidades.<\/p>\r\n<p><strong><em>Dia Nacional de Paralisa\u00e7\u00e3o de Advert\u00eancia - 09 de maio:<\/em><\/strong><\/p>\r\n<p>Em Bras\u00edlia, ser\u00e1 realizado amplo Semin\u00e1rio na C\u00e2mara dos Deputados, em hor\u00e1rio a ser confirmado, para defesa dos projetos da Advocacia P\u00fablica e Defensoria P\u00fablica Federais, com alerta para o sucateamento da AGU e DPU e tratamento remunerat\u00f3rio insatisfat\u00f3rio dos Advogados e Defensores Federais.<\/p>\r\n<p>Nos Estados, ser\u00e3o realizadas Assembleias em conjunto, a serem organizadas pelos representantes estaduais das entidades. Sugere-se que essas Assembleias sejam realizadas na OAB local, contatando a Comiss\u00e3o da Advocacia P\u00fablica para apoio, como forma de demonstrar a insatisfa\u00e7\u00e3o da categoria, bem como expondo nossos pleitos.<\/p>\r\n<p>Na mesma data, haver\u00e1 paralisa\u00e7\u00e3o nacional de advert\u00eancia por 24 horas das carreiras de Delegados e Peritos da PF, Auditores do Fisco e Trabalho e Carreiras do Ciclo de Gest\u00e3o.<\/p>\r\n<p style=\"margin-top: 40px; text-align: center;\"><\/p>","_links":{"self":[{"href":"https:\/\/sinprofaz.org.br\/2024\/wp-json\/wp\/v2\/posts\/736"}],"collection":[{"href":"https:\/\/sinprofaz.org.br\/2024\/wp-json\/wp\/v2\/posts"}],"about":[{"href":"https:\/\/sinprofaz.org.br\/2024\/wp-json\/wp\/v2\/types\/post"}],"author":[{"embeddable":true,"href":"https:\/\/sinprofaz.org.br\/2024\/wp-json\/wp\/v2\/users\/1"}],"replies":[{"embeddable":true,"href":"https:\/\/sinprofaz.org.br\/2024\/wp-json\/wp\/v2\/comments?post=736"}],"version-history":[{"count":0,"href":"https:\/\/sinprofaz.org.br\/2024\/wp-json\/wp\/v2\/posts\/736\/revisions"}],"wp:attachment":[{"href":"https:\/\/sinprofaz.org.br\/2024\/wp-json\/wp\/v2\/media?parent=736"}],"wp:term":[{"taxonomy":"category","embeddable":true,"href":"https:\/\/sinprofaz.org.br\/2024\/wp-json\/wp\/v2\/categories?post=736"},{"taxonomy":"post_tag","embeddable":true,"href":"https:\/\/sinprofaz.org.br\/2024\/wp-json\/wp\/v2\/tags?post=736"}],"curies":[{"name":"wp","href":"https:\/\/api.w.org\/{rel}","templated":true}]}}