{"id":734,"date":"2012-04-19T14:51:35","date_gmt":"2012-04-19T14:51:35","guid":{"rendered":""},"modified":"-0001-11-30T00:00:00","modified_gmt":"-0001-11-30T03:00:00","slug":"pfn-participe-das-mobilizacoes-convocadas-pelo-sinprofaz","status":"publish","type":"post","link":"https:\/\/sinprofaz.org.br\/2024\/noticias\/pfn-participe-das-mobilizacoes-convocadas-pelo-sinprofaz\/","title":{"rendered":"PFN, participe das mobiliza\u00e7\u00f5es convocadas pelo SINPROFAZ"},"content":{"rendered":"<p>O SINPROFAZ conclama os membros da carreira de Procurador da Fazenda Nacional a participarem da agenda programada para as pr\u00f3ximas semanas no que diz respeito \u00e0 campanha salarial.<\/p>\n<p>&nbsp;<\/p>\n<p><strong>Dia 25 de abril, a partir da 14h:<\/strong><\/p>\n<p>Manifesta\u00e7\u00e3o p\u00fablica em frente \u00e0 AGU e ao Minist\u00e9rio da Justi\u00e7a, em Bras\u00edlia, para demonstrar a insatisfa\u00e7\u00e3o dos Advogados P\u00fablicos e Defensores Federais com o sucateamento das carreiras e a necessidade dos respectivos Ministros encamparem publicamente os pleitos remunerat\u00f3rios e de melhora de estrutura e prerrogativas j\u00e1 apresentados.<\/p>\n<p>Neste dia, haver\u00e1 distribui\u00e7\u00e3o de material, carro de som e estrutura montada pelas entidades.<\/p>\n<p><strong>Dia 09 de maio:<\/strong><\/p>\n<h4>Dia Nacional de Paralisa\u00e7\u00e3o de Advert\u00eancia<\/h4>\n<p>Na mesma data, haver\u00e1 paralisa\u00e7\u00e3o nacional de advert\u00eancia por 24h das carreiras de Delegados e Peritos da PF, Auditores do Fisco e Trabalho e Carreiras do Ciclo de Gest\u00e3o.<\/p>\n<p>Em Bras\u00edlia, ser\u00e1 realizado amplo Semin\u00e1rio na C\u00e2mara dos Deputados, em hor\u00e1rio a ser confirmado, para defesa dos projetos da Advocacia P\u00fablica e Defensoria P\u00fablica Federais, com alerta para o sucateamento da AGU e DPU e tratamento remunerat\u00f3rio insatisfat\u00f3rio dos Advogados e Defensores Federais.<\/p>\n<p>Nos Estados, ser\u00e3o realizadas Assembleias em conjunto, a serem organizadas pelos representantes estaduais das entidades. Sugere-se que essas Assembleias sejam realizadas na OAB local, contatando a Comiss\u00e3o da Advocacia P\u00fablica para apoio, como forma de demonstrar a insatisfa\u00e7\u00e3o da categoria, bem como expondo nossos pleitos.<\/p>\n<p><strong>Semana de 23 a 27 de abril:<\/strong><\/p>\n<p>Os diretores das entidades continuar\u00e3o cumprindo com a agenda parlamentar de visita\u00e7\u00e3o aos l\u00edderes, em busca de apoio no Congresso Nacional \u00e0s reivindica\u00e7\u00f5es da carreira j\u00e1 apresentadas ao Governo Federal.<\/p>\n<p>Ap\u00f3s a realiza\u00e7\u00e3o desses atos e mediante a interlocu\u00e7\u00e3o permanente entre as entidades, novas demonstra\u00e7\u00f5es p\u00fablicas de mobiliza\u00e7\u00e3o dos Advogados P\u00fablicos Federais e Defensores P\u00fablicos Federais ser\u00e3o realizadas e oportunamente informadas aos associados e \u00e0 sociedade.<\/p>\n<p>Caro Procurador da Fazenda Nacional, est\u00e1 na hora de todos participarem de forma ativa do processo de negocia\u00e7\u00e3o salarial e de reivindica\u00e7\u00e3o por melhorias estruturais e prerrogativas, seja para sinalizar ao Governo sobre a necessidade de que as negocia\u00e7\u00f5es transcorram de forma objetiva e atinjam resultados concretos num prazo razo\u00e1vel, seja para provocar alguma mudan\u00e7a de postura do Advogado-Geral da Uni\u00e3o e do Ministro da Justi\u00e7a quanto aos pleitos das carreiras.<\/p>\n<p style=\"margin-top: 40px; text-align: center;\"><img decoding=\"async\" title=\"Mobiliza\u00e7\u00e3o\" alt=\"Banner Mobiliza\u00e7\u00e3o\" src=\"images\/stories\/mobilizacao.gif\" \/><\/p>\n","protected":false},"excerpt":{"rendered":"<p>Reunidos nesta quarta-feira, 18\/04, os dirigentes do F\u00f3rum Nacional, Anadef e Unafe definiram a din\u00e2mica dos atos agendados no calend\u00e1rio de mobiliza\u00e7\u00f5es.<\/p>\n","protected":false},"author":1,"featured_media":0,"comment_status":"closed","ping_status":"open","sticky":false,"template":"","format":"standard","meta":{"footnotes":""},"categories":[8],"tags":[],"featured_image_url":"https:\/\/dummyimage.com\/720x400","character_count":1276,"formatted_date":"19\/04\/2012 - 14:51","contentNovo":"\r\n<p>O SINPROFAZ conclama os membros da carreira de Procurador da Fazenda Nacional a participarem da agenda programada para as pr\u00f3ximas semanas no que diz respeito \u00e0 campanha salarial.<\/p>\r\n<p>&nbsp;<\/p>\r\n<p><strong>Dia 25 de abril, a partir da 14h:<\/strong><\/p>\r\n<p>Manifesta\u00e7\u00e3o p\u00fablica em frente \u00e0 AGU e ao Minist\u00e9rio da Justi\u00e7a, em Bras\u00edlia, para demonstrar a insatisfa\u00e7\u00e3o dos Advogados P\u00fablicos e Defensores Federais com o sucateamento das carreiras e a necessidade dos respectivos Ministros encamparem publicamente os pleitos remunerat\u00f3rios e de melhora de estrutura e prerrogativas j\u00e1 apresentados.<\/p>\r\n<p>Neste dia, haver\u00e1 distribui\u00e7\u00e3o de material, carro de som e estrutura montada pelas entidades.<\/p>\r\n<p><strong>Dia 09 de maio:<\/strong><\/p>\r\nDia Nacional de Paralisa\u00e7\u00e3o de Advert\u00eancia\r\n<p>Na mesma data, haver\u00e1 paralisa\u00e7\u00e3o nacional de advert\u00eancia por 24h das carreiras de Delegados e Peritos da PF, Auditores do Fisco e Trabalho e Carreiras do Ciclo de Gest\u00e3o.<\/p>\r\n<p>Em Bras\u00edlia, ser\u00e1 realizado amplo Semin\u00e1rio na C\u00e2mara dos Deputados, em hor\u00e1rio a ser confirmado, para defesa dos projetos da Advocacia P\u00fablica e Defensoria P\u00fablica Federais, com alerta para o sucateamento da AGU e DPU e tratamento remunerat\u00f3rio insatisfat\u00f3rio dos Advogados e Defensores Federais.<\/p>\r\n<p>Nos Estados, ser\u00e3o realizadas Assembleias em conjunto, a serem organizadas pelos representantes estaduais das entidades. Sugere-se que essas Assembleias sejam realizadas na OAB local, contatando a Comiss\u00e3o da Advocacia P\u00fablica para apoio, como forma de demonstrar a insatisfa\u00e7\u00e3o da categoria, bem como expondo nossos pleitos.<\/p>\r\n<p><strong>Semana de 23 a 27 de abril:<\/strong><\/p>\r\n<p>Os diretores das entidades continuar\u00e3o cumprindo com a agenda parlamentar de visita\u00e7\u00e3o aos l\u00edderes, em busca de apoio no Congresso Nacional \u00e0s reivindica\u00e7\u00f5es da carreira j\u00e1 apresentadas ao Governo Federal.<\/p>\r\n<p>Ap\u00f3s a realiza\u00e7\u00e3o desses atos e mediante a interlocu\u00e7\u00e3o permanente entre as entidades, novas demonstra\u00e7\u00f5es p\u00fablicas de mobiliza\u00e7\u00e3o dos Advogados P\u00fablicos Federais e Defensores P\u00fablicos Federais ser\u00e3o realizadas e oportunamente informadas aos associados e \u00e0 sociedade.<\/p>\r\n<p>Caro Procurador da Fazenda Nacional, est\u00e1 na hora de todos participarem de forma ativa do processo de negocia\u00e7\u00e3o salarial e de reivindica\u00e7\u00e3o por melhorias estruturais e prerrogativas, seja para sinalizar ao Governo sobre a necessidade de que as negocia\u00e7\u00f5es transcorram de forma objetiva e atinjam resultados concretos num prazo razo\u00e1vel, seja para provocar alguma mudan\u00e7a de postura do Advogado-Geral da Uni\u00e3o e do Ministro da Justi\u00e7a quanto aos pleitos das carreiras.<\/p>\r\n<p style=\"margin-top: 40px; text-align: center;\"><\/p>","_links":{"self":[{"href":"https:\/\/sinprofaz.org.br\/2024\/wp-json\/wp\/v2\/posts\/734"}],"collection":[{"href":"https:\/\/sinprofaz.org.br\/2024\/wp-json\/wp\/v2\/posts"}],"about":[{"href":"https:\/\/sinprofaz.org.br\/2024\/wp-json\/wp\/v2\/types\/post"}],"author":[{"embeddable":true,"href":"https:\/\/sinprofaz.org.br\/2024\/wp-json\/wp\/v2\/users\/1"}],"replies":[{"embeddable":true,"href":"https:\/\/sinprofaz.org.br\/2024\/wp-json\/wp\/v2\/comments?post=734"}],"version-history":[{"count":0,"href":"https:\/\/sinprofaz.org.br\/2024\/wp-json\/wp\/v2\/posts\/734\/revisions"}],"wp:attachment":[{"href":"https:\/\/sinprofaz.org.br\/2024\/wp-json\/wp\/v2\/media?parent=734"}],"wp:term":[{"taxonomy":"category","embeddable":true,"href":"https:\/\/sinprofaz.org.br\/2024\/wp-json\/wp\/v2\/categories?post=734"},{"taxonomy":"post_tag","embeddable":true,"href":"https:\/\/sinprofaz.org.br\/2024\/wp-json\/wp\/v2\/tags?post=734"}],"curies":[{"name":"wp","href":"https:\/\/api.w.org\/{rel}","templated":true}]}}