{"id":7337,"date":"2017-10-20T16:08:58","date_gmt":"2017-10-20T16:08:58","guid":{"rendered":"http:\/\/www.sinprofaz.org.br\/?p=7337"},"modified":"2017-10-23T11:01:25","modified_gmt":"2017-10-23T11:01:25","slug":"sinprofaz-comparece-a-assembleia-do-fonacate","status":"publish","type":"post","link":"https:\/\/sinprofaz.org.br\/2024\/noticias\/sinprofaz-comparece-a-assembleia-do-fonacate\/","title":{"rendered":"SINPROFAZ COMPARECE A ASSEMBLEIA DO FONACATE"},"content":{"rendered":"<p>O SINPROFAZ, representado pelo presidente Achilles Frias, participou na ter\u00e7a-feira (17) de assembleia do F\u00f3rum Nacional Permanente de Carreiras T\u00edpicas de Estado, o Fonacate. A reuni\u00e3o, que ocorreu na sede do F\u00f3rum, em Bras\u00edlia\/DF, foi a primeira ap\u00f3s a admiss\u00e3o do SINPROFAZ no Fonacate.<\/p>\n<p>Na ocasi\u00e3o, discutiram-se principalmente as medidas anunciadas pelo Governo Federal que, se implementadas, ter\u00e3o como consequ\u00eancia o desmonte do servi\u00e7o p\u00fablico. Em exposi\u00e7\u00e3o durante a assembleia, o presidente do SINPROFAZ defendeu a uni\u00e3o das carreiras de Estado e posicionou-se veementemente contra as propostas governamentais que, de acordo com ele, culpam o servidor em rela\u00e7\u00e3o \u00e0 crise pela qual a pr\u00f3pria Administra\u00e7\u00e3o \u00e9 respons\u00e1vel.<\/p>\n<p>&#8220;Visto que \u00e9 atribui\u00e7\u00e3o espec\u00edfica dos PFNs a cobran\u00e7a da d\u00edvida ativa da Uni\u00e3o e o combate \u00e0 sonega\u00e7\u00e3o, o SINPROFAZ atacou desde o princ\u00edpio a quest\u00e3o do Refis, que \u00e9 uma vergonha. Este ano, de forma ainda mais absurda, colocaram um grande devedor para relatar a Medida Provis\u00f3ria. Se n\u00e3o nos mantivermos unidos, na resist\u00eancia, continuar\u00e3o fazendo, a olhos nus, negociatas as mais esp\u00farias dentro do Congresso Nacional&#8221;, destacou.<\/p>\n<p><b>O FONACATE<\/b><\/p>\n<p>Entidade de classe legitimada para representar as Carreiras T\u00edpicas de Estado, o Fonacate agrega associa\u00e7\u00f5es e sindicatos que, juntos, alcan\u00e7am mais de 180 mil servidores p\u00fablicos, constituindo um canal de comunica\u00e7\u00e3o e debate entre essas carreiras e a sociedade. Entre as associadas, est\u00e3o entidades representativas das carreiras de diplomatas brasileiros, defensores p\u00fablicos, membros do Minist\u00e9rio P\u00fablico, auditores fiscais da Receita Federal, servidores do Poder Legislativo Federal, entre v\u00e1rias outras.<\/p>\n\n\t\t<style type=\"text\/css\">\n\t\t\t#gallery-1 {\n\t\t\t\tmargin: auto;\n\t\t\t}\n\t\t\t#gallery-1 .gallery-item {\n\t\t\t\tfloat: left;\n\t\t\t\tmargin-top: 10px;\n\t\t\t\ttext-align: center;\n\t\t\t\twidth: 33%;\n\t\t\t}\n\t\t\t#gallery-1 img {\n\t\t\t\tborder: 2px solid #cfcfcf;\n\t\t\t}\n\t\t\t#gallery-1 .gallery-caption {\n\t\t\t\tmargin-left: 0;\n\t\t\t}\n\t\t\t\/* see gallery_shortcode() in wp-includes\/media.php *\/\n\t\t<\/style>\n\t\t<div id='gallery-1' class='gallery galleryid-7337 gallery-columns-3 gallery-size-thumbnail'><dl class='gallery-item'>\n\t\t\t<dt class='gallery-icon landscape'>\n\t\t\t\t<a href='https:\/\/sinprofaz.org.br\/2024\/wp-content\/uploads\/2017\/10\/031.jpg'><img loading=\"lazy\" decoding=\"async\" width=\"150\" height=\"150\" src=\"https:\/\/sinprofaz.org.br\/2024\/wp-content\/uploads\/2017\/10\/031-150x150.jpg\" class=\"attachment-thumbnail size-thumbnail\" alt=\"\" \/><\/a>\n\t\t\t<\/dt><\/dl><dl class='gallery-item'>\n\t\t\t<dt class='gallery-icon landscape'>\n\t\t\t\t<a href='https:\/\/sinprofaz.org.br\/2024\/wp-content\/uploads\/2017\/10\/021.jpg'><img loading=\"lazy\" decoding=\"async\" width=\"150\" height=\"150\" src=\"https:\/\/sinprofaz.org.br\/2024\/wp-content\/uploads\/2017\/10\/021-150x150.jpg\" class=\"attachment-thumbnail size-thumbnail\" alt=\"\" \/><\/a>\n\t\t\t<\/dt><\/dl>\n\t\t\t<br style='clear: both' \/>\n\t\t<\/div>\n\n","protected":false},"excerpt":{"rendered":"<p>O SINPROFAZ participou na ter\u00e7a-feira (17) de assembleia do F\u00f3rum Nacional Permanente de Carreiras T\u00edpicas de Estado, o Fonacate. A reuni\u00e3o, que ocorreu na sede do F\u00f3rum, foi a primeira ap\u00f3s a admiss\u00e3o do SINPROFAZ no Fonacate.<\/p>\n","protected":false},"author":2,"featured_media":7338,"comment_status":"open","ping_status":"open","sticky":false,"template":"","format":"standard","meta":{"footnotes":""},"categories":[8],"tags":[32,25],"featured_image_url":"https:\/\/sinprofaz.org.br\/2024\/wp-content\/uploads\/2017\/10\/012-800x198.jpg","character_count":1059,"formatted_date":"20\/10\/2017 - 16:08","contentNovo":"<p>O SINPROFAZ, representado pelo presidente Achilles Frias, participou na ter\u00e7a-feira (17) de assembleia do F\u00f3rum Nacional Permanente de Carreiras T\u00edpicas de Estado, o Fonacate. A reuni\u00e3o, que ocorreu na sede do F\u00f3rum, em Bras\u00edlia\/DF, foi a primeira ap\u00f3s a admiss\u00e3o do SINPROFAZ no Fonacate.<\/p><p>Na ocasi\u00e3o, discutiram-se principalmente as medidas anunciadas pelo Governo Federal que, se implementadas, ter\u00e3o como consequ\u00eancia o desmonte do servi\u00e7o p\u00fablico. Em exposi\u00e7\u00e3o durante a assembleia, o presidente do SINPROFAZ defendeu a uni\u00e3o das carreiras de Estado e posicionou-se veementemente contra as propostas governamentais que, de acordo com ele, culpam o servidor em rela\u00e7\u00e3o \u00e0 crise pela qual a pr\u00f3pria Administra\u00e7\u00e3o \u00e9 respons\u00e1vel.<\/p><p>\"Visto que \u00e9 atribui\u00e7\u00e3o espec\u00edfica dos PFNs a cobran\u00e7a da d\u00edvida ativa da Uni\u00e3o e o combate \u00e0 sonega\u00e7\u00e3o, o SINPROFAZ atacou desde o princ\u00edpio a quest\u00e3o do Refis, que \u00e9 uma vergonha. Este ano, de forma ainda mais absurda, colocaram um grande devedor para relatar a Medida Provis\u00f3ria. Se n\u00e3o nos mantivermos unidos, na resist\u00eancia, continuar\u00e3o fazendo, a olhos nus, negociatas as mais esp\u00farias dentro do Congresso Nacional\", destacou.<\/p><p>O FONACATE<\/p><p>Entidade de classe legitimada para representar as Carreiras T\u00edpicas de Estado, o Fonacate agrega associa\u00e7\u00f5es e sindicatos que, juntos, alcan\u00e7am mais de 180 mil servidores p\u00fablicos, constituindo um canal de comunica\u00e7\u00e3o e debate entre essas carreiras e a sociedade. Entre as associadas, est\u00e3o entidades representativas das carreiras de diplomatas brasileiros, defensores p\u00fablicos, membros do Minist\u00e9rio P\u00fablico, auditores fiscais da Receita Federal, servidores do Poder Legislativo Federal, entre v\u00e1rias outras.<\/p>[gallery link=\"file\" ids=\"7339,7340\"]\r\n\r\n","_links":{"self":[{"href":"https:\/\/sinprofaz.org.br\/2024\/wp-json\/wp\/v2\/posts\/7337"}],"collection":[{"href":"https:\/\/sinprofaz.org.br\/2024\/wp-json\/wp\/v2\/posts"}],"about":[{"href":"https:\/\/sinprofaz.org.br\/2024\/wp-json\/wp\/v2\/types\/post"}],"author":[{"embeddable":true,"href":"https:\/\/sinprofaz.org.br\/2024\/wp-json\/wp\/v2\/users\/2"}],"replies":[{"embeddable":true,"href":"https:\/\/sinprofaz.org.br\/2024\/wp-json\/wp\/v2\/comments?post=7337"}],"version-history":[{"count":1,"href":"https:\/\/sinprofaz.org.br\/2024\/wp-json\/wp\/v2\/posts\/7337\/revisions"}],"predecessor-version":[{"id":7341,"href":"https:\/\/sinprofaz.org.br\/2024\/wp-json\/wp\/v2\/posts\/7337\/revisions\/7341"}],"wp:featuredmedia":[{"embeddable":true,"href":"https:\/\/sinprofaz.org.br\/2024\/wp-json\/wp\/v2\/media\/7338"}],"wp:attachment":[{"href":"https:\/\/sinprofaz.org.br\/2024\/wp-json\/wp\/v2\/media?parent=7337"}],"wp:term":[{"taxonomy":"category","embeddable":true,"href":"https:\/\/sinprofaz.org.br\/2024\/wp-json\/wp\/v2\/categories?post=7337"},{"taxonomy":"post_tag","embeddable":true,"href":"https:\/\/sinprofaz.org.br\/2024\/wp-json\/wp\/v2\/tags?post=7337"}],"curies":[{"name":"wp","href":"https:\/\/api.w.org\/{rel}","templated":true}]}}