{"id":7292,"date":"2017-09-20T12:11:11","date_gmt":"2017-09-20T12:11:11","guid":{"rendered":"http:\/\/www.sinprofaz.org.br\/?p=7292"},"modified":"2017-09-22T12:17:24","modified_gmt":"2017-09-22T12:17:24","slug":"em-reuniao-na-agu-sinprofaz-e-anauni-reivindicam-demandas-das-carreiras","status":"publish","type":"post","link":"https:\/\/sinprofaz.org.br\/2024\/noticias\/em-reuniao-na-agu-sinprofaz-e-anauni-reivindicam-demandas-das-carreiras\/","title":{"rendered":"EM REUNI\u00c3O NA AGU, SINPROFAZ E ANAUNI REIVINDICAM DEMANDAS DAS CARREIRAS"},"content":{"rendered":"<p>O SINPROFAZ e a ANAUNI, representados pelos seus dirigentes Achilles Frias e Caio Wolff, estiveram reunidos ontem (19) com Fab\u00edola de Souza Ara\u00fajo, adjunta da Advogada-Geral da Uni\u00e3o. A reuni\u00e3o ocorreu na sede da AGU, em Bras\u00edlia\/DF.<\/p>\n<p>Na oportunidade, SINPROFAZ e ANAUNI refor\u00e7aram o pedido por novas nomea\u00e7\u00f5es no \u00e2mbito das carreiras de procurador da Fazenda Nacional e de advogado da Uni\u00e3o, de modo que haja esgotamento da lista de aprovados no \u00faltimo certame para PFN.<\/p>\n<p>As demandas das entidades foram recebidas por Fab\u00edola Ara\u00fajo, que reiterou o comprometimento da c\u00fapula da AGU com os atuais e futuros membros da Institui\u00e7\u00e3o, assim como com a imprescind\u00edvel estrutura\u00e7\u00e3o das carreiras em quest\u00e3o.<\/p>\n","protected":false},"excerpt":{"rendered":"<p>O SINPROFAZ e a ANAUNI, representados pelos seus dirigentes Achilles Frias e Caio Wolff, estiveram reunidos ontem (19) com Fab\u00edola de Souza Ara\u00fajo, adjunta da Advogada-Geral da Uni\u00e3o. A reuni\u00e3o ocorreu na sede da AGU, em Bras\u00edlia\/DF.<\/p>\n","protected":false},"author":2,"featured_media":7293,"comment_status":"open","ping_status":"open","sticky":false,"template":"","format":"standard","meta":{"footnotes":""},"categories":[8],"tags":[43,23,25],"featured_image_url":"https:\/\/sinprofaz.org.br\/2024\/wp-content\/uploads\/2017\/09\/017-800x198.jpg","character_count":360,"formatted_date":"20\/09\/2017 - 12:11","contentNovo":"<p>O SINPROFAZ e a ANAUNI, representados pelos seus dirigentes Achilles Frias e Caio Wolff, estiveram reunidos ontem (19) com Fab\u00edola de Souza Ara\u00fajo, adjunta da Advogada-Geral da Uni\u00e3o. A reuni\u00e3o ocorreu na sede da AGU, em Bras\u00edlia\/DF.<\/p>\r\n\r\n<p>Na oportunidade, SINPROFAZ e ANAUNI refor\u00e7aram o pedido por novas nomea\u00e7\u00f5es no \u00e2mbito das carreiras de procurador da Fazenda Nacional e de advogado da Uni\u00e3o, de modo que haja esgotamento da lista de aprovados no \u00faltimo certame para PFN.<\/p>\r\n\r\n<p>As demandas das entidades foram recebidas por Fab\u00edola Ara\u00fajo, que reiterou o comprometimento da c\u00fapula da AGU com os atuais e futuros membros da Institui\u00e7\u00e3o, assim como com a imprescind\u00edvel estrutura\u00e7\u00e3o das carreiras em quest\u00e3o.<\/p>","_links":{"self":[{"href":"https:\/\/sinprofaz.org.br\/2024\/wp-json\/wp\/v2\/posts\/7292"}],"collection":[{"href":"https:\/\/sinprofaz.org.br\/2024\/wp-json\/wp\/v2\/posts"}],"about":[{"href":"https:\/\/sinprofaz.org.br\/2024\/wp-json\/wp\/v2\/types\/post"}],"author":[{"embeddable":true,"href":"https:\/\/sinprofaz.org.br\/2024\/wp-json\/wp\/v2\/users\/2"}],"replies":[{"embeddable":true,"href":"https:\/\/sinprofaz.org.br\/2024\/wp-json\/wp\/v2\/comments?post=7292"}],"version-history":[{"count":1,"href":"https:\/\/sinprofaz.org.br\/2024\/wp-json\/wp\/v2\/posts\/7292\/revisions"}],"predecessor-version":[{"id":7294,"href":"https:\/\/sinprofaz.org.br\/2024\/wp-json\/wp\/v2\/posts\/7292\/revisions\/7294"}],"wp:featuredmedia":[{"embeddable":true,"href":"https:\/\/sinprofaz.org.br\/2024\/wp-json\/wp\/v2\/media\/7293"}],"wp:attachment":[{"href":"https:\/\/sinprofaz.org.br\/2024\/wp-json\/wp\/v2\/media?parent=7292"}],"wp:term":[{"taxonomy":"category","embeddable":true,"href":"https:\/\/sinprofaz.org.br\/2024\/wp-json\/wp\/v2\/categories?post=7292"},{"taxonomy":"post_tag","embeddable":true,"href":"https:\/\/sinprofaz.org.br\/2024\/wp-json\/wp\/v2\/tags?post=7292"}],"curies":[{"name":"wp","href":"https:\/\/api.w.org\/{rel}","templated":true}]}}