{"id":7287,"date":"2017-09-19T14:16:48","date_gmt":"2017-09-19T14:16:48","guid":{"rendered":"http:\/\/www.sinprofaz.org.br\/?p=7287"},"modified":"2017-09-20T12:12:14","modified_gmt":"2017-09-20T12:12:14","slug":"diretor-da-anauni-defende-aparelhamento-da-procuradoria-da-fazenda-nacional","status":"publish","type":"post","link":"https:\/\/sinprofaz.org.br\/2024\/noticias\/diretor-da-anauni-defende-aparelhamento-da-procuradoria-da-fazenda-nacional\/","title":{"rendered":"DIRETOR DA ANAUNI DEFENDE APARELHAMENTO DA PROCURADORIA DA FAZENDA NACIONAL"},"content":{"rendered":"<p>Membros da ANAUNI prestigiaram a cerim\u00f4nia de posse da diretoria reeleita do SINPROFAZ. Segundo Caio Wolff, diretor da Associa\u00e7\u00e3o, a parceria entre as entidades existe desde sempre e se renova especialmente em momentos de lutas comuns. As lutas, no entanto, n\u00e3o s\u00e3o corporativas, posto que a maior efici\u00eancia da Advocacia P\u00fablica Federal \u00e9 interesse do cidad\u00e3o.<\/p>\n<p>&#8220;Como advogados da Uni\u00e3o, n\u00f3s nos sentimos colegas em atua\u00e7\u00f5es do SINPROFAZ. Quando o Sindicato participa da CPI da Previd\u00eancia e mostra \u00e0 sociedade que o aparelhamento da Procuradoria da Fazenda Nacional para a cobran\u00e7a da d\u00edvida ativa e o investimento na Advocacia de Estado permitiria um arrocho muito menor ao cidad\u00e3o, ele demonstra que, assim como os advogados da Uni\u00e3o, os PFNs querem fazer bem o seu trabalho.&#8221;<\/p>\n<p><iframe loading=\"lazy\" width=\"218\" height=\"157\" src=\"https:\/\/www.youtube.com\/embed\/7psNOj5OHno\" frameborder=\"0\" allowfullscreen><\/iframe><\/p>\n","protected":false},"excerpt":{"rendered":"<p>Membros da ANAUNI prestigiaram a cerim\u00f4nia de posse da diretoria reeleita do SINPROFAZ. Segundo Caio Wolff, diretor da Associa\u00e7\u00e3o, a parceria entre as entidades existe desde sempre e se renova especialmente em momentos de lutas corporativas comuns.<\/p>\n","protected":false},"author":2,"featured_media":7289,"comment_status":"open","ping_status":"open","sticky":false,"template":"","format":"standard","meta":{"footnotes":""},"categories":[8],"tags":[32,27,25],"featured_image_url":"https:\/\/sinprofaz.org.br\/2024\/wp-content\/uploads\/2017\/09\/016-800x198.jpg","character_count":406,"formatted_date":"19\/09\/2017 - 14:16","contentNovo":"<p>Membros da ANAUNI prestigiaram a cerim\u00f4nia de posse da diretoria reeleita do SINPROFAZ. Segundo Caio Wolff, diretor da Associa\u00e7\u00e3o, a parceria entre as entidades existe desde sempre e se renova especialmente em momentos de lutas comuns. As lutas, no entanto, n\u00e3o s\u00e3o corporativas, posto que a maior efici\u00eancia da Advocacia P\u00fablica Federal \u00e9 interesse do cidad\u00e3o.<\/p>\r\n<p>\"Como advogados da Uni\u00e3o, n\u00f3s nos sentimos colegas em atua\u00e7\u00f5es do SINPROFAZ. Quando o Sindicato participa da CPI da Previd\u00eancia e mostra \u00e0 sociedade que o aparelhamento da Procuradoria da Fazenda Nacional para a cobran\u00e7a da d\u00edvida ativa e o investimento na Advocacia de Estado permitiria um arrocho muito menor ao cidad\u00e3o, ele demonstra que, assim como os advogados da Uni\u00e3o, os PFNs querem fazer bem o seu trabalho.\"<\/p>\r\n","_links":{"self":[{"href":"https:\/\/sinprofaz.org.br\/2024\/wp-json\/wp\/v2\/posts\/7287"}],"collection":[{"href":"https:\/\/sinprofaz.org.br\/2024\/wp-json\/wp\/v2\/posts"}],"about":[{"href":"https:\/\/sinprofaz.org.br\/2024\/wp-json\/wp\/v2\/types\/post"}],"author":[{"embeddable":true,"href":"https:\/\/sinprofaz.org.br\/2024\/wp-json\/wp\/v2\/users\/2"}],"replies":[{"embeddable":true,"href":"https:\/\/sinprofaz.org.br\/2024\/wp-json\/wp\/v2\/comments?post=7287"}],"version-history":[{"count":3,"href":"https:\/\/sinprofaz.org.br\/2024\/wp-json\/wp\/v2\/posts\/7287\/revisions"}],"predecessor-version":[{"id":7291,"href":"https:\/\/sinprofaz.org.br\/2024\/wp-json\/wp\/v2\/posts\/7287\/revisions\/7291"}],"wp:featuredmedia":[{"embeddable":true,"href":"https:\/\/sinprofaz.org.br\/2024\/wp-json\/wp\/v2\/media\/7289"}],"wp:attachment":[{"href":"https:\/\/sinprofaz.org.br\/2024\/wp-json\/wp\/v2\/media?parent=7287"}],"wp:term":[{"taxonomy":"category","embeddable":true,"href":"https:\/\/sinprofaz.org.br\/2024\/wp-json\/wp\/v2\/categories?post=7287"},{"taxonomy":"post_tag","embeddable":true,"href":"https:\/\/sinprofaz.org.br\/2024\/wp-json\/wp\/v2\/tags?post=7287"}],"curies":[{"name":"wp","href":"https:\/\/api.w.org\/{rel}","templated":true}]}}