{"id":7238,"date":"2017-09-04T13:46:11","date_gmt":"2017-09-04T13:46:11","guid":{"rendered":"http:\/\/www.sinprofaz.org.br\/?p=7238"},"modified":"2017-09-06T20:30:42","modified_gmt":"2017-09-06T20:30:42","slug":"reuniao-com-a-agu","status":"publish","type":"post","link":"https:\/\/sinprofaz.org.br\/2024\/noticias\/reuniao-com-a-agu\/","title":{"rendered":"REUNI\u00c3O COM A AGU"},"content":{"rendered":"<p>O SINPROFAZ, representado pelo Diretor Roberto Rodrigues, juntamente com outras entidades representativas das Carreiras Jur\u00eddicas Federais \u00a0(ANAUNI, ANAFE, ANAJUR, ANPREV e APBC) participou na \u00faltima sexta-feira (01), na sede da AGU, de reuni\u00e3o com a Advogada-Geral da Uni\u00e3o, Grace Maria Fernandes \u00a0Mendon\u00e7a. Tamb\u00e9m estiveram presentes na reuni\u00e3o o Vice AGU, Paulo Gustavo Medeiros Carvalho, bem como a Adjunta da AGU, Fab\u00edola Souza Araujo.<\/p>\n<p>Na ocasi\u00e3o, foram tratados assuntos de interesse das Carreiras Jur\u00eddicas da Uni\u00e3o, tendo a Ministra Chefe da AGU registrado que pretende realizar reuni\u00f5es regulares com as entidades associativas, objetivando manter todos informados acerca do trabalho institucional que vem fazendo em defesa da Institui\u00e7\u00e3o e das Carreiras que a comp\u00f5em.<\/p>\n\n\t\t<style type=\"text\/css\">\n\t\t\t#gallery-1 {\n\t\t\t\tmargin: auto;\n\t\t\t}\n\t\t\t#gallery-1 .gallery-item {\n\t\t\t\tfloat: left;\n\t\t\t\tmargin-top: 10px;\n\t\t\t\ttext-align: center;\n\t\t\t\twidth: 33%;\n\t\t\t}\n\t\t\t#gallery-1 img {\n\t\t\t\tborder: 2px solid #cfcfcf;\n\t\t\t}\n\t\t\t#gallery-1 .gallery-caption {\n\t\t\t\tmargin-left: 0;\n\t\t\t}\n\t\t\t\/* see gallery_shortcode() in wp-includes\/media.php *\/\n\t\t<\/style>\n\t\t<div id='gallery-1' class='gallery galleryid-7238 gallery-columns-3 gallery-size-thumbnail'><dl class='gallery-item'>\n\t\t\t<dt class='gallery-icon landscape'>\n\t\t\t\t<a href='https:\/\/sinprofaz.org.br\/2024\/wp-content\/uploads\/2017\/09\/04.jpg'><img loading=\"lazy\" decoding=\"async\" width=\"150\" height=\"150\" src=\"https:\/\/sinprofaz.org.br\/2024\/wp-content\/uploads\/2017\/09\/04-150x150.jpg\" class=\"attachment-thumbnail size-thumbnail\" alt=\"\" \/><\/a>\n\t\t\t<\/dt><\/dl><dl class='gallery-item'>\n\t\t\t<dt class='gallery-icon landscape'>\n\t\t\t\t<a href='https:\/\/sinprofaz.org.br\/2024\/wp-content\/uploads\/2017\/09\/05.jpg'><img loading=\"lazy\" decoding=\"async\" width=\"150\" height=\"150\" src=\"https:\/\/sinprofaz.org.br\/2024\/wp-content\/uploads\/2017\/09\/05-150x150.jpg\" class=\"attachment-thumbnail size-thumbnail\" alt=\"\" \/><\/a>\n\t\t\t<\/dt><\/dl><dl class='gallery-item'>\n\t\t\t<dt class='gallery-icon landscape'>\n\t\t\t\t<a href='https:\/\/sinprofaz.org.br\/2024\/wp-content\/uploads\/2017\/09\/06.jpg'><img loading=\"lazy\" decoding=\"async\" width=\"150\" height=\"150\" src=\"https:\/\/sinprofaz.org.br\/2024\/wp-content\/uploads\/2017\/09\/06-150x150.jpg\" class=\"attachment-thumbnail size-thumbnail\" alt=\"\" \/><\/a>\n\t\t\t<\/dt><\/dl><br style=\"clear: both\" \/><dl class='gallery-item'>\n\t\t\t<dt class='gallery-icon landscape'>\n\t\t\t\t<a href='https:\/\/sinprofaz.org.br\/2024\/wp-content\/uploads\/2017\/09\/02.jpg'><img loading=\"lazy\" decoding=\"async\" width=\"150\" height=\"150\" src=\"https:\/\/sinprofaz.org.br\/2024\/wp-content\/uploads\/2017\/09\/02-150x150.jpg\" class=\"attachment-thumbnail size-thumbnail\" alt=\"\" \/><\/a>\n\t\t\t<\/dt><\/dl><dl class='gallery-item'>\n\t\t\t<dt class='gallery-icon landscape'>\n\t\t\t\t<a href='https:\/\/sinprofaz.org.br\/2024\/wp-content\/uploads\/2017\/09\/03.jpg'><img loading=\"lazy\" decoding=\"async\" width=\"150\" height=\"150\" src=\"https:\/\/sinprofaz.org.br\/2024\/wp-content\/uploads\/2017\/09\/03-150x150.jpg\" class=\"attachment-thumbnail size-thumbnail\" alt=\"\" \/><\/a>\n\t\t\t<\/dt><\/dl>\n\t\t\t<br style='clear: both' \/>\n\t\t<\/div>\n\n","protected":false},"excerpt":{"rendered":"<p>O SINPROFAZ, representado pelo Diretor Roberto Rodrigues, juntamente com outras entidades representativas das Carreiras Jur\u00eddicas Federais participou na \u00faltima sexta-feira (01), na sede da AGU, de reuni\u00e3o com a Advogada-Geral da Uni\u00e3o, Grace Maria Fernandes Mendon\u00e7a.\u00a0<\/p>\n","protected":false},"author":2,"featured_media":7243,"comment_status":"open","ping_status":"open","sticky":false,"template":"","format":"standard","meta":{"footnotes":""},"categories":[8],"tags":[43,32,112,113],"featured_image_url":"https:\/\/sinprofaz.org.br\/2024\/wp-content\/uploads\/2017\/09\/01-800x198.jpg","character_count":602,"formatted_date":"04\/09\/2017 - 13:46","contentNovo":"<p>O SINPROFAZ, representado pelo Diretor Roberto Rodrigues, juntamente com outras entidades representativas das Carreiras Jur\u00eddicas Federais \u00a0(ANAUNI, ANAFE, ANAJUR, ANPREV e APBC) participou na \u00faltima sexta-feira (01), na sede da AGU, de reuni\u00e3o com a Advogada-Geral da Uni\u00e3o, Grace Maria Fernandes \u00a0Mendon\u00e7a. Tamb\u00e9m estiveram presentes na reuni\u00e3o o Vice AGU, Paulo Gustavo Medeiros Carvalho, bem como a Adjunta da AGU, Fab\u00edola Souza Araujo.<\/p>\r\n<p>Na ocasi\u00e3o, foram tratados assuntos de interesse das Carreiras Jur\u00eddicas da Uni\u00e3o, tendo a Ministra Chefe da AGU registrado que pretende realizar reuni\u00f5es regulares com as entidades associativas, objetivando manter todos informados acerca do trabalho institucional que vem fazendo em defesa da Institui\u00e7\u00e3o e das Carreiras que a comp\u00f5em.<\/p>\r\n[gallery link=\"file\" ids=\"7240,7241,7242,7244,7239\"]","_links":{"self":[{"href":"https:\/\/sinprofaz.org.br\/2024\/wp-json\/wp\/v2\/posts\/7238"}],"collection":[{"href":"https:\/\/sinprofaz.org.br\/2024\/wp-json\/wp\/v2\/posts"}],"about":[{"href":"https:\/\/sinprofaz.org.br\/2024\/wp-json\/wp\/v2\/types\/post"}],"author":[{"embeddable":true,"href":"https:\/\/sinprofaz.org.br\/2024\/wp-json\/wp\/v2\/users\/2"}],"replies":[{"embeddable":true,"href":"https:\/\/sinprofaz.org.br\/2024\/wp-json\/wp\/v2\/comments?post=7238"}],"version-history":[{"count":1,"href":"https:\/\/sinprofaz.org.br\/2024\/wp-json\/wp\/v2\/posts\/7238\/revisions"}],"predecessor-version":[{"id":7245,"href":"https:\/\/sinprofaz.org.br\/2024\/wp-json\/wp\/v2\/posts\/7238\/revisions\/7245"}],"wp:featuredmedia":[{"embeddable":true,"href":"https:\/\/sinprofaz.org.br\/2024\/wp-json\/wp\/v2\/media\/7243"}],"wp:attachment":[{"href":"https:\/\/sinprofaz.org.br\/2024\/wp-json\/wp\/v2\/media?parent=7238"}],"wp:term":[{"taxonomy":"category","embeddable":true,"href":"https:\/\/sinprofaz.org.br\/2024\/wp-json\/wp\/v2\/categories?post=7238"},{"taxonomy":"post_tag","embeddable":true,"href":"https:\/\/sinprofaz.org.br\/2024\/wp-json\/wp\/v2\/tags?post=7238"}],"curies":[{"name":"wp","href":"https:\/\/api.w.org\/{rel}","templated":true}]}}