{"id":7228,"date":"2017-08-29T14:30:20","date_gmt":"2017-08-29T14:30:20","guid":{"rendered":"http:\/\/www.sinprofaz.org.br\/?p=7228"},"modified":"2017-09-06T20:31:30","modified_gmt":"2017-09-06T20:31:30","slug":"novo-canal-no-twitter-promove-a-troca-de-informacoes-sobre-alteracoes-legislativas-tributarias-e-previdenciarias","status":"publish","type":"post","link":"https:\/\/sinprofaz.org.br\/2024\/noticias\/novo-canal-no-twitter-promove-a-troca-de-informacoes-sobre-alteracoes-legislativas-tributarias-e-previdenciarias\/","title":{"rendered":"Novo canal no Twitter promove a troca de informa\u00e7\u00f5es sobre altera\u00e7\u00f5es legislativas tribut\u00e1rias e previdenci\u00e1rias"},"content":{"rendered":"<p>A partir de agora, Procuradores da Fazenda Nacional e Assessoria Parlamentar do Minist\u00e9rio da Fazenda ir\u00e3o contar com mais uma ferramenta de comunica\u00e7\u00e3o r\u00e1pida, eficiente e exclusiva: o Twitter. Criado pela Adjuntoria de Consultoria Tribut\u00e1ria e Previdenci\u00e1ria da Procuradoria Geral da Fazenda Nacional (PGFN), o canal promover\u00e1 a troca di\u00e1ria de informa\u00e7\u00f5es sobre altera\u00e7\u00f5es legislativas tribut\u00e1rias e previdenci\u00e1rias &#8211; com a indica\u00e7\u00e3o dos n\u00fameros dos pareceres da que embasaram o envio de medidas ao Poder Legislativo.<\/p>\n<p>Tamb\u00e9m ser\u00e3o enviadas informa\u00e7\u00f5es a respeito de Instru\u00e7\u00f5es normativas, Atos Declarat\u00f3rios Interpretativos, Pareceres Normativos e Solu\u00e7\u00f5es de Consultas e de Diverg\u00eancias.<\/p>\n<p>O canal \u00e9 exclusivo e fechado somente para associados. Para ter acesso, compartilhar e receber informa\u00e7\u00f5es, basta seguir o perfil @LEGISPGACTP.<\/p>\n","protected":false},"excerpt":{"rendered":"<p>A partir de agora, Procuradores da Fazenda Nacional e Assessoria Parlamentar do Minist\u00e9rio da Fazenda ir\u00e3o contar com mais uma ferramenta de comunica\u00e7\u00e3o r\u00e1pida, eficiente e exclusiva: o Twitter.<\/p>\n","protected":false},"author":2,"featured_media":7229,"comment_status":"open","ping_status":"open","sticky":false,"template":"","format":"standard","meta":{"footnotes":""},"categories":[8],"tags":[109,32,110,108,25],"featured_image_url":"https:\/\/sinprofaz.org.br\/2024\/wp-content\/uploads\/2017\/08\/twitter.png","character_count":437,"formatted_date":"29\/08\/2017 - 14:30","contentNovo":"<p>A partir de agora, Procuradores da Fazenda Nacional e Assessoria Parlamentar do Minist\u00e9rio da Fazenda ir\u00e3o contar com mais uma ferramenta de comunica\u00e7\u00e3o r\u00e1pida, eficiente e exclusiva: o Twitter. Criado pela Adjuntoria de Consultoria Tribut\u00e1ria e Previdenci\u00e1ria da Procuradoria Geral da Fazenda Nacional (PGFN), o canal promover\u00e1 a troca di\u00e1ria de informa\u00e7\u00f5es sobre altera\u00e7\u00f5es legislativas tribut\u00e1rias e previdenci\u00e1rias - com a indica\u00e7\u00e3o dos n\u00fameros dos pareceres da que embasaram o envio de medidas ao Poder Legislativo.<\/p>\r\n \r\n<p>Tamb\u00e9m ser\u00e3o enviadas informa\u00e7\u00f5es a respeito de Instru\u00e7\u00f5es normativas, Atos Declarat\u00f3rios Interpretativos, Pareceres Normativos e Solu\u00e7\u00f5es de Consultas e de Diverg\u00eancias.<\/p>\r\n \r\n<p>O canal \u00e9 exclusivo e fechado somente para associados. Para ter acesso, compartilhar e receber informa\u00e7\u00f5es, basta seguir o perfil @LEGISPGACTP.<\/p>","_links":{"self":[{"href":"https:\/\/sinprofaz.org.br\/2024\/wp-json\/wp\/v2\/posts\/7228"}],"collection":[{"href":"https:\/\/sinprofaz.org.br\/2024\/wp-json\/wp\/v2\/posts"}],"about":[{"href":"https:\/\/sinprofaz.org.br\/2024\/wp-json\/wp\/v2\/types\/post"}],"author":[{"embeddable":true,"href":"https:\/\/sinprofaz.org.br\/2024\/wp-json\/wp\/v2\/users\/2"}],"replies":[{"embeddable":true,"href":"https:\/\/sinprofaz.org.br\/2024\/wp-json\/wp\/v2\/comments?post=7228"}],"version-history":[{"count":1,"href":"https:\/\/sinprofaz.org.br\/2024\/wp-json\/wp\/v2\/posts\/7228\/revisions"}],"predecessor-version":[{"id":7230,"href":"https:\/\/sinprofaz.org.br\/2024\/wp-json\/wp\/v2\/posts\/7228\/revisions\/7230"}],"wp:featuredmedia":[{"embeddable":true,"href":"https:\/\/sinprofaz.org.br\/2024\/wp-json\/wp\/v2\/media\/7229"}],"wp:attachment":[{"href":"https:\/\/sinprofaz.org.br\/2024\/wp-json\/wp\/v2\/media?parent=7228"}],"wp:term":[{"taxonomy":"category","embeddable":true,"href":"https:\/\/sinprofaz.org.br\/2024\/wp-json\/wp\/v2\/categories?post=7228"},{"taxonomy":"post_tag","embeddable":true,"href":"https:\/\/sinprofaz.org.br\/2024\/wp-json\/wp\/v2\/tags?post=7228"}],"curies":[{"name":"wp","href":"https:\/\/api.w.org\/{rel}","templated":true}]}}