{"id":7218,"date":"2017-08-23T12:00:45","date_gmt":"2017-08-23T12:00:45","guid":{"rendered":"http:\/\/www.sinprofaz.org.br\/?p=7218"},"modified":"2017-08-25T12:01:44","modified_gmt":"2017-08-25T12:01:44","slug":"sinprofaz-se-reune-com-representante-dos-defensores-publicos-federais","status":"publish","type":"post","link":"https:\/\/sinprofaz.org.br\/2024\/noticias\/sinprofaz-se-reune-com-representante-dos-defensores-publicos-federais\/","title":{"rendered":"SINPROFAZ SE RE\u00daNE COM REPRESENTANTE DOS DEFENSORES P\u00daBLICOS FEDERAIS"},"content":{"rendered":"<p>O SINPROFAZ, representado pelo presidente Achilles Frias, reuniu-se ontem (22) com Igor Roque, presidente da Associa\u00e7\u00e3o Nacional dos Defensores P\u00fablicos Federais &#8211; ANADEF. O encontro ocorreu na sede do SINPROFAZ, em Bras\u00edlia\/DF, e contou com a presen\u00e7a de membros da equipe de comunica\u00e7\u00e3o do Sindicato.<\/p>\n<p>Na oportunidade, discutiram-se assuntos de interesse comum, como a necessidade de preserva\u00e7\u00e3o dos direitos dos associados diante das medidas anunciadas pelo Governo Federal que afetam os servidores p\u00fablicos. Com o intuito de fortalecer a parceria entre as entidades, Igor Roque convidou o presidente do SINPROFAZ para a cerim\u00f4nia de posse da nova diretoria da Associa\u00e7\u00e3o. A solenidade ocorre no m\u00eas de setembro, em Bras\u00edlia.<\/p>\n\n\t\t<style type=\"text\/css\">\n\t\t\t#gallery-1 {\n\t\t\t\tmargin: auto;\n\t\t\t}\n\t\t\t#gallery-1 .gallery-item {\n\t\t\t\tfloat: left;\n\t\t\t\tmargin-top: 10px;\n\t\t\t\ttext-align: center;\n\t\t\t\twidth: 33%;\n\t\t\t}\n\t\t\t#gallery-1 img {\n\t\t\t\tborder: 2px solid #cfcfcf;\n\t\t\t}\n\t\t\t#gallery-1 .gallery-caption {\n\t\t\t\tmargin-left: 0;\n\t\t\t}\n\t\t\t\/* see gallery_shortcode() in wp-includes\/media.php *\/\n\t\t<\/style>\n\t\t<div id='gallery-1' class='gallery galleryid-7218 gallery-columns-3 gallery-size-thumbnail'><dl class='gallery-item'>\n\t\t\t<dt class='gallery-icon landscape'>\n\t\t\t\t<a href='https:\/\/sinprofaz.org.br\/2024\/wp-content\/uploads\/2017\/08\/024.jpg'><img loading=\"lazy\" decoding=\"async\" width=\"150\" height=\"150\" src=\"https:\/\/sinprofaz.org.br\/2024\/wp-content\/uploads\/2017\/08\/024-150x150.jpg\" class=\"attachment-thumbnail size-thumbnail\" alt=\"\" \/><\/a>\n\t\t\t<\/dt><\/dl>\n\t\t\t<br style='clear: both' \/>\n\t\t<\/div>\n\n","protected":false},"excerpt":{"rendered":"<p>O SINPROFAZ, representado pelo presidente Achilles Frias, reuniu-se ontem (22) com Igor Roque, presidente da ANADEF. O encontro ocorreu na sede do SINPROFAZ, em Bras\u00edlia\/DF, e contou com a presen\u00e7a de membros da equipe de comunica\u00e7\u00e3o do Sindicato.<\/p>\n","protected":false},"author":2,"featured_media":7220,"comment_status":"open","ping_status":"open","sticky":false,"template":"","format":"standard","meta":{"footnotes":""},"categories":[8],"tags":[23,25],"featured_image_url":"https:\/\/sinprofaz.org.br\/2024\/wp-content\/uploads\/2017\/08\/0112-800x198.jpg","character_count":553,"formatted_date":"23\/08\/2017 - 12:00","contentNovo":"<p>O SINPROFAZ, representado pelo presidente Achilles Frias, reuniu-se ontem (22) com Igor Roque, presidente da Associa\u00e7\u00e3o Nacional dos Defensores P\u00fablicos Federais - ANADEF. O encontro ocorreu na sede do SINPROFAZ, em Bras\u00edlia\/DF, e contou com a presen\u00e7a de membros da equipe de comunica\u00e7\u00e3o do Sindicato.<\/p><p>Na oportunidade, discutiram-se assuntos de interesse comum, como a necessidade de preserva\u00e7\u00e3o dos direitos dos associados diante das medidas anunciadas pelo Governo Federal que afetam os servidores p\u00fablicos. Com o intuito de fortalecer a parceria entre as entidades, Igor Roque convidou o presidente do SINPROFAZ para a cerim\u00f4nia de posse da nova diretoria da Associa\u00e7\u00e3o. A solenidade ocorre no m\u00eas de setembro, em Bras\u00edlia.<\/p>\r\n[gallery link=\"file\" ids=\"7219\"]","_links":{"self":[{"href":"https:\/\/sinprofaz.org.br\/2024\/wp-json\/wp\/v2\/posts\/7218"}],"collection":[{"href":"https:\/\/sinprofaz.org.br\/2024\/wp-json\/wp\/v2\/posts"}],"about":[{"href":"https:\/\/sinprofaz.org.br\/2024\/wp-json\/wp\/v2\/types\/post"}],"author":[{"embeddable":true,"href":"https:\/\/sinprofaz.org.br\/2024\/wp-json\/wp\/v2\/users\/2"}],"replies":[{"embeddable":true,"href":"https:\/\/sinprofaz.org.br\/2024\/wp-json\/wp\/v2\/comments?post=7218"}],"version-history":[{"count":1,"href":"https:\/\/sinprofaz.org.br\/2024\/wp-json\/wp\/v2\/posts\/7218\/revisions"}],"predecessor-version":[{"id":7221,"href":"https:\/\/sinprofaz.org.br\/2024\/wp-json\/wp\/v2\/posts\/7218\/revisions\/7221"}],"wp:featuredmedia":[{"embeddable":true,"href":"https:\/\/sinprofaz.org.br\/2024\/wp-json\/wp\/v2\/media\/7220"}],"wp:attachment":[{"href":"https:\/\/sinprofaz.org.br\/2024\/wp-json\/wp\/v2\/media?parent=7218"}],"wp:term":[{"taxonomy":"category","embeddable":true,"href":"https:\/\/sinprofaz.org.br\/2024\/wp-json\/wp\/v2\/categories?post=7218"},{"taxonomy":"post_tag","embeddable":true,"href":"https:\/\/sinprofaz.org.br\/2024\/wp-json\/wp\/v2\/tags?post=7218"}],"curies":[{"name":"wp","href":"https:\/\/api.w.org\/{rel}","templated":true}]}}