{"id":7211,"date":"2017-08-21T14:42:33","date_gmt":"2017-08-21T14:42:33","guid":{"rendered":"http:\/\/www.sinprofaz.org.br\/?p=7211"},"modified":"2017-08-21T14:42:33","modified_gmt":"2017-08-21T14:42:33","slug":"em-audiencia-no-senado-sinprofaz-defende-estruturacao-da-pgfn","status":"publish","type":"post","link":"https:\/\/sinprofaz.org.br\/2024\/noticias\/em-audiencia-no-senado-sinprofaz-defende-estruturacao-da-pgfn\/","title":{"rendered":"EM AUDI\u00caNCIA NO SENADO, SINPROFAZ DEFENDE ESTRUTURA\u00c7\u00c3O DA PGFN"},"content":{"rendered":"<p>O SINPROFAZ, representado pelo presidente Achilles Frias, participou de audi\u00eancia p\u00fablica promovida pela CPI da Previd\u00eancia no Senado Federal. Na reuni\u00e3o, que contou com a presen\u00e7a dos senadores H\u00e9lio Jos\u00e9 (PMDB\/DF) e Jos\u00e9 Medeiros (PSD\/MT), Achilles Frias explicou que, se a PGFN recebesse o devido investimento, a reforma da Previd\u00eancia, nos moldes propostos pelo Governo, n\u00e3o seria necess\u00e1ria. <\/p>\n<p>&#8220;H\u00e1 quase meio trilh\u00e3o de reais em recursos previdenci\u00e1rios devidos \u00e0 Uni\u00e3o. Se tiv\u00e9ssemos o ingresso desses recursos da forma devida, assim como a estrutura\u00e7\u00e3o do \u00f3rg\u00e3o constitucionalmente legitimado para cobr\u00e1-los, que \u00e9 a Procuradoria-Geral da Fazenda Nacional, n\u00e3o precisar\u00edamos de uma reforma da Previd\u00eancia como a que est\u00e1 sendo proposta&#8221;, afirmou. <\/p>\n<p>De acordo com a reportagem, a prefeitura de Guarulhos, na grande S\u00e3o Paulo, deve, sozinha, R$ 913 milh\u00f5es \u00e0 Previd\u00eancia. As prefeituras de S\u00e3o Paulo e do Rio de Janeiro tamb\u00e9m figuram entre os grandes devedores da Uni\u00e3o e devem ser ouvidas nas pr\u00f3ximas audi\u00eancias promovidas pela CPI da Previd\u00eancia. <\/p>\n<p>Ou\u00e7a a reportagem completa aqui: <a href=\"http:\/\/goo.gl\/bwd2Qg\">goo.gl\/bwd2Qg<\/a><\/p>\n","protected":false},"excerpt":{"rendered":"<p>Na reuni\u00e3o, que contou com a presen\u00e7a dos senadores H\u00e9lio Jos\u00e9 (PMDB\/DF) e Jos\u00e9 Medeiros (PSD\/MT), Achilles Frias explicou que, se a PGFN recebesse o devido investimento, a reforma da Previd\u00eancia, nos moldes propostos pelo Governo, n\u00e3o seria necess\u00e1ria. <\/p>\n","protected":false},"author":2,"featured_media":7212,"comment_status":"open","ping_status":"open","sticky":false,"template":"","format":"standard","meta":{"footnotes":""},"categories":[8],"tags":[32,45,25],"featured_image_url":"https:\/\/sinprofaz.org.br\/2024\/wp-content\/uploads\/2017\/08\/Senado-812x198.png","character_count":576,"formatted_date":"21\/08\/2017 - 14:42","contentNovo":"O SINPROFAZ, representado pelo presidente Achilles Frias, participou de audi\u00eancia p\u00fablica promovida pela CPI da Previd\u00eancia no Senado Federal. Na reuni\u00e3o, que contou com a presen\u00e7a dos senadores H\u00e9lio Jos\u00e9 (PMDB\/DF) e Jos\u00e9 Medeiros (PSD\/MT), Achilles Frias explicou que, se a PGFN recebesse o devido investimento, a reforma da Previd\u00eancia, nos moldes propostos pelo Governo, n\u00e3o seria necess\u00e1ria. \r\n\r\n\"H\u00e1 quase meio trilh\u00e3o de reais em recursos previdenci\u00e1rios devidos \u00e0 Uni\u00e3o. Se tiv\u00e9ssemos o ingresso desses recursos da forma devida, assim como a estrutura\u00e7\u00e3o do \u00f3rg\u00e3o constitucionalmente legitimado para cobr\u00e1-los, que \u00e9 a Procuradoria-Geral da Fazenda Nacional, n\u00e3o precisar\u00edamos de uma reforma da Previd\u00eancia como a que est\u00e1 sendo proposta\", afirmou. \r\n\r\nDe acordo com a reportagem, a prefeitura de Guarulhos, na grande S\u00e3o Paulo, deve, sozinha, R$ 913 milh\u00f5es \u00e0 Previd\u00eancia. As prefeituras de S\u00e3o Paulo e do Rio de Janeiro tamb\u00e9m figuram entre os grandes devedores da Uni\u00e3o e devem ser ouvidas nas pr\u00f3ximas audi\u00eancias promovidas pela CPI da Previd\u00eancia. \r\n\r\nOu\u00e7a a reportagem completa aqui: <a href=\"http:\/\/goo.gl\/bwd2Qg\">goo.gl\/bwd2Qg<\/a>\r\n","_links":{"self":[{"href":"https:\/\/sinprofaz.org.br\/2024\/wp-json\/wp\/v2\/posts\/7211"}],"collection":[{"href":"https:\/\/sinprofaz.org.br\/2024\/wp-json\/wp\/v2\/posts"}],"about":[{"href":"https:\/\/sinprofaz.org.br\/2024\/wp-json\/wp\/v2\/types\/post"}],"author":[{"embeddable":true,"href":"https:\/\/sinprofaz.org.br\/2024\/wp-json\/wp\/v2\/users\/2"}],"replies":[{"embeddable":true,"href":"https:\/\/sinprofaz.org.br\/2024\/wp-json\/wp\/v2\/comments?post=7211"}],"version-history":[{"count":1,"href":"https:\/\/sinprofaz.org.br\/2024\/wp-json\/wp\/v2\/posts\/7211\/revisions"}],"predecessor-version":[{"id":7213,"href":"https:\/\/sinprofaz.org.br\/2024\/wp-json\/wp\/v2\/posts\/7211\/revisions\/7213"}],"wp:featuredmedia":[{"embeddable":true,"href":"https:\/\/sinprofaz.org.br\/2024\/wp-json\/wp\/v2\/media\/7212"}],"wp:attachment":[{"href":"https:\/\/sinprofaz.org.br\/2024\/wp-json\/wp\/v2\/media?parent=7211"}],"wp:term":[{"taxonomy":"category","embeddable":true,"href":"https:\/\/sinprofaz.org.br\/2024\/wp-json\/wp\/v2\/categories?post=7211"},{"taxonomy":"post_tag","embeddable":true,"href":"https:\/\/sinprofaz.org.br\/2024\/wp-json\/wp\/v2\/tags?post=7211"}],"curies":[{"name":"wp","href":"https:\/\/api.w.org\/{rel}","templated":true}]}}