{"id":7201,"date":"2017-08-17T20:05:50","date_gmt":"2017-08-17T20:05:50","guid":{"rendered":"http:\/\/www.sinprofaz.org.br\/?p=7201"},"modified":"2017-08-18T12:11:03","modified_gmt":"2017-08-18T12:11:03","slug":"colunista-da-veja-repercute-denuncia-feita-pelo-sinprofaz-em-audiencia-no-senado","status":"publish","type":"post","link":"https:\/\/sinprofaz.org.br\/2024\/noticias\/colunista-da-veja-repercute-denuncia-feita-pelo-sinprofaz-em-audiencia-no-senado\/","title":{"rendered":"COLUNISTA DA VEJA REPERCUTE DEN\u00daNCIA FEITA PELO SINPROFAZ EM AUDI\u00caNCIA NO SENADO"},"content":{"rendered":"<p>A den\u00fancia feita pelo presidente do SINPROFAZ virou not\u00edcia na imprensa: a coluna Radar Online, da Veja, repercutiu a fala de Achilles Frias, que participou de audi\u00eancia p\u00fablica promovida nessa segunda-feira (14) pela CPI da Previd\u00eancia no Senado Federal. Na ocasi\u00e3o, o procurador da Fazenda Nacional deu destaque \u00e0 manobra pol\u00edtica de parlamentares do Congresso Nacional devedores da Uni\u00e3o.<\/p>\n<p>De acordo com o presidente, no m\u00eas de maio, Newton Cardoso J\u00fanior (PMDB\/MG), relator da ent\u00e3o Medida Provis\u00f3ria 766 \u2013 que institu\u00eda o novo Refis \u2013, tentou alterar o texto original do Executivo, concedendo descontos de 99% em juros, encargos e multas para as pr\u00f3prias d\u00edvidas. A MP caducou, mas uma nova foi editada, trazendo outros benef\u00edcios para os devedores. Essa nova Medida est\u00e1 na pauta de vota\u00e7\u00e3o da C\u00e2mara dos Deputados.<\/p>\n<p>Leia a nota publicada pela Veja:<\/p>\n<p><a href=\"http:\/\/www.sinprofaz.org.br\/2016\/wp-content\/uploads\/2017\/08\/0110.jpg\"><img loading=\"lazy\" decoding=\"async\" src=\"http:\/\/www.sinprofaz.org.br\/2016\/wp-content\/uploads\/2017\/08\/0110-177x300.jpg\" alt=\"01\" width=\"177\" height=\"300\" class=\"aligncenter size-medium wp-image-7203\" srcset=\"https:\/\/sinprofaz.org.br\/2024\/wp-content\/uploads\/2017\/08\/0110-177x300.jpg 177w, https:\/\/sinprofaz.org.br\/2024\/wp-content\/uploads\/2017\/08\/0110-603x1024.jpg 603w, https:\/\/sinprofaz.org.br\/2024\/wp-content\/uploads\/2017\/08\/0110-353x600.jpg 353w, https:\/\/sinprofaz.org.br\/2024\/wp-content\/uploads\/2017\/08\/0110-315x535.jpg 315w, https:\/\/sinprofaz.org.br\/2024\/wp-content\/uploads\/2017\/08\/0110-218x370.jpg 218w, https:\/\/sinprofaz.org.br\/2024\/wp-content\/uploads\/2017\/08\/0110.jpg 754w\" sizes=\"(max-width: 177px) 100vw, 177px\" \/><\/a><\/p>\n","protected":false},"excerpt":{"rendered":"<p>A den\u00fancia feita pelo presidente do SINPROFAZ virou not\u00edcia na imprensa: a coluna Radar Online, da Veja, repercutiu a fala de Achilles Frias, que participou de audi\u00eancia p\u00fablica promovida nessa segunda-feira (14) pela CPI da Previd\u00eancia no Senado Federal. <\/p>\n","protected":false},"author":2,"featured_media":7202,"comment_status":"open","ping_status":"open","sticky":false,"template":"","format":"standard","meta":{"footnotes":""},"categories":[8],"tags":[45,53,25],"featured_image_url":"https:\/\/sinprofaz.org.br\/2024\/wp-content\/uploads\/2017\/08\/logo-veja.jpg","character_count":440,"formatted_date":"17\/08\/2017 - 20:05","contentNovo":"<p>A den\u00fancia feita pelo presidente do SINPROFAZ virou not\u00edcia na imprensa: a coluna Radar Online, da Veja, repercutiu a fala de Achilles Frias, que participou de audi\u00eancia p\u00fablica promovida nessa segunda-feira (14) pela CPI da Previd\u00eancia no Senado Federal. Na ocasi\u00e3o, o procurador da Fazenda Nacional deu destaque \u00e0 manobra pol\u00edtica de parlamentares do Congresso Nacional devedores da Uni\u00e3o.<\/p>\r\n<p>De acordo com o presidente, no m\u00eas de maio, Newton Cardoso J\u00fanior (PMDB\/MG), relator da ent\u00e3o Medida Provis\u00f3ria 766 \u2013 que institu\u00eda o novo Refis \u2013, tentou alterar o texto original do Executivo, concedendo descontos de 99% em juros, encargos e multas para as pr\u00f3prias d\u00edvidas. A MP caducou, mas uma nova foi editada, trazendo outros benef\u00edcios para os devedores. Essa nova Medida est\u00e1 na pauta de vota\u00e7\u00e3o da C\u00e2mara dos Deputados.<\/p>\r\n<p>Leia a nota publicada pela Veja:<\/p>\r\n<a href=\"http:\/\/www.sinprofaz.org.br\/2016\/wp-content\/uploads\/2017\/08\/0110.jpg\"><\/a>","_links":{"self":[{"href":"https:\/\/sinprofaz.org.br\/2024\/wp-json\/wp\/v2\/posts\/7201"}],"collection":[{"href":"https:\/\/sinprofaz.org.br\/2024\/wp-json\/wp\/v2\/posts"}],"about":[{"href":"https:\/\/sinprofaz.org.br\/2024\/wp-json\/wp\/v2\/types\/post"}],"author":[{"embeddable":true,"href":"https:\/\/sinprofaz.org.br\/2024\/wp-json\/wp\/v2\/users\/2"}],"replies":[{"embeddable":true,"href":"https:\/\/sinprofaz.org.br\/2024\/wp-json\/wp\/v2\/comments?post=7201"}],"version-history":[{"count":2,"href":"https:\/\/sinprofaz.org.br\/2024\/wp-json\/wp\/v2\/posts\/7201\/revisions"}],"predecessor-version":[{"id":7205,"href":"https:\/\/sinprofaz.org.br\/2024\/wp-json\/wp\/v2\/posts\/7201\/revisions\/7205"}],"wp:featuredmedia":[{"embeddable":true,"href":"https:\/\/sinprofaz.org.br\/2024\/wp-json\/wp\/v2\/media\/7202"}],"wp:attachment":[{"href":"https:\/\/sinprofaz.org.br\/2024\/wp-json\/wp\/v2\/media?parent=7201"}],"wp:term":[{"taxonomy":"category","embeddable":true,"href":"https:\/\/sinprofaz.org.br\/2024\/wp-json\/wp\/v2\/categories?post=7201"},{"taxonomy":"post_tag","embeddable":true,"href":"https:\/\/sinprofaz.org.br\/2024\/wp-json\/wp\/v2\/tags?post=7201"}],"curies":[{"name":"wp","href":"https:\/\/api.w.org\/{rel}","templated":true}]}}