{"id":7192,"date":"2017-08-16T18:40:07","date_gmt":"2017-08-16T18:40:07","guid":{"rendered":"http:\/\/www.sinprofaz.org.br\/?p=7192"},"modified":"2017-08-17T11:59:49","modified_gmt":"2017-08-17T11:59:49","slug":"nota-do-sinprofaz-2","status":"publish","type":"post","link":"https:\/\/sinprofaz.org.br\/2024\/noticias\/nota-do-sinprofaz-2\/","title":{"rendered":"NOTA DO SINPROFAZ"},"content":{"rendered":"<p>O momento \u00e9 de extrema preocupa\u00e7\u00e3o. <\/p>\n<p>O Sindicato Nacional dos Procuradores da Fazenda Nacional &#8211; SINPROFAZ, ante as not\u00edcias amplamente divulgadas na noite de ontem, 15 de agosto de 2017, por meio das quais o Governo anunciou a inten\u00e7\u00e3o de editar medidas com a finalidade de conter o d\u00e9ficit fiscal criado pela pr\u00f3pria Administra\u00e7\u00e3o, vem manifestar seu rep\u00fadio. <\/p>\n<p>Tais \u201cajustes\u201d, se implementados, ter\u00e3o graves consequ\u00eancias para a sociedade brasileira: o desmonte do servi\u00e7o p\u00fablico federal e, consequentemente, do pr\u00f3prio Estado. <\/p>\n<p>A nossa Carreira encontra-se no epicentro dessa discuss\u00e3o, pois somos respons\u00e1veis por significativa arrecada\u00e7\u00e3o de receitas, que servem ao financiamento da  Rep\u00fablica e \u00e0 implementa\u00e7\u00e3o  das pol\u00edticas p\u00fablicas que acompanham a constru\u00e7\u00e3o do pr\u00f3prio Estado de Bem-Estar Social e a concretiza\u00e7\u00e3o da Justi\u00e7a Fiscal.<\/p>\n<p>A proposta do Governo implica no agravamento do colapso administrativo da Procuradoria da Fazenda Nacional e, por consequ\u00eancia, na impossibilidade de o pr\u00f3prio Estado ter meios de cobrar o cr\u00e9dito p\u00fablico inscrito em d\u00edvida ativa, sobretudo dos grandes devedores.<\/p>\n<p>Dentre as proposi\u00e7\u00f5es anunciadas, a posterga\u00e7\u00e3o da recomposi\u00e7\u00e3o salarial, j\u00e1 negociada abaixo da infla\u00e7\u00e3o no per\u00edodo, implica em afronta ao acordado com o pr\u00f3prio Governo. Romper tal pacto, cujos termos j\u00e1 foram cristalizados em lei, viola inclusive a jurisprud\u00eancia do Supremo Tribunal Federal e gera inseguran\u00e7a jur\u00eddica pela quebra da confian\u00e7a que se espera da Gest\u00e3o P\u00fablica.<\/p>\n<p>Todas essas medidas do Governo representam, sob diversas perspectivas, o desmantelamento da m\u00e1quina p\u00fablica federal, indo de encontro \u00e0 pr\u00f3pria ess\u00eancia do Estado Democr\u00e1tico de Direito.<\/p>\n<p>Os Servidores P\u00fablicos Federais n\u00e3o s\u00e3o algozes do equil\u00edbrio fiscal: ao contr\u00e1rio, os Procuradores da Fazenda Nacional constituem indiscut\u00edvel instrumento de resgate da higidez or\u00e7ament\u00e1ria, haja vista que nossas mais elementares atua\u00e7\u00f5es implicam no fortalecimento da arrecada\u00e7\u00e3o, n\u00e3o obstante a contumaz desestrutura\u00e7\u00e3o da PGFN.<\/p>\n<p>Diante desse contexto, o SINPROFAZ repudia com veem\u00eancia as referidas propostas e dialoga com as demais Carreiras de Estado no sentido de evitar a concretiza\u00e7\u00e3o dessas absurdas medidas, visando impedir a destrui\u00e7\u00e3o e o esfacelamento do Estado Brasileiro.<\/p>\n","protected":false},"excerpt":{"rendered":"<p>O SINPROFAZ, ante as not\u00edcias amplamente divulgadas na noite de ontem, 15 de agosto, por meio das quais o Governo anunciou a inten\u00e7\u00e3o de editar medidas com a finalidade de conter o d\u00e9ficit fiscal criado pela pr\u00f3pria Administra\u00e7\u00e3o, vem manifestar seu rep\u00fadio.<\/p>\n","protected":false},"author":2,"featured_media":2626,"comment_status":"open","ping_status":"open","sticky":false,"template":"","format":"standard","meta":{"footnotes":""},"categories":[8],"tags":[32,25],"featured_image_url":"https:\/\/sinprofaz.org.br\/2024\/wp-content\/uploads\/2016\/01\/logo-sinprofaz.jpg","character_count":1178,"formatted_date":"16\/08\/2017 - 18:40","contentNovo":"O momento \u00e9 de extrema preocupa\u00e7\u00e3o. \r\n\r\nO Sindicato Nacional dos Procuradores da Fazenda Nacional - SINPROFAZ, ante as not\u00edcias amplamente divulgadas na noite de ontem, 15 de agosto de 2017, por meio das quais o Governo anunciou a inten\u00e7\u00e3o de editar medidas com a finalidade de conter o d\u00e9ficit fiscal criado pela pr\u00f3pria Administra\u00e7\u00e3o, vem manifestar seu rep\u00fadio. \r\n\r\nTais \u201cajustes\u201d, se implementados, ter\u00e3o graves consequ\u00eancias para a sociedade brasileira: o desmonte do servi\u00e7o p\u00fablico federal e, consequentemente, do pr\u00f3prio Estado. \r\n\r\nA nossa Carreira encontra-se no epicentro dessa discuss\u00e3o, pois somos respons\u00e1veis por significativa arrecada\u00e7\u00e3o de receitas, que servem ao financiamento da  Rep\u00fablica e \u00e0 implementa\u00e7\u00e3o  das pol\u00edticas p\u00fablicas que acompanham a constru\u00e7\u00e3o do pr\u00f3prio Estado de Bem-Estar Social e a concretiza\u00e7\u00e3o da Justi\u00e7a Fiscal.\r\n\r\nA proposta do Governo implica no agravamento do colapso administrativo da Procuradoria da Fazenda Nacional e, por consequ\u00eancia, na impossibilidade de o pr\u00f3prio Estado ter meios de cobrar o cr\u00e9dito p\u00fablico inscrito em d\u00edvida ativa, sobretudo dos grandes devedores.\r\n\r\nDentre as proposi\u00e7\u00f5es anunciadas, a posterga\u00e7\u00e3o da recomposi\u00e7\u00e3o salarial, j\u00e1 negociada abaixo da infla\u00e7\u00e3o no per\u00edodo, implica em afronta ao acordado com o pr\u00f3prio Governo. Romper tal pacto, cujos termos j\u00e1 foram cristalizados em lei, viola inclusive a jurisprud\u00eancia do Supremo Tribunal Federal e gera inseguran\u00e7a jur\u00eddica pela quebra da confian\u00e7a que se espera da Gest\u00e3o P\u00fablica.\r\n\r\nTodas essas medidas do Governo representam, sob diversas perspectivas, o desmantelamento da m\u00e1quina p\u00fablica federal, indo de encontro \u00e0 pr\u00f3pria ess\u00eancia do Estado Democr\u00e1tico de Direito.\r\n\r\nOs Servidores P\u00fablicos Federais n\u00e3o s\u00e3o algozes do equil\u00edbrio fiscal: ao contr\u00e1rio, os Procuradores da Fazenda Nacional constituem indiscut\u00edvel instrumento de resgate da higidez or\u00e7ament\u00e1ria, haja vista que nossas mais elementares atua\u00e7\u00f5es implicam no fortalecimento da arrecada\u00e7\u00e3o, n\u00e3o obstante a contumaz desestrutura\u00e7\u00e3o da PGFN.\r\n\r\nDiante desse contexto, o SINPROFAZ repudia com veem\u00eancia as referidas propostas e dialoga com as demais Carreiras de Estado no sentido de evitar a concretiza\u00e7\u00e3o dessas absurdas medidas, visando impedir a destrui\u00e7\u00e3o e o esfacelamento do Estado Brasileiro.\r\n","_links":{"self":[{"href":"https:\/\/sinprofaz.org.br\/2024\/wp-json\/wp\/v2\/posts\/7192"}],"collection":[{"href":"https:\/\/sinprofaz.org.br\/2024\/wp-json\/wp\/v2\/posts"}],"about":[{"href":"https:\/\/sinprofaz.org.br\/2024\/wp-json\/wp\/v2\/types\/post"}],"author":[{"embeddable":true,"href":"https:\/\/sinprofaz.org.br\/2024\/wp-json\/wp\/v2\/users\/2"}],"replies":[{"embeddable":true,"href":"https:\/\/sinprofaz.org.br\/2024\/wp-json\/wp\/v2\/comments?post=7192"}],"version-history":[{"count":1,"href":"https:\/\/sinprofaz.org.br\/2024\/wp-json\/wp\/v2\/posts\/7192\/revisions"}],"predecessor-version":[{"id":7193,"href":"https:\/\/sinprofaz.org.br\/2024\/wp-json\/wp\/v2\/posts\/7192\/revisions\/7193"}],"wp:featuredmedia":[{"embeddable":true,"href":"https:\/\/sinprofaz.org.br\/2024\/wp-json\/wp\/v2\/media\/2626"}],"wp:attachment":[{"href":"https:\/\/sinprofaz.org.br\/2024\/wp-json\/wp\/v2\/media?parent=7192"}],"wp:term":[{"taxonomy":"category","embeddable":true,"href":"https:\/\/sinprofaz.org.br\/2024\/wp-json\/wp\/v2\/categories?post=7192"},{"taxonomy":"post_tag","embeddable":true,"href":"https:\/\/sinprofaz.org.br\/2024\/wp-json\/wp\/v2\/tags?post=7192"}],"curies":[{"name":"wp","href":"https:\/\/api.w.org\/{rel}","templated":true}]}}