{"id":7180,"date":"2017-08-15T18:31:12","date_gmt":"2017-08-15T18:31:12","guid":{"rendered":"http:\/\/www.sinprofaz.org.br\/?p=7180"},"modified":"2017-08-16T11:51:57","modified_gmt":"2017-08-16T11:51:57","slug":"no-senado-achilles-frias-denuncia-parlamentares-que-legislam-em-causa-propria","status":"publish","type":"post","link":"https:\/\/sinprofaz.org.br\/2024\/noticias\/no-senado-achilles-frias-denuncia-parlamentares-que-legislam-em-causa-propria\/","title":{"rendered":"NO SENADO, ACHILLES FRIAS DENUNCIA PARLAMENTARES QUE LEGISLAM EM CAUSA PR\u00d3PRIA"},"content":{"rendered":"<p>O SINPROFAZ, representado pelo seu presidente, o procurador da Fazenda Nacional Achilles Frias, participou ontem (14) de audi\u00eancia p\u00fablica promovida pela CPI da Previd\u00eancia. A reuni\u00e3o, realizada no Senado Federal, contou com a participa\u00e7\u00e3o dos senadores H\u00e9lio Jos\u00e9 (PMDB\/DF) e Jos\u00e9 Medeiros (PSD\/MT), al\u00e9m dos secret\u00e1rios de Fazenda de Guarulhos\/SP e Manaus\/AM, munic\u00edpios que aparecem na lista de grandes devedores da Previd\u00eancia Social.<\/p>\n<p>Na ocasi\u00e3o, Achilles Frias denunciou a manobra pol\u00edtica em curso no Congresso Nacional. De acordo com o presidente, no m\u00eas de maio, o ent\u00e3o relator da Medida Provis\u00f3ria 766 &#8211; a qual institu\u00eda o novo Refis &#8211; tentou alterar o texto original do Executivo para extinguir as pr\u00f3prias d\u00edvidas com descontos de 99% em juros, encargos e multas. As mudan\u00e7as propostas por Newton Cardoso J\u00fanior (PMDB\/MG), grande devedor da Uni\u00e3o, provocaram pol\u00eamica no plen\u00e1rio da C\u00e2mara dos Deputados e a MP acabou caducando.<\/p>\n<p>&#8220;N\u00e3o satisfeitos com a tentativa frustrada de maio, os parlamentares, mais uma vez, tentam legislar em causa pr\u00f3pria e extinguir as pr\u00f3prias d\u00edvidas. Eles acabaram sendo beneficiados pela reedi\u00e7\u00e3o de uma nova Medida que traz benef\u00edcios a mais. Tal MP est\u00e1 na pauta da C\u00e2mara dos Deputados. Novamente, apresentou-se o mesmo relat\u00f3rio, com as mesmas propor\u00e7\u00f5es, pelo mesmo relator, que deseja a extin\u00e7\u00e3o dos pr\u00f3prios d\u00e9bitos&#8221;, explicou.<\/p>\n<p>Ao longo da audi\u00eancia, o presidente do SINPROFAZ ainda denunciou a tentativa de terceiriza\u00e7\u00e3o da D\u00edvida Ativa da Uni\u00e3o. De acordo com Achilles Frias, a Constitui\u00e7\u00e3o Federal define que os procuradores da Fazenda Nacional s\u00e3o os \u00fanicos com legitimidade para cobrar a DAU. H\u00e1 projetos de lei, entretanto, que prop\u00f5em transferir essa cobran\u00e7a \u00e0 iniciativa privada. &#8220;Em \u00faltima an\u00e1lise, estar\u00edamos repassando nossa soberania para controle alheio, uma vez que muitos dos grandes bancos est\u00e3o nas m\u00e3os do capital estrangeiro.&#8221;<\/p>\n<p>Durante a fala, Achilles Frias tamb\u00e9m destacou o deliberado sucateamento que a Procuradoria da Fazenda Nacional vem experimentando especialmente depois de optar por se concentrar na cobran\u00e7a dos grandes devedores. Defendeu ainda a manuten\u00e7\u00e3o da Procuradoria Seccional da Fazenda Nacional em Osasco\/SP, respons\u00e1vel pela cobran\u00e7a do terceiro maior estoque nacional da D\u00edvida Ativa, e a aprova\u00e7\u00e3o do PLS 170\/17, apresentado pelo senador Rom\u00e1rio (Podemos\/RJ), que prop\u00f5e tornar ineleg\u00edvel o cidad\u00e3o que tenha d\u00edvidas com o poder p\u00fablico.<\/p>\n<p>Conhecedor do trabalho desempenhado pela PGFN, o senador H\u00e9lio Jos\u00e9 teceu elogios \u00e0 atua\u00e7\u00e3o da Carreira e defendeu a ado\u00e7\u00e3o de medidas mais r\u00edgidas contra os devedores: &#8220;A Procuradoria da Fazenda Nacional vem fazendo um trabalho exemplar, inclusive quanto \u00e0 quest\u00e3o da d\u00edvida previdenci\u00e1ria. A legisla\u00e7\u00e3o, no entanto, requer uma s\u00e9rie de aprimoramentos que vamos indicar ao final desta CPI, de forma que a conta da m\u00e1 gest\u00e3o e da irresponsabilidade dos governantes n\u00e3o continue caindo sobre as costas do servidor p\u00fablico, do trabalhador da iniciativa privada, do aposentado e da mulher trabalhadora&#8221;.<\/p>\n\n\t\t<style type=\"text\/css\">\n\t\t\t#gallery-1 {\n\t\t\t\tmargin: auto;\n\t\t\t}\n\t\t\t#gallery-1 .gallery-item {\n\t\t\t\tfloat: left;\n\t\t\t\tmargin-top: 10px;\n\t\t\t\ttext-align: center;\n\t\t\t\twidth: 33%;\n\t\t\t}\n\t\t\t#gallery-1 img {\n\t\t\t\tborder: 2px solid #cfcfcf;\n\t\t\t}\n\t\t\t#gallery-1 .gallery-caption {\n\t\t\t\tmargin-left: 0;\n\t\t\t}\n\t\t\t\/* see gallery_shortcode() in wp-includes\/media.php *\/\n\t\t<\/style>\n\t\t<div id='gallery-1' class='gallery galleryid-7180 gallery-columns-3 gallery-size-thumbnail'><dl class='gallery-item'>\n\t\t\t<dt class='gallery-icon landscape'>\n\t\t\t\t<a href='https:\/\/sinprofaz.org.br\/2024\/wp-content\/uploads\/2017\/08\/021.jpg'><img loading=\"lazy\" decoding=\"async\" width=\"150\" height=\"150\" src=\"https:\/\/sinprofaz.org.br\/2024\/wp-content\/uploads\/2017\/08\/021-150x150.jpg\" class=\"attachment-thumbnail size-thumbnail\" alt=\"\" \/><\/a>\n\t\t\t<\/dt><\/dl><dl class='gallery-item'>\n\t\t\t<dt class='gallery-icon landscape'>\n\t\t\t\t<a href='https:\/\/sinprofaz.org.br\/2024\/wp-content\/uploads\/2017\/08\/031.jpg'><img loading=\"lazy\" decoding=\"async\" width=\"150\" height=\"150\" src=\"https:\/\/sinprofaz.org.br\/2024\/wp-content\/uploads\/2017\/08\/031-150x150.jpg\" class=\"attachment-thumbnail size-thumbnail\" alt=\"\" \/><\/a>\n\t\t\t<\/dt><\/dl><dl class='gallery-item'>\n\t\t\t<dt class='gallery-icon landscape'>\n\t\t\t\t<a href='https:\/\/sinprofaz.org.br\/2024\/wp-content\/uploads\/2017\/08\/04.jpg'><img loading=\"lazy\" decoding=\"async\" width=\"150\" height=\"150\" src=\"https:\/\/sinprofaz.org.br\/2024\/wp-content\/uploads\/2017\/08\/04-150x150.jpg\" class=\"attachment-thumbnail size-thumbnail\" alt=\"\" \/><\/a>\n\t\t\t<\/dt><\/dl><br style=\"clear: both\" \/><dl class='gallery-item'>\n\t\t\t<dt class='gallery-icon landscape'>\n\t\t\t\t<a href='https:\/\/sinprofaz.org.br\/2024\/wp-content\/uploads\/2017\/08\/05.jpg'><img loading=\"lazy\" decoding=\"async\" width=\"150\" height=\"150\" src=\"https:\/\/sinprofaz.org.br\/2024\/wp-content\/uploads\/2017\/08\/05-150x150.jpg\" class=\"attachment-thumbnail size-thumbnail\" alt=\"\" \/><\/a>\n\t\t\t<\/dt><\/dl>\n\t\t\t<br style='clear: both' \/>\n\t\t<\/div>\n\n","protected":false},"excerpt":{"rendered":"<p>A audi\u00eancia p\u00fablica contou com a participa\u00e7\u00e3o dos senadores H\u00e9lio Jos\u00e9 (PMDB\/DF) e Jos\u00e9 Medeiros (PSD\/MT), al\u00e9m dos secret\u00e1rios de Fazenda de Guarulhos\/SP e Manaus\/AM, munic\u00edpios que aparecem na lista de grandes devedores da Previd\u00eancia Social.<\/p>\n","protected":false},"author":2,"featured_media":7183,"comment_status":"open","ping_status":"open","sticky":false,"template":"","format":"standard","meta":{"footnotes":""},"categories":[8],"tags":[107,53,25],"featured_image_url":"https:\/\/sinprofaz.org.br\/2024\/wp-content\/uploads\/2017\/08\/018-800x198.jpg","character_count":1784,"formatted_date":"15\/08\/2017 - 18:31","contentNovo":"<p>O SINPROFAZ, representado pelo seu presidente, o procurador da Fazenda Nacional Achilles Frias, participou ontem (14) de audi\u00eancia p\u00fablica promovida pela CPI da Previd\u00eancia. A reuni\u00e3o, realizada no Senado Federal, contou com a participa\u00e7\u00e3o dos senadores H\u00e9lio Jos\u00e9 (PMDB\/DF) e Jos\u00e9 Medeiros (PSD\/MT), al\u00e9m dos secret\u00e1rios de Fazenda de Guarulhos\/SP e Manaus\/AM, munic\u00edpios que aparecem na lista de grandes devedores da Previd\u00eancia Social.<\/p><p>Na ocasi\u00e3o, Achilles Frias denunciou a manobra pol\u00edtica em curso no Congresso Nacional. De acordo com o presidente, no m\u00eas de maio, o ent\u00e3o relator da Medida Provis\u00f3ria 766 - a qual institu\u00eda o novo Refis - tentou alterar o texto original do Executivo para extinguir as pr\u00f3prias d\u00edvidas com descontos de 99% em juros, encargos e multas. As mudan\u00e7as propostas por Newton Cardoso J\u00fanior (PMDB\/MG), grande devedor da Uni\u00e3o, provocaram pol\u00eamica no plen\u00e1rio da C\u00e2mara dos Deputados e a MP acabou caducando.<\/p><p>\"N\u00e3o satisfeitos com a tentativa frustrada de maio, os parlamentares, mais uma vez, tentam legislar em causa pr\u00f3pria e extinguir as pr\u00f3prias d\u00edvidas. Eles acabaram sendo beneficiados pela reedi\u00e7\u00e3o de uma nova Medida que traz benef\u00edcios a mais. Tal MP est\u00e1 na pauta da C\u00e2mara dos Deputados. Novamente, apresentou-se o mesmo relat\u00f3rio, com as mesmas propor\u00e7\u00f5es, pelo mesmo relator, que deseja a extin\u00e7\u00e3o dos pr\u00f3prios d\u00e9bitos\", explicou.<\/p><p>Ao longo da audi\u00eancia, o presidente do SINPROFAZ ainda denunciou a tentativa de terceiriza\u00e7\u00e3o da D\u00edvida Ativa da Uni\u00e3o. De acordo com Achilles Frias, a Constitui\u00e7\u00e3o Federal define que os procuradores da Fazenda Nacional s\u00e3o os \u00fanicos com legitimidade para cobrar a DAU. H\u00e1 projetos de lei, entretanto, que prop\u00f5em transferir essa cobran\u00e7a \u00e0 iniciativa privada. \"Em \u00faltima an\u00e1lise, estar\u00edamos repassando nossa soberania para controle alheio, uma vez que muitos dos grandes bancos est\u00e3o nas m\u00e3os do capital estrangeiro.\"<\/p><p>Durante a fala, Achilles Frias tamb\u00e9m destacou o deliberado sucateamento que a Procuradoria da Fazenda Nacional vem experimentando especialmente depois de optar por se concentrar na cobran\u00e7a dos grandes devedores. Defendeu ainda a manuten\u00e7\u00e3o da Procuradoria Seccional da Fazenda Nacional em Osasco\/SP, respons\u00e1vel pela cobran\u00e7a do terceiro maior estoque nacional da D\u00edvida Ativa, e a aprova\u00e7\u00e3o do PLS 170\/17, apresentado pelo senador Rom\u00e1rio (Podemos\/RJ), que prop\u00f5e tornar ineleg\u00edvel o cidad\u00e3o que tenha d\u00edvidas com o poder p\u00fablico.<\/p><p>Conhecedor do trabalho desempenhado pela PGFN, o senador H\u00e9lio Jos\u00e9 teceu elogios \u00e0 atua\u00e7\u00e3o da Carreira e defendeu a ado\u00e7\u00e3o de medidas mais r\u00edgidas contra os devedores: \"A Procuradoria da Fazenda Nacional vem fazendo um trabalho exemplar, inclusive quanto \u00e0 quest\u00e3o da d\u00edvida previdenci\u00e1ria. A legisla\u00e7\u00e3o, no entanto, requer uma s\u00e9rie de aprimoramentos que vamos indicar ao final desta CPI, de forma que a conta da m\u00e1 gest\u00e3o e da irresponsabilidade dos governantes n\u00e3o continue caindo sobre as costas do servidor p\u00fablico, do trabalhador da iniciativa privada, do aposentado e da mulher trabalhadora\".<\/p>\r\n[gallery link=\"file\" ids=\"7184,7185,7181,7182\"]","_links":{"self":[{"href":"https:\/\/sinprofaz.org.br\/2024\/wp-json\/wp\/v2\/posts\/7180"}],"collection":[{"href":"https:\/\/sinprofaz.org.br\/2024\/wp-json\/wp\/v2\/posts"}],"about":[{"href":"https:\/\/sinprofaz.org.br\/2024\/wp-json\/wp\/v2\/types\/post"}],"author":[{"embeddable":true,"href":"https:\/\/sinprofaz.org.br\/2024\/wp-json\/wp\/v2\/users\/2"}],"replies":[{"embeddable":true,"href":"https:\/\/sinprofaz.org.br\/2024\/wp-json\/wp\/v2\/comments?post=7180"}],"version-history":[{"count":3,"href":"https:\/\/sinprofaz.org.br\/2024\/wp-json\/wp\/v2\/posts\/7180\/revisions"}],"predecessor-version":[{"id":7189,"href":"https:\/\/sinprofaz.org.br\/2024\/wp-json\/wp\/v2\/posts\/7180\/revisions\/7189"}],"wp:featuredmedia":[{"embeddable":true,"href":"https:\/\/sinprofaz.org.br\/2024\/wp-json\/wp\/v2\/media\/7183"}],"wp:attachment":[{"href":"https:\/\/sinprofaz.org.br\/2024\/wp-json\/wp\/v2\/media?parent=7180"}],"wp:term":[{"taxonomy":"category","embeddable":true,"href":"https:\/\/sinprofaz.org.br\/2024\/wp-json\/wp\/v2\/categories?post=7180"},{"taxonomy":"post_tag","embeddable":true,"href":"https:\/\/sinprofaz.org.br\/2024\/wp-json\/wp\/v2\/tags?post=7180"}],"curies":[{"name":"wp","href":"https:\/\/api.w.org\/{rel}","templated":true}]}}