{"id":7150,"date":"2017-08-04T11:59:00","date_gmt":"2017-08-04T11:59:00","guid":{"rendered":"http:\/\/www.sinprofaz.org.br\/?p=7150"},"modified":"2017-08-07T11:46:59","modified_gmt":"2017-08-07T11:46:59","slug":"iii-forum-nacional-do-poder-publico-divulga-proposicoes-sobre-novo-cpc","status":"publish","type":"post","link":"https:\/\/sinprofaz.org.br\/2024\/noticias\/iii-forum-nacional-do-poder-publico-divulga-proposicoes-sobre-novo-cpc\/","title":{"rendered":"III F\u00d3RUM NACIONAL DO PODER P\u00daBLICO DIVULGA PROPOSI\u00c7\u00d5ES SOBRE NOVO CPC"},"content":{"rendered":"<p>O SINPROFAZ apoiou a realiza\u00e7\u00e3o do Congresso &#8220;Poder P\u00fablico e o CPC 15&#8221;, promovido em junho, em S\u00e3o Paulo\/SP, pela Escola da AGU e pelo Centro de Altos Estudos da PRFN da 3\u00aa Regi\u00e3o. O Congresso antecedeu a realiza\u00e7\u00e3o do III F\u00f3rum Nacional do Poder P\u00fablico, cuja abertura contou com a participa\u00e7\u00e3o do presidente do SINPROFAZ, Achilles Frias. O evento teve a coordena\u00e7\u00e3o-geral da procuradora da Fazenda Nacional Rita Dias Nolasco e do procurador do Estado do Rio de Janeiro Marco Ant\u00f4nio Rodrigues. Participaram como relatores o coordenador-geral da CRJ, Rog\u00e9rio Campos, o procurador-regional da PRFN3, Leonardo Curty, e o procurador Esdras Boccato, do GT de Fal\u00eancias.<\/p>\n<p>O III FNPP reuniu estudiosos do Direito P\u00fablico de todo o Brasil e teve por objetivo interpretar o C\u00f3digo de Processo Civil de 2015 e seus impactos nas rela\u00e7\u00f5es em que a Fazenda \u00e9 parte. Os estudiosos se reuniram em sete grupos tem\u00e1ticos e aprovaram 40 enunciados, <a href=\"\/pdfs\/enunciados-aprovados.pdf\" target=\"_blank\">que podem ser conferidos aqui<\/a>.<\/p>\n","protected":false},"excerpt":{"rendered":"<p>O III FNPP reuniu estudiosos do Direito P\u00fablico de todo o Brasil e teve por objetivo interpretar o C\u00f3digo de Processo Civil de 2015 e seus impactos nas rela\u00e7\u00f5es em que a Fazenda \u00e9 parte. Os estudiosos se reuniram em grupos e aprovaram 40 enunciados.<\/p>\n","protected":false},"author":2,"featured_media":7151,"comment_status":"open","ping_status":"open","sticky":false,"template":"","format":"standard","meta":{"footnotes":""},"categories":[8],"tags":[32,25],"featured_image_url":"https:\/\/sinprofaz.org.br\/2024\/wp-content\/uploads\/2017\/08\/cartaz-800x198.jpg","character_count":500,"formatted_date":"04\/08\/2017 - 11:59","contentNovo":"<p>O SINPROFAZ apoiou a realiza\u00e7\u00e3o do Congresso \"Poder P\u00fablico e o CPC 15\", promovido em junho, em S\u00e3o Paulo\/SP, pela Escola da AGU e pelo Centro de Altos Estudos da PRFN da 3\u00aa Regi\u00e3o. O Congresso antecedeu a realiza\u00e7\u00e3o do III F\u00f3rum Nacional do Poder P\u00fablico, cuja abertura contou com a participa\u00e7\u00e3o do presidente do SINPROFAZ, Achilles Frias. O evento teve a coordena\u00e7\u00e3o-geral da procuradora da Fazenda Nacional Rita Dias Nolasco e do procurador do Estado do Rio de Janeiro Marco Ant\u00f4nio Rodrigues. Participaram como relatores o coordenador-geral da CRJ, Rog\u00e9rio Campos, o procurador-regional da PRFN3, Leonardo Curty, e o procurador Esdras Boccato, do GT de Fal\u00eancias.<\/p>\r\n<p>O III FNPP reuniu estudiosos do Direito P\u00fablico de todo o Brasil e teve por objetivo interpretar o C\u00f3digo de Processo Civil de 2015 e seus impactos nas rela\u00e7\u00f5es em que a Fazenda \u00e9 parte. Os estudiosos se reuniram em sete grupos tem\u00e1ticos e aprovaram 40 enunciados, <a href=\"\/pdfs\/enunciados-aprovados.pdf\" target=\"_blank\">que podem ser conferidos aqui<\/a>.<\/p>","_links":{"self":[{"href":"https:\/\/sinprofaz.org.br\/2024\/wp-json\/wp\/v2\/posts\/7150"}],"collection":[{"href":"https:\/\/sinprofaz.org.br\/2024\/wp-json\/wp\/v2\/posts"}],"about":[{"href":"https:\/\/sinprofaz.org.br\/2024\/wp-json\/wp\/v2\/types\/post"}],"author":[{"embeddable":true,"href":"https:\/\/sinprofaz.org.br\/2024\/wp-json\/wp\/v2\/users\/2"}],"replies":[{"embeddable":true,"href":"https:\/\/sinprofaz.org.br\/2024\/wp-json\/wp\/v2\/comments?post=7150"}],"version-history":[{"count":1,"href":"https:\/\/sinprofaz.org.br\/2024\/wp-json\/wp\/v2\/posts\/7150\/revisions"}],"predecessor-version":[{"id":7152,"href":"https:\/\/sinprofaz.org.br\/2024\/wp-json\/wp\/v2\/posts\/7150\/revisions\/7152"}],"wp:featuredmedia":[{"embeddable":true,"href":"https:\/\/sinprofaz.org.br\/2024\/wp-json\/wp\/v2\/media\/7151"}],"wp:attachment":[{"href":"https:\/\/sinprofaz.org.br\/2024\/wp-json\/wp\/v2\/media?parent=7150"}],"wp:term":[{"taxonomy":"category","embeddable":true,"href":"https:\/\/sinprofaz.org.br\/2024\/wp-json\/wp\/v2\/categories?post=7150"},{"taxonomy":"post_tag","embeddable":true,"href":"https:\/\/sinprofaz.org.br\/2024\/wp-json\/wp\/v2\/tags?post=7150"}],"curies":[{"name":"wp","href":"https:\/\/api.w.org\/{rel}","templated":true}]}}