{"id":7078,"date":"2017-07-10T14:40:34","date_gmt":"2017-07-10T14:40:34","guid":{"rendered":"http:\/\/www.sinprofaz.org.br\/?p=7078"},"modified":"2017-07-12T14:02:45","modified_gmt":"2017-07-12T14:02:45","slug":"nota-sinprofaz-anauni","status":"publish","type":"post","link":"https:\/\/sinprofaz.org.br\/2024\/noticias\/nota-sinprofaz-anauni\/","title":{"rendered":"NOTA SINPROFAZ\/ ANAUNI"},"content":{"rendered":"<p>O Sindicato Nacional dos Procuradores da Fazenda Nacional &#8211; SINPROFAZ e a Associa\u00e7\u00e3o Nacional dos Advogados da Uni\u00e3o &#8211; ANAUNI v\u00eam a p\u00fablico reafirmar que continuar\u00e3o atuando de forma coordenada e construtiva para demonstrar \u00e0 sociedade que a \u201cunifica\u00e7\u00e3o das carreiras\u201d da Advocacia-Geral da Uni\u00e3o (AGU) com as carreiras jur\u00eddicas da administra\u00e7\u00e3o indireta n\u00e3o atende ao interesse p\u00fablico e est\u00e1 em desacordo com o desenho constitucional da AGU.<\/p>\n<p>Em rela\u00e7\u00e3o ao PLP 337\/2017, as carreiras de Procurador da Fazenda Nacional e de Advogado da Uni\u00e3o est\u00e3o confiantes que a administra\u00e7\u00e3o da AGU mantenha sua predisposi\u00e7\u00e3o de n\u00e3o permitir a utiliza\u00e7\u00e3o do referido projeto para viabilizar eventual unifica\u00e7\u00e3o, inclusive promovendo ajustes de modo a explicitar as atribui\u00e7\u00f5es de representa\u00e7\u00e3o judicial e consultoria da Uni\u00e3o e as relativas \u00e0 administra\u00e7\u00e3o indireta a cargo, atualmente, da Procuradoria-Geral Federal.<\/p>\n<p>As entidades representativas das carreiras da AGU consignam que as recentes press\u00f5es pol\u00edticas exercidas em prol de altera\u00e7\u00f5es legislativas que efetivem a unifica\u00e7\u00e3o, pretendida por grupos minorit\u00e1rios, em nada contribuem para a necess\u00e1ria pacifica\u00e7\u00e3o da AGU e est\u00e3o em sentido diametralmente oposto \u00e0 vontade j\u00e1 manifestada in\u00fameras vezes pelas carreiras ora representadas.<\/p>\n<p style=\"text-align: center;\">Bras\u00edlia, 10 de julho de 2017<\/p>\n<p style=\"text-align: center;\">SINPROFAZ \u2013 Sindicato Nacional dos Procuradores da Fazenda Nacional<br \/>\nANAUNI \u2013 Associa\u00e7\u00e3o Nacional dos Advogados da Uni\u00e3o<\/p>\n","protected":false},"excerpt":{"rendered":"<p>O SINPROFAZ e a ANAUNI v\u00eam reafirmar que continuar\u00e3o atuando de forma coordenada e construtiva para demonstrar \u00e0 sociedade que a \u201cunifica\u00e7\u00e3o das carreiras\u201d da AGU com as carreiras jur\u00eddicas da administra\u00e7\u00e3o indireta n\u00e3o atende ao interesse p\u00fablico. <\/p>\n","protected":false},"author":2,"featured_media":2630,"comment_status":"open","ping_status":"open","sticky":false,"template":"","format":"standard","meta":{"footnotes":""},"categories":[8],"tags":[43,32,23],"featured_image_url":"https:\/\/sinprofaz.org.br\/2024\/wp-content\/uploads\/2016\/01\/logo-sinprofaz1.jpg","character_count":753,"formatted_date":"10\/07\/2017 - 14:40","contentNovo":"O Sindicato Nacional dos Procuradores da Fazenda Nacional - SINPROFAZ e a Associa\u00e7\u00e3o Nacional dos Advogados da Uni\u00e3o - ANAUNI v\u00eam a p\u00fablico reafirmar que continuar\u00e3o atuando de forma coordenada e construtiva para demonstrar \u00e0 sociedade que a \u201cunifica\u00e7\u00e3o das carreiras\u201d da Advocacia-Geral da Uni\u00e3o (AGU) com as carreiras jur\u00eddicas da administra\u00e7\u00e3o indireta n\u00e3o atende ao interesse p\u00fablico e est\u00e1 em desacordo com o desenho constitucional da AGU.\r\n\r\nEm rela\u00e7\u00e3o ao PLP 337\/2017, as carreiras de Procurador da Fazenda Nacional e de Advogado da Uni\u00e3o est\u00e3o confiantes que a administra\u00e7\u00e3o da AGU mantenha sua predisposi\u00e7\u00e3o de n\u00e3o permitir a utiliza\u00e7\u00e3o do referido projeto para viabilizar eventual unifica\u00e7\u00e3o, inclusive promovendo ajustes de modo a explicitar as atribui\u00e7\u00f5es de representa\u00e7\u00e3o judicial e consultoria da Uni\u00e3o e as relativas \u00e0 administra\u00e7\u00e3o indireta a cargo, atualmente, da Procuradoria-Geral Federal.\r\n\r\nAs entidades representativas das carreiras da AGU consignam que as recentes press\u00f5es pol\u00edticas exercidas em prol de altera\u00e7\u00f5es legislativas que efetivem a unifica\u00e7\u00e3o, pretendida por grupos minorit\u00e1rios, em nada contribuem para a necess\u00e1ria pacifica\u00e7\u00e3o da AGU e est\u00e3o em sentido diametralmente oposto \u00e0 vontade j\u00e1 manifestada in\u00fameras vezes pelas carreiras ora representadas.\r\n<p style=\"text-align: center;\">Bras\u00edlia, 10 de julho de 2017<\/p>\r\n<p style=\"text-align: center;\">SINPROFAZ \u2013 Sindicato Nacional dos Procuradores da Fazenda Nacional\r\nANAUNI \u2013 Associa\u00e7\u00e3o Nacional dos Advogados da Uni\u00e3o<\/p>","_links":{"self":[{"href":"https:\/\/sinprofaz.org.br\/2024\/wp-json\/wp\/v2\/posts\/7078"}],"collection":[{"href":"https:\/\/sinprofaz.org.br\/2024\/wp-json\/wp\/v2\/posts"}],"about":[{"href":"https:\/\/sinprofaz.org.br\/2024\/wp-json\/wp\/v2\/types\/post"}],"author":[{"embeddable":true,"href":"https:\/\/sinprofaz.org.br\/2024\/wp-json\/wp\/v2\/users\/2"}],"replies":[{"embeddable":true,"href":"https:\/\/sinprofaz.org.br\/2024\/wp-json\/wp\/v2\/comments?post=7078"}],"version-history":[{"count":3,"href":"https:\/\/sinprofaz.org.br\/2024\/wp-json\/wp\/v2\/posts\/7078\/revisions"}],"predecessor-version":[{"id":7081,"href":"https:\/\/sinprofaz.org.br\/2024\/wp-json\/wp\/v2\/posts\/7078\/revisions\/7081"}],"wp:featuredmedia":[{"embeddable":true,"href":"https:\/\/sinprofaz.org.br\/2024\/wp-json\/wp\/v2\/media\/2630"}],"wp:attachment":[{"href":"https:\/\/sinprofaz.org.br\/2024\/wp-json\/wp\/v2\/media?parent=7078"}],"wp:term":[{"taxonomy":"category","embeddable":true,"href":"https:\/\/sinprofaz.org.br\/2024\/wp-json\/wp\/v2\/categories?post=7078"},{"taxonomy":"post_tag","embeddable":true,"href":"https:\/\/sinprofaz.org.br\/2024\/wp-json\/wp\/v2\/tags?post=7078"}],"curies":[{"name":"wp","href":"https:\/\/api.w.org\/{rel}","templated":true}]}}