{"id":7048,"date":"2017-06-29T17:33:08","date_gmt":"2017-06-29T17:33:08","guid":{"rendered":"http:\/\/www.sinprofaz.org.br\/?p=7048"},"modified":"2017-07-05T13:08:18","modified_gmt":"2017-07-05T13:08:18","slug":"proclamacao-de-resultado-das-eleicoes-para-diretoria-do-sinprofaz-bienio-20172019","status":"publish","type":"post","link":"https:\/\/sinprofaz.org.br\/2024\/noticias\/proclamacao-de-resultado-das-eleicoes-para-diretoria-do-sinprofaz-bienio-20172019\/","title":{"rendered":"PROCLAMA\u00c7\u00c3O DE RESULTADO DAS ELEI\u00c7\u00d5ES PARA DIRETORIA DO SINPROFAZ \u2013 BI\u00caNIO 2017\/2019"},"content":{"rendered":"<p>A JUNTA DE JULGAMENTO do SINDICATO NACIONAL DOS PROCURADORES DA FAZENDA NACIONAL \u2013 SINPROFAZ informa aos filiados o resultado das elei\u00e7\u00f5es realizadas no \u00faltimo dia 01\/06\/2017:<\/p>\n<p>a. A (\u00fanica) chapa inscrita recebeu:<\/p>\n<p>CHAPA 1 \u2013 CONSOLIDAR E AVAN\u00c7AR COM INDEPEND\u00caNCIA: 470 (quatrocentos e setenta) votos;<\/p>\n<p>b. Houve 24 (vinte e quatro) votos brancos e 42 (quarenta e dois) votos nulos.<\/p>\n<p>Assim sendo, a JUNTA proclama a CHAPA 1 &#8211; \u201cCONSOLIDAR E AVAN\u00c7AR COM INDEPEND\u00caNCIA\u201d vencedora do pleito eleitoral e lhe confere mandato para que seus integrantes exer\u00e7am a diretoria da entidade, com in\u00edcio de mandato em 1\u00ba de julho de 2017 e t\u00e9rmino em 30 de junho de 2019, na forma das disposi\u00e7\u00f5es legais e estatut\u00e1rias, conforme inscrita a chapa.<\/p>\n<p>Presidente: Achilles Linhares de Campos Frias<br \/>\nVice-Presidente: Juscelino de Melo Ferreira<br \/>\nDiretor-Secret\u00e1rio: Iolanda Guindani<br \/>\nDiretor-Administrativo: Jos\u00e9 Ernane de Souza Brito<br \/>\nDiretor de Rela\u00e7\u00f5es Intersindicais: Caio Graco Nunes de S\u00e1 Pereira.<br \/>\nDiretor de Assuntos Profissionais e Estudos T\u00e9cnicos: Giuliano Menezes Campos<br \/>\nDiretor de Assuntos Parlamentares: Rodrigo Oliveira Mellet<br \/>\nDiretor-Jur\u00eddico: Roberto Rodrigues de Oliveira<br \/>\nDiretor de Comunica\u00e7\u00e3o Social: Andr\u00e9 Emmanuel Barreto Campello<br \/>\nDiretor de Assuntos Relativos aos Aposentados e Servi\u00e7os Assistenciais: Ant\u00f4nio Duarte Guedes Neto<br \/>\nDiretor Cultural e de Eventos: S\u00e9rgio Luis de Souza Carneiro<br \/>\nDiretor Suplente: Ju\u00e7ara Valadares Lopes Faria<br \/>\nDiretor Suplente: Val\u00e9ria Gomes Ferreira<br \/>\nDiretor Suplente: Loan Kizzi Ara\u00fajo Reina<br \/>\nDiretor Suplente: Carlos Alexandre Dias Torres<\/p>\n<p>Bras\u00edlia, 29 de junho de 2017.<\/p>\n<p style=\"text-align: center;\">JUNTA ELEITORAL DO SINPROFAZ<\/p>\n<p align=\"center\">Osvaldo Ant\u00f4nio de Lima<br \/>\nPresidente da Junta de Julgamento<\/p>\n<p align=\"center\">Manolo Aur\u00e9lio Bedin Keller<br \/>\nMembro Titular da Junta de Julgamento<\/p>\n<p align=\"center\">Rodrigo De Andrade Maranh\u00e3o Fernandes<br \/>\nMembro Suplente da Junta de Julgamento<\/p>\n","protected":false},"excerpt":{"rendered":"<p>A JUNTA proclama a CHAPA 1 &#8211; \u201cCONSOLIDAR E AVAN\u00c7AR COM INDEPEND\u00caNCIA\u201d vencedora do pleito eleitoral e lhe confere mandato para que seus integrantes exer\u00e7am a diretoria da entidade a partir de 1\u00ba de julho de 2017.<\/p>\n","protected":false},"author":2,"featured_media":2630,"comment_status":"open","ping_status":"open","sticky":false,"template":"","format":"standard","meta":{"footnotes":""},"categories":[8],"tags":[32,25],"featured_image_url":"https:\/\/sinprofaz.org.br\/2024\/wp-content\/uploads\/2016\/01\/logo-sinprofaz1.jpg","character_count":934,"formatted_date":"29\/06\/2017 - 17:33","contentNovo":"A JUNTA DE JULGAMENTO do SINDICATO NACIONAL DOS PROCURADORES DA FAZENDA NACIONAL \u2013 SINPROFAZ informa aos filiados o resultado das elei\u00e7\u00f5es realizadas no \u00faltimo dia 01\/06\/2017:\r\n\r\na. A (\u00fanica) chapa inscrita recebeu:\r\n\r\nCHAPA 1 \u2013 CONSOLIDAR E AVAN\u00c7AR COM INDEPEND\u00caNCIA: 470 (quatrocentos e setenta) votos;\r\n\r\nb. Houve 24 (vinte e quatro) votos brancos e 42 (quarenta e dois) votos nulos.\r\n\r\nAssim sendo, a JUNTA proclama a CHAPA 1 - \u201cCONSOLIDAR E AVAN\u00c7AR COM INDEPEND\u00caNCIA\u201d vencedora do pleito eleitoral e lhe confere mandato para que seus integrantes exer\u00e7am a diretoria da entidade, com in\u00edcio de mandato em 1\u00ba de julho de 2017 e t\u00e9rmino em 30 de junho de 2019, na forma das disposi\u00e7\u00f5es legais e estatut\u00e1rias, conforme inscrita a chapa.\r\n\r\nPresidente: Achilles Linhares de Campos Frias\r\nVice-Presidente: Juscelino de Melo Ferreira\r\nDiretor-Secret\u00e1rio: Iolanda Guindani\r\nDiretor-Administrativo: Jos\u00e9 Ernane de Souza Brito\r\nDiretor de Rela\u00e7\u00f5es Intersindicais: Caio Graco Nunes de S\u00e1 Pereira.\r\nDiretor de Assuntos Profissionais e Estudos T\u00e9cnicos: Giuliano Menezes Campos\r\nDiretor de Assuntos Parlamentares: Rodrigo Oliveira Mellet\r\nDiretor-Jur\u00eddico: Roberto Rodrigues de Oliveira\r\nDiretor de Comunica\u00e7\u00e3o Social: Andr\u00e9 Emmanuel Barreto Campello\r\nDiretor de Assuntos Relativos aos Aposentados e Servi\u00e7os Assistenciais: Ant\u00f4nio Duarte Guedes Neto\r\nDiretor Cultural e de Eventos: S\u00e9rgio Luis de Souza Carneiro\r\nDiretor Suplente: Ju\u00e7ara Valadares Lopes Faria\r\nDiretor Suplente: Val\u00e9ria Gomes Ferreira\r\nDiretor Suplente: Loan Kizzi Ara\u00fajo Reina\r\nDiretor Suplente: Carlos Alexandre Dias Torres\r\n\r\n<p>Bras\u00edlia, 29 de junho de 2017.<\/p>\r\n<p style=\"text-align: center;\">JUNTA ELEITORAL DO SINPROFAZ<\/p>\r\n<p align=\"center\">Osvaldo Ant\u00f4nio de Lima\r\nPresidente da Junta de Julgamento<\/p>\r\n<p align=\"center\">Manolo Aur\u00e9lio Bedin Keller\r\nMembro Titular da Junta de Julgamento<\/p>\r\n<p align=\"center\">Rodrigo De Andrade Maranh\u00e3o Fernandes\r\nMembro Suplente da Junta de Julgamento<\/p>","_links":{"self":[{"href":"https:\/\/sinprofaz.org.br\/2024\/wp-json\/wp\/v2\/posts\/7048"}],"collection":[{"href":"https:\/\/sinprofaz.org.br\/2024\/wp-json\/wp\/v2\/posts"}],"about":[{"href":"https:\/\/sinprofaz.org.br\/2024\/wp-json\/wp\/v2\/types\/post"}],"author":[{"embeddable":true,"href":"https:\/\/sinprofaz.org.br\/2024\/wp-json\/wp\/v2\/users\/2"}],"replies":[{"embeddable":true,"href":"https:\/\/sinprofaz.org.br\/2024\/wp-json\/wp\/v2\/comments?post=7048"}],"version-history":[{"count":3,"href":"https:\/\/sinprofaz.org.br\/2024\/wp-json\/wp\/v2\/posts\/7048\/revisions"}],"predecessor-version":[{"id":7051,"href":"https:\/\/sinprofaz.org.br\/2024\/wp-json\/wp\/v2\/posts\/7048\/revisions\/7051"}],"wp:featuredmedia":[{"embeddable":true,"href":"https:\/\/sinprofaz.org.br\/2024\/wp-json\/wp\/v2\/media\/2630"}],"wp:attachment":[{"href":"https:\/\/sinprofaz.org.br\/2024\/wp-json\/wp\/v2\/media?parent=7048"}],"wp:term":[{"taxonomy":"category","embeddable":true,"href":"https:\/\/sinprofaz.org.br\/2024\/wp-json\/wp\/v2\/categories?post=7048"},{"taxonomy":"post_tag","embeddable":true,"href":"https:\/\/sinprofaz.org.br\/2024\/wp-json\/wp\/v2\/tags?post=7048"}],"curies":[{"name":"wp","href":"https:\/\/api.w.org\/{rel}","templated":true}]}}