{"id":7041,"date":"2017-06-14T18:31:13","date_gmt":"2017-06-14T18:31:13","guid":{"rendered":"http:\/\/www.sinprofaz.org.br\/?p=7041"},"modified":"2017-06-22T12:30:41","modified_gmt":"2017-06-22T12:30:41","slug":"sinprofaz-apoia-realizacao-de-iii-forum-nacional-do-poder-publico","status":"publish","type":"post","link":"https:\/\/sinprofaz.org.br\/2024\/noticias\/sinprofaz-apoia-realizacao-de-iii-forum-nacional-do-poder-publico\/","title":{"rendered":"SINPROFAZ APOIA REALIZA\u00c7\u00c3O DE III F\u00d3RUM NACIONAL DO PODER P\u00daBLICO"},"content":{"rendered":"<p>A Procuradoria Regional da Fazenda Nacional da 3\u00aa Regi\u00e3o sediou, nos dias 9 e 10 de junho, o III F\u00f3rum Nacional do Poder P\u00fablico. O evento teve o apoio do SINPROFAZ e contou com a presen\u00e7a do presidente do Sindicato, Achilles Frias. O III F\u00f3rum foi aberto a profissionais e estudantes interessados em discutir o direito processual p\u00fablico, especialmente os problemas de aplicabilidade do Novo CPC nas rela\u00e7\u00f5es em que a Fazenda \u00e9 parte.<\/p>\n<p>Ao longo do evento, formaram-se grupos tem\u00e1ticos para discuss\u00e3o dos principais problemas enfrentados pelos profissionais e acad\u00eamicos da \u00e1rea. As conclus\u00f5es dos debates foram expressas sob a forma de enunciados, avaliados a aprovados na plen\u00e1ria do segundo dia de F\u00f3rum. Sob essa din\u00e2mica, j\u00e1 se realizaram dois encontros do FNPP, em Bras\u00edlia\/DF e em Vit\u00f3ria\/ES, ambos no ano passado.<\/p>\n<p>O III F\u00f3rum teve a coordena\u00e7\u00e3o da PFN Rita Dias Nolasco e do procurador do estado Marco Antonio Rodrigues. Al\u00e9m do SINPROFAZ, foram apoiadores do evento a Procuradoria-Geral da Fazenda Nacional, a Escola da AGU, a Associa\u00e7\u00e3o Nacional dos Procuradores dos Estados e do DF &#8211; ANAPE e a Associa\u00e7\u00e3o Nacional dos Procuradores Municipais &#8211; ANPM.<\/p>\n","protected":false},"excerpt":{"rendered":"<p>A Procuradoria Regional da Fazenda Nacional da 3\u00aa Regi\u00e3o sediou, nos dias 9 e 10 de junho, o III F\u00f3rum Nacional do Poder P\u00fablico. O evento teve o apoio do SINPROFAZ e contou com a presen\u00e7a do presidente do Sindicato, Achilles Frias.<\/p>\n","protected":false},"author":2,"featured_media":7042,"comment_status":"open","ping_status":"open","sticky":false,"template":"","format":"standard","meta":{"footnotes":""},"categories":[8],"tags":[32,44,25],"featured_image_url":"https:\/\/sinprofaz.org.br\/2024\/wp-content\/uploads\/2017\/06\/014-800x198.jpg","character_count":601,"formatted_date":"14\/06\/2017 - 18:31","contentNovo":"<p>A Procuradoria Regional da Fazenda Nacional da 3\u00aa Regi\u00e3o sediou, nos dias 9 e 10 de junho, o III F\u00f3rum Nacional do Poder P\u00fablico. O evento teve o apoio do SINPROFAZ e contou com a presen\u00e7a do presidente do Sindicato, Achilles Frias. O III F\u00f3rum foi aberto a profissionais e estudantes interessados em discutir o direito processual p\u00fablico, especialmente os problemas de aplicabilidade do Novo CPC nas rela\u00e7\u00f5es em que a Fazenda \u00e9 parte.<\/p><p>Ao longo do evento, formaram-se grupos tem\u00e1ticos para discuss\u00e3o dos principais problemas enfrentados pelos profissionais e acad\u00eamicos da \u00e1rea. As conclus\u00f5es dos debates foram expressas sob a forma de enunciados, avaliados a aprovados na plen\u00e1ria do segundo dia de F\u00f3rum. Sob essa din\u00e2mica, j\u00e1 se realizaram dois encontros do FNPP, em Bras\u00edlia\/DF e em Vit\u00f3ria\/ES, ambos no ano passado.<\/p><p>O III F\u00f3rum teve a coordena\u00e7\u00e3o da PFN Rita Dias Nolasco e do procurador do estado Marco Antonio Rodrigues. Al\u00e9m do SINPROFAZ, foram apoiadores do evento a Procuradoria-Geral da Fazenda Nacional, a Escola da AGU, a Associa\u00e7\u00e3o Nacional dos Procuradores dos Estados e do DF - ANAPE e a Associa\u00e7\u00e3o Nacional dos Procuradores Municipais - ANPM.<\/p>\r\n","_links":{"self":[{"href":"https:\/\/sinprofaz.org.br\/2024\/wp-json\/wp\/v2\/posts\/7041"}],"collection":[{"href":"https:\/\/sinprofaz.org.br\/2024\/wp-json\/wp\/v2\/posts"}],"about":[{"href":"https:\/\/sinprofaz.org.br\/2024\/wp-json\/wp\/v2\/types\/post"}],"author":[{"embeddable":true,"href":"https:\/\/sinprofaz.org.br\/2024\/wp-json\/wp\/v2\/users\/2"}],"replies":[{"embeddable":true,"href":"https:\/\/sinprofaz.org.br\/2024\/wp-json\/wp\/v2\/comments?post=7041"}],"version-history":[{"count":1,"href":"https:\/\/sinprofaz.org.br\/2024\/wp-json\/wp\/v2\/posts\/7041\/revisions"}],"predecessor-version":[{"id":7043,"href":"https:\/\/sinprofaz.org.br\/2024\/wp-json\/wp\/v2\/posts\/7041\/revisions\/7043"}],"wp:featuredmedia":[{"embeddable":true,"href":"https:\/\/sinprofaz.org.br\/2024\/wp-json\/wp\/v2\/media\/7042"}],"wp:attachment":[{"href":"https:\/\/sinprofaz.org.br\/2024\/wp-json\/wp\/v2\/media?parent=7041"}],"wp:term":[{"taxonomy":"category","embeddable":true,"href":"https:\/\/sinprofaz.org.br\/2024\/wp-json\/wp\/v2\/categories?post=7041"},{"taxonomy":"post_tag","embeddable":true,"href":"https:\/\/sinprofaz.org.br\/2024\/wp-json\/wp\/v2\/tags?post=7041"}],"curies":[{"name":"wp","href":"https:\/\/api.w.org\/{rel}","templated":true}]}}