{"id":7035,"date":"2017-06-13T14:03:07","date_gmt":"2017-06-13T14:03:07","guid":{"rendered":"http:\/\/www.sinprofaz.org.br\/?p=7035"},"modified":"2017-06-14T14:30:15","modified_gmt":"2017-06-14T14:30:15","slug":"sinprofaz-convida-carreira-para-cerimonia-de-posse-da-diretoria-2017-2019","status":"publish","type":"post","link":"https:\/\/sinprofaz.org.br\/2024\/noticias\/sinprofaz-convida-carreira-para-cerimonia-de-posse-da-diretoria-2017-2019\/","title":{"rendered":"SINPROFAZ CONVIDA CARREIRA PARA CERIM\u00d4NIA DE POSSE DA DIRETORIA 2017-2019"},"content":{"rendered":"<p>O SINPROFAZ tem a honra de apresentar os Membros de sua Diretoria para o bi\u00eanio 2017-2019 e convidar toda a Carreira para a cerim\u00f4nia de posse que se realizar\u00e1 no dia 4 de julho de 2017, \u00e0s 19h, no Edif\u00edcio OAB \u2013 Centro Cultural Evandro Lins e Silva, localizado no SAUS Quadra 5, Lote 2, Bloco N.<\/p>\n<p><b>DIRETORIA 2017-2019<\/b><\/p>\n<p>Presidente: Achilles Linhares de Campos Frias (PFN\/SC)<br \/>\nVice-Presidente: Juscelino de Melo Ferreira (PFN\/PE)<br \/>\nDiretor-Secret\u00e1rio: Iolanda Guindani (PFN\/RS)<br \/>\nDiretor-Administrativo: Jos\u00e9 Ernane de Souza Brito (PFN\/ES)<br \/>\nDiretor de Rela\u00e7\u00f5es Intersindicais: Caio Graco Nunes de S\u00e1 Pereira (PFN\/PB)<br \/>\nDiretor de Assuntos Profissionais e Estudos T\u00e9cnicos: Giuliano Menezes Campos (PFN\/CE)<br \/>\nDiretor de Assuntos Parlamentares: Rodrigo Oliveira Mellet (PFN\/SP)<br \/>\nDiretor-Jur\u00eddico: Roberto Rodrigues de Oliveira (PFN\/GO)<br \/>\nDiretor de Comunica\u00e7\u00e3o Social: Andr\u00e9 Emmanuel Barreto Campello (PFN\/MA)<br \/>\nDiretor de Assuntos Relativos aos Aposentados e Servi\u00e7os Assistenciais: Ant\u00f4nio Duarte Guedes Neto (PFN\/MG)<br \/>\nDiretor Cultural e de Eventos: S\u00e9rgio Luis de Souza Carneiro (PFN\/RJ)<br \/>\nDiretor Suplente: Ju\u00e7ara Valadares Lopes Farias (PFN\/MG)<br \/>\nDiretor Suplente: Val\u00e9ria Gomes Ferreira (PFN\/SP)<br \/>\nDiretor Suplente: Loan Kizzi Ara\u00fajo Reina (PFN\/BA)<br \/>\nDiretor Suplente: Carlos Alexandre Dias Torres (PFN\/SP)<\/p>\n","protected":false},"excerpt":{"rendered":"<p>O SINPROFAZ tem a honra de apresentar os Membros de sua Diretoria para o bi\u00eanio 2017-2019 e convidar a Carreira para a cerim\u00f4nia de posse que se realizar\u00e1 no dia 4 de julho de 2017, \u00e0s 19h, na OAB, em Bras\u00edlia\/DF.<\/p>\n","protected":false},"author":2,"featured_media":2630,"comment_status":"open","ping_status":"open","sticky":false,"template":"","format":"standard","meta":{"footnotes":""},"categories":[8],"tags":[32,27,25],"featured_image_url":"https:\/\/sinprofaz.org.br\/2024\/wp-content\/uploads\/2016\/01\/logo-sinprofaz1.jpg","character_count":653,"formatted_date":"13\/06\/2017 - 14:03","contentNovo":"<p>O SINPROFAZ tem a honra de apresentar os Membros de sua Diretoria para o bi\u00eanio 2017-2019 e convidar toda a Carreira para a cerim\u00f4nia de posse que se realizar\u00e1 no dia 4 de julho de 2017, \u00e0s 19h, no Edif\u00edcio OAB \u2013 Centro Cultural Evandro Lins e Silva, localizado no SAUS Quadra 5, Lote 2, Bloco N.<\/p>\r\n\r\n<p>DIRETORIA 2017-2019<\/p>\r\n\r\n<p>Presidente: Achilles Linhares de Campos Frias (PFN\/SC)\r\nVice-Presidente: Juscelino de Melo Ferreira (PFN\/PE)\r\nDiretor-Secret\u00e1rio: Iolanda Guindani (PFN\/RS)\r\nDiretor-Administrativo: Jos\u00e9 Ernane de Souza Brito (PFN\/ES)\r\nDiretor de Rela\u00e7\u00f5es Intersindicais: Caio Graco Nunes de S\u00e1 Pereira (PFN\/PB)\r\nDiretor de Assuntos Profissionais e Estudos T\u00e9cnicos: Giuliano Menezes Campos (PFN\/CE)\r\nDiretor de Assuntos Parlamentares: Rodrigo Oliveira Mellet (PFN\/SP)\r\nDiretor-Jur\u00eddico: Roberto Rodrigues de Oliveira (PFN\/GO)\r\nDiretor de Comunica\u00e7\u00e3o Social: Andr\u00e9 Emmanuel Barreto Campello (PFN\/MA)\r\nDiretor de Assuntos Relativos aos Aposentados e Servi\u00e7os Assistenciais: Ant\u00f4nio Duarte Guedes Neto (PFN\/MG)\r\nDiretor Cultural e de Eventos: S\u00e9rgio Luis de Souza Carneiro (PFN\/RJ)\r\nDiretor Suplente: Ju\u00e7ara Valadares Lopes Farias (PFN\/MG)\r\nDiretor Suplente: Val\u00e9ria Gomes Ferreira (PFN\/SP)\r\nDiretor Suplente: Loan Kizzi Ara\u00fajo Reina (PFN\/BA)\r\nDiretor Suplente: Carlos Alexandre Dias Torres (PFN\/SP)<\/p>","_links":{"self":[{"href":"https:\/\/sinprofaz.org.br\/2024\/wp-json\/wp\/v2\/posts\/7035"}],"collection":[{"href":"https:\/\/sinprofaz.org.br\/2024\/wp-json\/wp\/v2\/posts"}],"about":[{"href":"https:\/\/sinprofaz.org.br\/2024\/wp-json\/wp\/v2\/types\/post"}],"author":[{"embeddable":true,"href":"https:\/\/sinprofaz.org.br\/2024\/wp-json\/wp\/v2\/users\/2"}],"replies":[{"embeddable":true,"href":"https:\/\/sinprofaz.org.br\/2024\/wp-json\/wp\/v2\/comments?post=7035"}],"version-history":[{"count":2,"href":"https:\/\/sinprofaz.org.br\/2024\/wp-json\/wp\/v2\/posts\/7035\/revisions"}],"predecessor-version":[{"id":7037,"href":"https:\/\/sinprofaz.org.br\/2024\/wp-json\/wp\/v2\/posts\/7035\/revisions\/7037"}],"wp:featuredmedia":[{"embeddable":true,"href":"https:\/\/sinprofaz.org.br\/2024\/wp-json\/wp\/v2\/media\/2630"}],"wp:attachment":[{"href":"https:\/\/sinprofaz.org.br\/2024\/wp-json\/wp\/v2\/media?parent=7035"}],"wp:term":[{"taxonomy":"category","embeddable":true,"href":"https:\/\/sinprofaz.org.br\/2024\/wp-json\/wp\/v2\/categories?post=7035"},{"taxonomy":"post_tag","embeddable":true,"href":"https:\/\/sinprofaz.org.br\/2024\/wp-json\/wp\/v2\/tags?post=7035"}],"curies":[{"name":"wp","href":"https:\/\/api.w.org\/{rel}","templated":true}]}}