{"id":698,"date":"2012-04-02T14:01:47","date_gmt":"2012-04-02T14:01:47","guid":{"rendered":""},"modified":"-0001-11-30T00:00:00","modified_gmt":"-0001-11-30T03:00:00","slug":"deputado-registra-apoio-a-criacao-do-dia-nacional-da-justica-fiscal","status":"publish","type":"post","link":"https:\/\/sinprofaz.org.br\/2024\/noticias\/deputado-registra-apoio-a-criacao-do-dia-nacional-da-justica-fiscal\/","title":{"rendered":"Deputado registra apoio \u00e0 cria\u00e7\u00e3o do Dia Nacional da Justi\u00e7a Fiscal"},"content":{"rendered":"<p>A proposi\u00e7\u00e3o <em>cria o Dia Nacional da Justi\u00e7a Fiscal a ser comemorado anualmente em 17 de mar\u00e7o<\/em>.<\/p>\n<p>O deputado F\u00e1bio Trad (PMDB-MS), que \u00e9 o novo coordenador da Frente Parlamentar em Defesa da Advocacia P\u00fablica, apresentou o requerimento 4762\/12, solicitando que o PL 5.948\/09 seja <em>inclu\u00eddo na ordem do dia para delibera\u00e7\u00e3o no plen\u00e1rio da C\u00e2mara<\/em>.<\/p>\n<p><em>O PL foi uma iniciativa do SINPROFAZ e come\u00e7ou a tramitar na C\u00e2mara como sugest\u00e3o legislativa na Comiss\u00e3o de Legisla\u00e7\u00e3o Participativa \u2013 CLP<\/em>.<\/p>\n","protected":false},"excerpt":{"rendered":"<p>Na semana seguinte ao evento da C\u00e2mara de relan\u00e7amento da campanha do SINPROFAZ, deputado F\u00e1bio Trad apresenta requerimento para plen\u00e1rio votar PL 5.948\/09.<\/p>\n","protected":false},"author":1,"featured_media":0,"comment_status":"closed","ping_status":"open","sticky":false,"template":"","format":"standard","meta":{"footnotes":""},"categories":[8],"tags":[],"featured_image_url":"https:\/\/dummyimage.com\/720x400","character_count":252,"formatted_date":"02\/04\/2012 - 14:01","contentNovo":"\r\n<p>A proposi\u00e7\u00e3o <em>cria o Dia Nacional da Justi\u00e7a Fiscal a ser comemorado anualmente em 17 de mar\u00e7o<\/em>.<\/p>\r\n<p>O deputado F\u00e1bio Trad (PMDB-MS), que \u00e9 o novo coordenador da Frente Parlamentar em Defesa da Advocacia P\u00fablica, apresentou o requerimento 4762\/12, solicitando que o PL 5.948\/09 seja <em>inclu\u00eddo na ordem do dia para delibera\u00e7\u00e3o no plen\u00e1rio da C\u00e2mara<\/em>.<\/p>\r\n<p><em>O PL foi uma iniciativa do SINPROFAZ e come\u00e7ou a tramitar na C\u00e2mara como sugest\u00e3o legislativa na Comiss\u00e3o de Legisla\u00e7\u00e3o Participativa \u2013 CLP<\/em>.<\/p>","_links":{"self":[{"href":"https:\/\/sinprofaz.org.br\/2024\/wp-json\/wp\/v2\/posts\/698"}],"collection":[{"href":"https:\/\/sinprofaz.org.br\/2024\/wp-json\/wp\/v2\/posts"}],"about":[{"href":"https:\/\/sinprofaz.org.br\/2024\/wp-json\/wp\/v2\/types\/post"}],"author":[{"embeddable":true,"href":"https:\/\/sinprofaz.org.br\/2024\/wp-json\/wp\/v2\/users\/1"}],"replies":[{"embeddable":true,"href":"https:\/\/sinprofaz.org.br\/2024\/wp-json\/wp\/v2\/comments?post=698"}],"version-history":[{"count":0,"href":"https:\/\/sinprofaz.org.br\/2024\/wp-json\/wp\/v2\/posts\/698\/revisions"}],"wp:attachment":[{"href":"https:\/\/sinprofaz.org.br\/2024\/wp-json\/wp\/v2\/media?parent=698"}],"wp:term":[{"taxonomy":"category","embeddable":true,"href":"https:\/\/sinprofaz.org.br\/2024\/wp-json\/wp\/v2\/categories?post=698"},{"taxonomy":"post_tag","embeddable":true,"href":"https:\/\/sinprofaz.org.br\/2024\/wp-json\/wp\/v2\/tags?post=698"}],"curies":[{"name":"wp","href":"https:\/\/api.w.org\/{rel}","templated":true}]}}