{"id":6901,"date":"2017-05-09T15:37:36","date_gmt":"2017-05-09T15:37:36","guid":{"rendered":"http:\/\/www.sinprofaz.org.br\/?p=6901"},"modified":"2017-05-10T17:57:09","modified_gmt":"2017-05-10T17:57:09","slug":"sinprofaz-preside-mesa-de-debates-em-congresso-brasileiro-de-direito-do-estado","status":"publish","type":"post","link":"https:\/\/sinprofaz.org.br\/2024\/noticias\/sinprofaz-preside-mesa-de-debates-em-congresso-brasileiro-de-direito-do-estado\/","title":{"rendered":"SINPROFAZ PRESIDE MESA DE DEBATES EM CONGRESSO BRASILEIRO DE DIREITO DO ESTADO"},"content":{"rendered":"<p>O Procurador da Fazenda Nacional e presidente do SINPROFAZ, Achilles Frias, presidiu ontem (8) a mesa de debates &#8220;Reforma Constitucional da Previd\u00eancia&#8221;, realizada durante o XVI Congresso Brasileiro de Direito do Estado. Na ocasi\u00e3o, Achilles Frias mediou as discuss\u00f5es entre Paulo Modesto, presidente do Instituto Brasileiro de Direito P\u00fablico &#8211; IBDP, F\u00e1bio Zambitte Ibrahim, coordenador de Direito Previdenci\u00e1rio da Escola de Magistratura do Estado do Rio de Janeiro, e Bruno Bianco Leal, assessor especial da Casa Civil.<\/p>\n<p>O SINPROFAZ foi apoiador do evento, que contou com a participa\u00e7\u00e3o do diretor do Sindicato Giuliano Menezes e da PFN Carolina Zancaner, doutora e mestre em Direito Administrativo pela PUC-SP que ministrar\u00e1 palestra no evento sobre &#8220;Greves nos servi\u00e7os essenciais e a atua\u00e7\u00e3o da Advocacia P\u00fablica: Medidas cab\u00edveis para garantia do interesse p\u00fablico&#8221;. A Confer\u00eancia de Abertura do evento contou com a participa\u00e7\u00e3o do administrativista Celso Antonio Bandeira de Mello, do ministro do Superior Tribunal de Justi\u00e7a e corregedor-geral da Justi\u00e7a Eleitoral, Herman Benjamin, e do ex-ministro do Supremo Tribunal Federal Carlos Ayres Britto.<\/p>\n<p>Promovido pelo Instituto Brasileiro de Direito P\u00fablico \u2013 IBDP, o Congresso ocorre at\u00e9 o dia 10 de maio, em Bras\u00edlia\/DF, e tem como tema central a reforma constitucional da Previd\u00eancia. O assunto, amplamente discutido no \u00e2mbito pol\u00edtico pelo SINPROFAZ, ser\u00e1 alvo, agora, de um debate jur\u00eddico, com o qual o Sindicato tamb\u00e9m deseja contribuir.<\/p>\n\n\t\t<style type=\"text\/css\">\n\t\t\t#gallery-1 {\n\t\t\t\tmargin: auto;\n\t\t\t}\n\t\t\t#gallery-1 .gallery-item {\n\t\t\t\tfloat: left;\n\t\t\t\tmargin-top: 10px;\n\t\t\t\ttext-align: center;\n\t\t\t\twidth: 33%;\n\t\t\t}\n\t\t\t#gallery-1 img {\n\t\t\t\tborder: 2px solid #cfcfcf;\n\t\t\t}\n\t\t\t#gallery-1 .gallery-caption {\n\t\t\t\tmargin-left: 0;\n\t\t\t}\n\t\t\t\/* see gallery_shortcode() in wp-includes\/media.php *\/\n\t\t<\/style>\n\t\t<div id='gallery-1' class='gallery galleryid-6901 gallery-columns-3 gallery-size-thumbnail'><dl class='gallery-item'>\n\t\t\t<dt class='gallery-icon landscape'>\n\t\t\t\t<a href='https:\/\/sinprofaz.org.br\/2024\/wp-content\/uploads\/2017\/05\/021.jpg'><img loading=\"lazy\" decoding=\"async\" width=\"150\" height=\"150\" src=\"https:\/\/sinprofaz.org.br\/2024\/wp-content\/uploads\/2017\/05\/021-150x150.jpg\" class=\"attachment-thumbnail size-thumbnail\" alt=\"\" \/><\/a>\n\t\t\t<\/dt><\/dl><dl class='gallery-item'>\n\t\t\t<dt class='gallery-icon landscape'>\n\t\t\t\t<a href='https:\/\/sinprofaz.org.br\/2024\/wp-content\/uploads\/2017\/05\/03.jpg'><img loading=\"lazy\" decoding=\"async\" width=\"150\" height=\"150\" src=\"https:\/\/sinprofaz.org.br\/2024\/wp-content\/uploads\/2017\/05\/03-150x150.jpg\" class=\"attachment-thumbnail size-thumbnail\" alt=\"\" \/><\/a>\n\t\t\t<\/dt><\/dl><dl class='gallery-item'>\n\t\t\t<dt class='gallery-icon landscape'>\n\t\t\t\t<a href='https:\/\/sinprofaz.org.br\/2024\/wp-content\/uploads\/2017\/05\/04.jpg'><img loading=\"lazy\" decoding=\"async\" width=\"150\" height=\"150\" src=\"https:\/\/sinprofaz.org.br\/2024\/wp-content\/uploads\/2017\/05\/04-150x150.jpg\" class=\"attachment-thumbnail size-thumbnail\" alt=\"\" \/><\/a>\n\t\t\t<\/dt><\/dl><br style=\"clear: both\" \/><dl class='gallery-item'>\n\t\t\t<dt class='gallery-icon landscape'>\n\t\t\t\t<a href='https:\/\/sinprofaz.org.br\/2024\/wp-content\/uploads\/2017\/05\/05.jpg'><img loading=\"lazy\" decoding=\"async\" width=\"150\" height=\"150\" src=\"https:\/\/sinprofaz.org.br\/2024\/wp-content\/uploads\/2017\/05\/05-150x150.jpg\" class=\"attachment-thumbnail size-thumbnail\" alt=\"\" \/><\/a>\n\t\t\t<\/dt><\/dl>\n\t\t\t<br style='clear: both' \/>\n\t\t<\/div>\n\n","protected":false},"excerpt":{"rendered":"<p>O PFN e presidente do SINPROFAZ, Achilles Frias, presidiu a mesa de debates &#8220;Reforma Constitucional da Previd\u00eancia&#8221;, realizada durante o XVI Congresso Brasileiro de Direito do Estado. <\/p>\n","protected":false},"author":2,"featured_media":6902,"comment_status":"open","ping_status":"open","sticky":false,"template":"","format":"standard","meta":{"footnotes":""},"categories":[8],"tags":[32,25],"featured_image_url":"https:\/\/sinprofaz.org.br\/2024\/wp-content\/uploads\/2017\/05\/014-800x198.jpg","character_count":978,"formatted_date":"09\/05\/2017 - 15:37","contentNovo":"<p>O Procurador da Fazenda Nacional e presidente do SINPROFAZ, Achilles Frias, presidiu ontem (8) a mesa de debates \"Reforma Constitucional da Previd\u00eancia\", realizada durante o XVI Congresso Brasileiro de Direito do Estado. Na ocasi\u00e3o, Achilles Frias mediou as discuss\u00f5es entre Paulo Modesto, presidente do Instituto Brasileiro de Direito P\u00fablico - IBDP, F\u00e1bio Zambitte Ibrahim, coordenador de Direito Previdenci\u00e1rio da Escola de Magistratura do Estado do Rio de Janeiro, e Bruno Bianco Leal, assessor especial da Casa Civil.<\/p><p>O SINPROFAZ foi apoiador do evento, que contou com a participa\u00e7\u00e3o do diretor do Sindicato Giuliano Menezes e da PFN Carolina Zancaner, doutora e mestre em Direito Administrativo pela PUC-SP que ministrar\u00e1 palestra no evento sobre \"Greves nos servi\u00e7os essenciais e a atua\u00e7\u00e3o da Advocacia P\u00fablica: Medidas cab\u00edveis para garantia do interesse p\u00fablico\". A Confer\u00eancia de Abertura do evento contou com a participa\u00e7\u00e3o do administrativista Celso Antonio Bandeira de Mello, do ministro do Superior Tribunal de Justi\u00e7a e corregedor-geral da Justi\u00e7a Eleitoral, Herman Benjamin, e do ex-ministro do Supremo Tribunal Federal Carlos Ayres Britto.<\/p><p>Promovido pelo Instituto Brasileiro de Direito P\u00fablico \u2013 IBDP, o Congresso ocorre at\u00e9 o dia 10 de maio, em Bras\u00edlia\/DF, e tem como tema central a reforma constitucional da Previd\u00eancia. O assunto, amplamente discutido no \u00e2mbito pol\u00edtico pelo SINPROFAZ, ser\u00e1 alvo, agora, de um debate jur\u00eddico, com o qual o Sindicato tamb\u00e9m deseja contribuir.<\/p>\r\n[gallery link=\"file\" ids=\"6903,6904,6905,6906\"]","_links":{"self":[{"href":"https:\/\/sinprofaz.org.br\/2024\/wp-json\/wp\/v2\/posts\/6901"}],"collection":[{"href":"https:\/\/sinprofaz.org.br\/2024\/wp-json\/wp\/v2\/posts"}],"about":[{"href":"https:\/\/sinprofaz.org.br\/2024\/wp-json\/wp\/v2\/types\/post"}],"author":[{"embeddable":true,"href":"https:\/\/sinprofaz.org.br\/2024\/wp-json\/wp\/v2\/users\/2"}],"replies":[{"embeddable":true,"href":"https:\/\/sinprofaz.org.br\/2024\/wp-json\/wp\/v2\/comments?post=6901"}],"version-history":[{"count":1,"href":"https:\/\/sinprofaz.org.br\/2024\/wp-json\/wp\/v2\/posts\/6901\/revisions"}],"predecessor-version":[{"id":6907,"href":"https:\/\/sinprofaz.org.br\/2024\/wp-json\/wp\/v2\/posts\/6901\/revisions\/6907"}],"wp:featuredmedia":[{"embeddable":true,"href":"https:\/\/sinprofaz.org.br\/2024\/wp-json\/wp\/v2\/media\/6902"}],"wp:attachment":[{"href":"https:\/\/sinprofaz.org.br\/2024\/wp-json\/wp\/v2\/media?parent=6901"}],"wp:term":[{"taxonomy":"category","embeddable":true,"href":"https:\/\/sinprofaz.org.br\/2024\/wp-json\/wp\/v2\/categories?post=6901"},{"taxonomy":"post_tag","embeddable":true,"href":"https:\/\/sinprofaz.org.br\/2024\/wp-json\/wp\/v2\/tags?post=6901"}],"curies":[{"name":"wp","href":"https:\/\/api.w.org\/{rel}","templated":true}]}}