{"id":6897,"date":"2017-05-08T21:19:06","date_gmt":"2017-05-08T21:19:06","guid":{"rendered":"http:\/\/www.sinprofaz.org.br\/?p=6897"},"modified":"2017-05-09T15:38:21","modified_gmt":"2017-05-09T15:38:21","slug":"comunicado-012017-eleicao-para-a-diretoria-do-sinprofaz-bienio-2017-2019-comunicacao-de-inscricao-de-chapa","status":"publish","type":"post","link":"https:\/\/sinprofaz.org.br\/2024\/noticias\/comunicado-012017-eleicao-para-a-diretoria-do-sinprofaz-bienio-2017-2019-comunicacao-de-inscricao-de-chapa\/","title":{"rendered":"Comunicado 01\/2017 &#8211; ELEI\u00c7\u00c3O PARA A DIRETORIA DO SINPROFAZ \u2013 BI\u00caNIO 2017-2019 COMUNICA\u00c7\u00c3O DE INSCRI\u00c7\u00c3O DE CHAPA"},"content":{"rendered":"<p style=\"text-align:center\"><b>Comunicado 01\/2017<\/b><\/p>\n<p style=\"text-align:center\"><b>ELEI\u00c7\u00c3O PARA A DIRETORIA DO SINPROFAZ \u2013 BI\u00caNIO 2017-2019 COMUNICA\u00c7\u00c3O DE INSCRI\u00c7\u00c3O DE CHAPA<\/b><\/p>\n<p>Bras\u00edlia, 08 de maio de 2017.<\/p>\n<p>Senhoras e Senhores Procuradores da Fazenda Nacional,<\/p>\n<p>A <b>Junta de Julgamento<\/b> do SINPROFAZ, no uso de suas atribui\u00e7\u00f5es estatut\u00e1rias, comunica que uma (1) chapa efetuou o registro para a elei\u00e7\u00e3o da Diretoria, referente ao bi\u00eanio 2017\/2019, conforme rela\u00e7\u00e3o abaixo. Os candidatos atendem \u00e0s exig\u00eancias estatut\u00e1rias.<\/p>\n<p>A elei\u00e7\u00e3o ocorrer\u00e1 no dia <b>01 de junho, das 09:00 \u00e0s 18:00<\/b>.<\/p>\n<p>Respeitosamente,<\/p>\n<p style=\"text-align:center\">Osvaldo Ant\u00f4nio de Lima<br \/>\nPresidente da Junta de Julgamento<\/p>\n<p style=\"text-align:center\">Manolo Aur\u00e9lio Bedin Keller<br \/>Membro da Junta de Julgamento<\/p>\n<p style=\"text-align:center\">Carlos Barreto Campello Roichman<br \/>Membro da Junta de Julgamento<\/p>\n<p><b><u>Chapa 1 \u201cCONSOLIDAR E AVAN\u00c7AR COM INDEPEND\u00caNCIA\u201d<\/u><\/b><\/p>\n<p><b>Presidente:<\/b> Achilles Linhares de Campos Frias (SC) 1\/7\/1998<\/p>\n<p><b>Vice-Presidente:<\/b> Juscelino de Melo Ferreira (PE) 05\/09\/2000\n<\/p>\n<p><b>Diretor-Secret\u00e1rio:<\/b> Iolanda Guindani (RS) 4\/08\/2000<\/p>\n<p><b>Diretor-Administrativo:<\/b> Jos\u00e9 Ernane de Souza Brito (ES) 08\/02\/2011<\/p>\n<p><b>Diretor de Rela\u00e7\u00f5es intersindicais:<\/b> Caio Graco Nunes de S\u00e1 Pereira (PB) 13\/07\/2009<\/p>\n<p><b>Diretor de Assuntos Profissionais e Estudos T\u00e9cnicos:<\/b> Giuliano Menezes Campos (CE) 01\/07\/1998\n<\/p>\n<p><b>Diretor de Assuntos Parlamentares:<\/b> Rodrigo Oliveira Mellet (SP) 14\/07\/2010\n<\/p>\n<p><b>Diretor-Jur\u00eddico:<\/b> Roberto Rodrigues de Oliveira (GO) 01\/01\/1993\n<\/p>\n<p><b>Diretor de Comunica\u00e7\u00e3o Social:<\/b> Andr\u00e9 Emmanuel Barreto Campello (MA) 11\/03\/2004\n<\/p>\n<p><b>Diretor de Assuntos Relativos aos Aposentados e Servi\u00e7os Assistenciais:<\/b> Ant\u00f4nio Duarte Guedes Neto (MG) 01\/06\/1995<\/p>\n<p><b>Diretor Cultural e de Eventos:<\/b> S\u00e9rgio Luis de Souza Carneiro (RJ) 01\/07\/1995<\/p>\n<p><b>Diretor Suplente:<\/b> Ju\u00e7ara Valadares Lopes Farias (MG) 17\/08\/2000<\/p>\n<p><b>Diretor Suplente:<\/b> Val\u00e9ria Gomes Ferreira (SP) 17\/05\/2007\n<\/p>\n<p><b>Diretor Suplente:<\/b> Loan Kizzi Ara\u00fajo Reina (BA) 26\/02\/2008<\/p>\n<p><b>Diretor Suplente:<\/b> Carlos Alexandre Dias Torres (SP) 08\/05\/2009<\/p>\n","protected":false},"excerpt":{"rendered":"<p>A Junta de Julgamento do SINPROFAZ, no uso de suas atribui\u00e7\u00f5es estatut\u00e1rias, comunica que uma (1) chapa efetuou o registro para a elei\u00e7\u00e3o da Diretoria, referente ao bi\u00eanio 2017\/2019.<\/p>\n","protected":false},"author":2,"featured_media":2630,"comment_status":"open","ping_status":"open","sticky":false,"template":"","format":"standard","meta":{"footnotes":""},"categories":[8],"tags":[93,25],"featured_image_url":"https:\/\/sinprofaz.org.br\/2024\/wp-content\/uploads\/2016\/01\/logo-sinprofaz1.jpg","character_count":939,"formatted_date":"08\/05\/2017 - 21:19","contentNovo":"<p style=\"text-align:center\">Comunicado 01\/2017<\/p><p style=\"text-align:center\">ELEI\u00c7\u00c3O PARA A DIRETORIA DO SINPROFAZ \u2013 BI\u00caNIO 2017-2019 COMUNICA\u00c7\u00c3O DE INSCRI\u00c7\u00c3O DE CHAPA<\/p><p>Bras\u00edlia, 08 de maio de 2017.<\/p><p>Senhoras e Senhores Procuradores da Fazenda Nacional,<\/p><p>A Junta de Julgamento do SINPROFAZ, no uso de suas atribui\u00e7\u00f5es estatut\u00e1rias, comunica que uma (1) chapa efetuou o registro para a elei\u00e7\u00e3o da Diretoria, referente ao bi\u00eanio 2017\/2019, conforme rela\u00e7\u00e3o abaixo. Os candidatos atendem \u00e0s exig\u00eancias estatut\u00e1rias.<\/p><p>A elei\u00e7\u00e3o ocorrer\u00e1 no dia 01 de junho, das 09:00 \u00e0s 18:00.<\/p> \r\n<p>Respeitosamente,<\/p><p style=\"text-align:center\">Osvaldo Ant\u00f4nio de Lima\r\nPresidente da Junta de Julgamento<\/p><p style=\"text-align:center\">Manolo Aur\u00e9lio Bedin KellerMembro da Junta de Julgamento<\/p><p style=\"text-align:center\">Carlos Barreto Campello RoichmanMembro da Junta de Julgamento<\/p><p>Chapa 1 \u201cCONSOLIDAR E AVAN\u00c7AR COM INDEPEND\u00caNCIA\u201d<\/p><p>Presidente: Achilles Linhares de Campos Frias (SC) 1\/7\/1998<\/p><p>Vice-Presidente: Juscelino de Melo Ferreira (PE) 05\/09\/2000\r\n<\/p><p>Diretor-Secret\u00e1rio: Iolanda Guindani (RS) 4\/08\/2000<\/p><p>Diretor-Administrativo: Jos\u00e9 Ernane de Souza Brito (ES) 08\/02\/2011<\/p><p>Diretor de Rela\u00e7\u00f5es intersindicais: Caio Graco Nunes de S\u00e1 Pereira (PB) 13\/07\/2009<\/p><p>Diretor de Assuntos Profissionais e Estudos T\u00e9cnicos: Giuliano Menezes Campos (CE) 01\/07\/1998\r\n<\/p><p>Diretor de Assuntos Parlamentares: Rodrigo Oliveira Mellet (SP) 14\/07\/2010\r\n<\/p><p>Diretor-Jur\u00eddico: Roberto Rodrigues de Oliveira (GO) 01\/01\/1993\r\n<\/p><p>Diretor de Comunica\u00e7\u00e3o Social: Andr\u00e9 Emmanuel Barreto Campello (MA) 11\/03\/2004\r\n<\/p><p>Diretor de Assuntos Relativos aos Aposentados e Servi\u00e7os Assistenciais: Ant\u00f4nio Duarte Guedes Neto (MG) 01\/06\/1995<\/p><p>Diretor Cultural e de Eventos: S\u00e9rgio Luis de Souza Carneiro (RJ) 01\/07\/1995<\/p><p>Diretor Suplente: Ju\u00e7ara Valadares Lopes Farias (MG) 17\/08\/2000<\/p><p>Diretor Suplente: Val\u00e9ria Gomes Ferreira (SP) 17\/05\/2007 \r\n<\/p><p>Diretor Suplente: Loan Kizzi Ara\u00fajo Reina (BA) 26\/02\/2008<\/p><p>Diretor Suplente: Carlos Alexandre Dias Torres (SP) 08\/05\/2009<\/p>","_links":{"self":[{"href":"https:\/\/sinprofaz.org.br\/2024\/wp-json\/wp\/v2\/posts\/6897"}],"collection":[{"href":"https:\/\/sinprofaz.org.br\/2024\/wp-json\/wp\/v2\/posts"}],"about":[{"href":"https:\/\/sinprofaz.org.br\/2024\/wp-json\/wp\/v2\/types\/post"}],"author":[{"embeddable":true,"href":"https:\/\/sinprofaz.org.br\/2024\/wp-json\/wp\/v2\/users\/2"}],"replies":[{"embeddable":true,"href":"https:\/\/sinprofaz.org.br\/2024\/wp-json\/wp\/v2\/comments?post=6897"}],"version-history":[{"count":3,"href":"https:\/\/sinprofaz.org.br\/2024\/wp-json\/wp\/v2\/posts\/6897\/revisions"}],"predecessor-version":[{"id":6900,"href":"https:\/\/sinprofaz.org.br\/2024\/wp-json\/wp\/v2\/posts\/6897\/revisions\/6900"}],"wp:featuredmedia":[{"embeddable":true,"href":"https:\/\/sinprofaz.org.br\/2024\/wp-json\/wp\/v2\/media\/2630"}],"wp:attachment":[{"href":"https:\/\/sinprofaz.org.br\/2024\/wp-json\/wp\/v2\/media?parent=6897"}],"wp:term":[{"taxonomy":"category","embeddable":true,"href":"https:\/\/sinprofaz.org.br\/2024\/wp-json\/wp\/v2\/categories?post=6897"},{"taxonomy":"post_tag","embeddable":true,"href":"https:\/\/sinprofaz.org.br\/2024\/wp-json\/wp\/v2\/tags?post=6897"}],"curies":[{"name":"wp","href":"https:\/\/api.w.org\/{rel}","templated":true}]}}