{"id":6891,"date":"2017-05-08T13:08:17","date_gmt":"2017-05-08T13:08:17","guid":{"rendered":"http:\/\/www.sinprofaz.org.br\/?p=6891"},"modified":"2017-05-09T15:39:53","modified_gmt":"2017-05-09T15:39:53","slug":"em-reportagem-do-sbt-brasil-sinprofaz-denuncia-parlamentares-que-legislam-em-causa-propria","status":"publish","type":"post","link":"https:\/\/sinprofaz.org.br\/2024\/noticias\/em-reportagem-do-sbt-brasil-sinprofaz-denuncia-parlamentares-que-legislam-em-causa-propria\/","title":{"rendered":"EM REPORTAGEM DO SBT BRASIL, SINPROFAZ DENUNCIA PARLAMENTARES QUE LEGISLAM EM CAUSA PR\u00d3PRIA"},"content":{"rendered":"<p>O SINPROFAZ contribuiu com reportagem veiculada pelo SBT Brasil sobre a Medida Provis\u00f3ria 766, relativa ao novo Refis. A MP, aprovada em Comiss\u00e3o Mista do Congresso Nacional na \u00faltima quinta-feira (4), concede descontos em multas, juros e encargos da D\u00edvida Ativa da Uni\u00e3o e foi relatada pelo deputado Newton Cardoso J\u00fanior (PMDB\/MG), da base do Governo, cujas empresas devem ao Estado mais de R$ 67 milh\u00f5es.<\/p>\n<p>De acordo com a reportagem, a press\u00e3o de parlamentares interessados na redu\u00e7\u00e3o de suas d\u00edvidas com a Uni\u00e3o pode servir como &#8220;moeda de troca&#8221; para que deputados e senadores contr\u00e1rios \u00e0 reforma da Previd\u00eancia mudem de posi\u00e7\u00e3o. A MP serviria, ent\u00e3o, como benesse para que os parlamentares aprovem as reformas pretendidas pelo Governo Federal.<\/p>\n<p>&#8220;O Governo est\u00e1 anuindo com esse parcelamento que aniquila as d\u00edvidas dos pr\u00f3prios parlamentares, os quais est\u00e3o legislando em causa pr\u00f3pria. O relator, junto de outros deputados e senadores, deve \u00e0 Uni\u00e3o um total de R$ 3 bilh\u00f5es&#8221;, denunciou, em entrevista, o presidente do SINPROFAZ, Achilles Frias.<\/p>\n<p>Assista \u00e0 reportagem aqui: <a href=\"http:\/\/m.sbt.com.br\/jornalismo\/sbtbrasil\/noticias\/89721\/Medida-provisoria-pode-beneficiar-empresas-e-produtores-rurais-endividados.html\" target=\"_blank\">http:\/\/m.sbt.com.br\/jornalismo\/sbtbrasil\/noticias\/89721\/Medida-provisoria-pode-beneficiar-empresas-e-produtores-rurais-endividados.html<\/a><\/p>\n","protected":false},"excerpt":{"rendered":"<p>Segundo a mat\u00e9ria, a press\u00e3o de parlamentares interessados na redu\u00e7\u00e3o de suas d\u00edvidas pode servir como &#8220;moeda de troca&#8221; para que deputados e senadores contr\u00e1rios \u00e0 reforma da Previd\u00eancia mudem de posi\u00e7\u00e3o.<\/p>\n","protected":false},"author":2,"featured_media":6892,"comment_status":"open","ping_status":"open","sticky":false,"template":"","format":"standard","meta":{"footnotes":""},"categories":[8],"tags":[45,92,25],"featured_image_url":"https:\/\/sinprofaz.org.br\/2024\/wp-content\/uploads\/2017\/05\/013-480x198.jpg","character_count":633,"formatted_date":"08\/05\/2017 - 13:08","contentNovo":"<p>O SINPROFAZ contribuiu com reportagem veiculada pelo SBT Brasil sobre a Medida Provis\u00f3ria 766, relativa ao novo Refis. A MP, aprovada em Comiss\u00e3o Mista do Congresso Nacional na \u00faltima quinta-feira (4), concede descontos em multas, juros e encargos da D\u00edvida Ativa da Uni\u00e3o e foi relatada pelo deputado Newton Cardoso J\u00fanior (PMDB\/MG), da base do Governo, cujas empresas devem ao Estado mais de R$ 67 milh\u00f5es.<\/p><p>De acordo com a reportagem, a press\u00e3o de parlamentares interessados na redu\u00e7\u00e3o de suas d\u00edvidas com a Uni\u00e3o pode servir como \"moeda de troca\" para que deputados e senadores contr\u00e1rios \u00e0 reforma da Previd\u00eancia mudem de posi\u00e7\u00e3o. A MP serviria, ent\u00e3o, como benesse para que os parlamentares aprovem as reformas pretendidas pelo Governo Federal.<\/p><p>\"O Governo est\u00e1 anuindo com esse parcelamento que aniquila as d\u00edvidas dos pr\u00f3prios parlamentares, os quais est\u00e3o legislando em causa pr\u00f3pria. O relator, junto de outros deputados e senadores, deve \u00e0 Uni\u00e3o um total de R$ 3 bilh\u00f5es\", denunciou, em entrevista, o presidente do SINPROFAZ, Achilles Frias.<\/p><p>Assista \u00e0 reportagem aqui: <a href=\"http:\/\/m.sbt.com.br\/jornalismo\/sbtbrasil\/noticias\/89721\/Medida-provisoria-pode-beneficiar-empresas-e-produtores-rurais-endividados.html\" target=\"_blank\">http:\/\/m.sbt.com.br\/jornalismo\/sbtbrasil\/noticias\/89721\/Medida-provisoria-pode-beneficiar-empresas-e-produtores-rurais-endividados.html<\/a><\/p>","_links":{"self":[{"href":"https:\/\/sinprofaz.org.br\/2024\/wp-json\/wp\/v2\/posts\/6891"}],"collection":[{"href":"https:\/\/sinprofaz.org.br\/2024\/wp-json\/wp\/v2\/posts"}],"about":[{"href":"https:\/\/sinprofaz.org.br\/2024\/wp-json\/wp\/v2\/types\/post"}],"author":[{"embeddable":true,"href":"https:\/\/sinprofaz.org.br\/2024\/wp-json\/wp\/v2\/users\/2"}],"replies":[{"embeddable":true,"href":"https:\/\/sinprofaz.org.br\/2024\/wp-json\/wp\/v2\/comments?post=6891"}],"version-history":[{"count":4,"href":"https:\/\/sinprofaz.org.br\/2024\/wp-json\/wp\/v2\/posts\/6891\/revisions"}],"predecessor-version":[{"id":6896,"href":"https:\/\/sinprofaz.org.br\/2024\/wp-json\/wp\/v2\/posts\/6891\/revisions\/6896"}],"wp:featuredmedia":[{"embeddable":true,"href":"https:\/\/sinprofaz.org.br\/2024\/wp-json\/wp\/v2\/media\/6892"}],"wp:attachment":[{"href":"https:\/\/sinprofaz.org.br\/2024\/wp-json\/wp\/v2\/media?parent=6891"}],"wp:term":[{"taxonomy":"category","embeddable":true,"href":"https:\/\/sinprofaz.org.br\/2024\/wp-json\/wp\/v2\/categories?post=6891"},{"taxonomy":"post_tag","embeddable":true,"href":"https:\/\/sinprofaz.org.br\/2024\/wp-json\/wp\/v2\/tags?post=6891"}],"curies":[{"name":"wp","href":"https:\/\/api.w.org\/{rel}","templated":true}]}}