{"id":6828,"date":"2017-04-19T19:46:08","date_gmt":"2017-04-19T19:46:08","guid":{"rendered":"http:\/\/www.sinprofaz.org.br\/?p=6828"},"modified":"2017-04-19T20:38:38","modified_gmt":"2017-04-19T20:38:38","slug":"nota-do-sinprofaz-19-04-2017","status":"publish","type":"post","link":"https:\/\/sinprofaz.org.br\/2024\/noticias\/nota-do-sinprofaz-19-04-2017\/","title":{"rendered":"NOTA DO SINPROFAZ"},"content":{"rendered":"<p>A Diretoria do Sindicato Nacional dos Procuradores da Fazenda Nacional \u2013 SINPROFAZ, reunida na sede da entidade no dia 19 de abril de 2017, deliberou:<\/p>\n<p>1- Manter a prioridade das a\u00e7\u00f5es contra a Reforma da Previd\u00eancia, incrementando a atua\u00e7\u00e3o com o lan\u00e7amento de Cartilha contr\u00e1ria \u00e0 mesma;<\/p>\n<p>2- Nessa linha, convocamos todos os Procuradores da Fazenda Nacional para aderirem \u00e0 paralisa\u00e7\u00e3o programada para o pr\u00f3ximo dia 28, promovida pelas mais diversas entidades da sociedade civil organizada;<\/p>\n<p>3- Seguir acompanhando a tramita\u00e7\u00e3o do PLP n. 337, a fim de evitar que ocorra qualquer preju\u00edzo \u00e0 Carreira de Procurador da Fazenda Nacional. Nesse particular, estamos atentos para objetar que, no bojo da mesma haja, tentativa de unifica\u00e7\u00e3o de Carreiras no \u00e2mbito da AGU, em obedi\u00eancia \u00e0 vontade j\u00e1 manifestada pela Categoria. Ademais, destacamos que, pelo monitoramento feito pelo SINPROFAZ, n\u00e3o h\u00e1, no presente momento, risco de que ocorra a mencionada unifica\u00e7\u00e3o, em raz\u00e3o de o Minist\u00e9rio da Fazenda ser peremptoriamente contr\u00e1rio e de n\u00e3o encontrar respaldo nem sequer da Advogada-Geral da Uni\u00e3o que, em diversas ocasi\u00f5es, ressaltou para o SINPROFAZ n\u00e3o ser favor\u00e1vel \u00e0 unifica\u00e7\u00e3o, mas sim \u00e0 integra\u00e7\u00e3o entre as quatro Carreiras.<\/p>\n<p>4- Cumpre ressaltar, finalmente, que a Diretoria mant\u00e9m vigil\u00e2ncia absoluta objetivando garantir a consolida\u00e7\u00e3o das prerrogativas recentemente conquistadas.<\/p>\n<p style=\"text-align:center\">Diretoria do SINPROFAZ<\/p>\n","protected":false},"excerpt":{"rendered":"<p>A Diretoria do Sindicato Nacional dos Procuradores da Fazenda Nacional, reunida na sede da entidade no dia 19 de abril de 2017, deliberou, entre outras, manter a prioridade das a\u00e7\u00f5es contra a Reforma da Previd\u00eancia.<\/p>\n","protected":false},"author":2,"featured_media":2630,"comment_status":"open","ping_status":"open","sticky":false,"template":"","format":"standard","meta":{"footnotes":""},"categories":[8],"tags":[32,25],"featured_image_url":"https:\/\/sinprofaz.org.br\/2024\/wp-content\/uploads\/2016\/01\/logo-sinprofaz1.jpg","character_count":726,"formatted_date":"19\/04\/2017 - 19:46","contentNovo":"<p>A Diretoria do Sindicato Nacional dos Procuradores da Fazenda Nacional \u2013 SINPROFAZ, reunida na sede da entidade no dia 19 de abril de 2017, deliberou:<\/p><p>1- Manter a prioridade das a\u00e7\u00f5es contra a Reforma da Previd\u00eancia, incrementando a atua\u00e7\u00e3o com o lan\u00e7amento de Cartilha contr\u00e1ria \u00e0 mesma;<\/p><p>2- Nessa linha, convocamos todos os Procuradores da Fazenda Nacional para aderirem \u00e0 paralisa\u00e7\u00e3o programada para o pr\u00f3ximo dia 28, promovida pelas mais diversas entidades da sociedade civil organizada;<\/p><p>3- Seguir acompanhando a tramita\u00e7\u00e3o do PLP n. 337, a fim de evitar que ocorra qualquer preju\u00edzo \u00e0 Carreira de Procurador da Fazenda Nacional. Nesse particular, estamos atentos para objetar que, no bojo da mesma haja, tentativa de unifica\u00e7\u00e3o de Carreiras no \u00e2mbito da AGU, em obedi\u00eancia \u00e0 vontade j\u00e1 manifestada pela Categoria. Ademais, destacamos que, pelo monitoramento feito pelo SINPROFAZ, n\u00e3o h\u00e1, no presente momento, risco de que ocorra a mencionada unifica\u00e7\u00e3o, em raz\u00e3o de o Minist\u00e9rio da Fazenda ser peremptoriamente contr\u00e1rio e de n\u00e3o encontrar respaldo nem sequer da Advogada-Geral da Uni\u00e3o que, em diversas ocasi\u00f5es, ressaltou para o SINPROFAZ n\u00e3o ser favor\u00e1vel \u00e0 unifica\u00e7\u00e3o, mas sim \u00e0 integra\u00e7\u00e3o entre as quatro Carreiras.<\/p><p>4- Cumpre ressaltar, finalmente, que a Diretoria mant\u00e9m vigil\u00e2ncia absoluta objetivando garantir a consolida\u00e7\u00e3o das prerrogativas recentemente conquistadas.<\/p><p style=\"text-align:center\">Diretoria do SINPROFAZ<\/p>\r\n","_links":{"self":[{"href":"https:\/\/sinprofaz.org.br\/2024\/wp-json\/wp\/v2\/posts\/6828"}],"collection":[{"href":"https:\/\/sinprofaz.org.br\/2024\/wp-json\/wp\/v2\/posts"}],"about":[{"href":"https:\/\/sinprofaz.org.br\/2024\/wp-json\/wp\/v2\/types\/post"}],"author":[{"embeddable":true,"href":"https:\/\/sinprofaz.org.br\/2024\/wp-json\/wp\/v2\/users\/2"}],"replies":[{"embeddable":true,"href":"https:\/\/sinprofaz.org.br\/2024\/wp-json\/wp\/v2\/comments?post=6828"}],"version-history":[{"count":1,"href":"https:\/\/sinprofaz.org.br\/2024\/wp-json\/wp\/v2\/posts\/6828\/revisions"}],"predecessor-version":[{"id":6829,"href":"https:\/\/sinprofaz.org.br\/2024\/wp-json\/wp\/v2\/posts\/6828\/revisions\/6829"}],"wp:featuredmedia":[{"embeddable":true,"href":"https:\/\/sinprofaz.org.br\/2024\/wp-json\/wp\/v2\/media\/2630"}],"wp:attachment":[{"href":"https:\/\/sinprofaz.org.br\/2024\/wp-json\/wp\/v2\/media?parent=6828"}],"wp:term":[{"taxonomy":"category","embeddable":true,"href":"https:\/\/sinprofaz.org.br\/2024\/wp-json\/wp\/v2\/categories?post=6828"},{"taxonomy":"post_tag","embeddable":true,"href":"https:\/\/sinprofaz.org.br\/2024\/wp-json\/wp\/v2\/tags?post=6828"}],"curies":[{"name":"wp","href":"https:\/\/api.w.org\/{rel}","templated":true}]}}