{"id":6785,"date":"2017-04-06T11:32:35","date_gmt":"2017-04-06T11:32:35","guid":{"rendered":"http:\/\/www.sinprofaz.org.br\/?p=6785"},"modified":"2017-04-06T18:35:58","modified_gmt":"2017-04-06T18:35:58","slug":"no-senado-presidente-do-sinprofaz-critica-reforma-da-previdencia","status":"publish","type":"post","link":"https:\/\/sinprofaz.org.br\/2024\/noticias\/no-senado-presidente-do-sinprofaz-critica-reforma-da-previdencia\/","title":{"rendered":"NO SENADO, PRESIDENTE DO SINPROFAZ CRITICA REFORMA DA PREVID\u00caNCIA"},"content":{"rendered":"<p>O presidente do SINPROFAZ, Achilles Frias, participou no dia 21 de mar\u00e7o de debate promovido pela Comiss\u00e3o de Direitos Humanos e Legisla\u00e7\u00e3o Participativa \u2013 CDH, do Senado Federal. A audi\u00eancia p\u00fablica prop\u00f4s uma discuss\u00e3o sobre as reformas previdenci\u00e1ria e trabalhista e foi requerida pelo senador Paulo Paim (PT\/RS). Achilles Frias, convidado pelo senador a integrar a mesa de debatedores, criticou as propostas de reforma e exp\u00f4s a preocupa\u00e7\u00e3o do Sindicato com a extin\u00e7\u00e3o dos direitos conquistados pelos trabalhadores.<\/p>\n<p>&#8220;A PEC 287\/2016 pretende, em \u00faltima an\u00e1lise, a extin\u00e7\u00e3o da pr\u00f3pria seguridade social. Prop\u00f5e-se que a Constitui\u00e7\u00e3o seja reformada em rela\u00e7\u00e3o ao texto original mas, na verdade, ela estar\u00e1 perdendo seu pr\u00f3prio escopo, porque o assistencialismo e a Previd\u00eancia em si ser\u00e3o dilapidadas se aprovada a PEC. A reforma n\u00e3o atende ao interesse popular, mas atende, diretamente, aos interesses do Sistema Financeiro Nacional, beneficiando os grandes capitalistas\u201d, explicou o presidente do SINPROFAZ.<\/p>\n<p>Assista \u00e0 \u00edntegra do discurso de Achilles Frias: <a href=\"http:\/\/youtu.be\/9KSr55ZI1rg\" target=\"_blank\">youtu.be\/9KSr55ZI1rg<\/a><\/p>\n<p><iframe loading=\"lazy\" src=\"http:\/\/www.youtube.com\/embed\/9KSr55ZI1rg?autohide=2&amp;autoplay=0&amp;controls=0&amp;disablekb=0&amp;fs=0&amp;hd=0&amp;loop=0&amp;rel=0&amp;showinfo=0&amp;showsearch=0&amp;wmode=transparent&amp;enablejsapi=1\" width=\"245\" height=\"177\"><\/iframe><\/p>\n","protected":false},"excerpt":{"rendered":"<p>Achilles Frias, convidado pelo senador Paulo Paim (PT\/RS) a participar da audi\u00eancia p\u00fablica, criticou as propostas de reforma previdenci\u00e1ria e trabalhista e exp\u00f4s preocupa\u00e7\u00e3o com a extin\u00e7\u00e3o dos direitos conquistados pelos trabalhadores. <\/p>\n","protected":false},"author":2,"featured_media":6786,"comment_status":"open","ping_status":"open","sticky":false,"template":"","format":"standard","meta":{"footnotes":""},"categories":[8],"tags":[77,53,25],"featured_image_url":"https:\/\/sinprofaz.org.br\/2024\/wp-content\/uploads\/2017\/04\/015-800x198.jpg","character_count":562,"formatted_date":"06\/04\/2017 - 11:32","contentNovo":"<p>O presidente do SINPROFAZ, Achilles Frias, participou no dia 21 de mar\u00e7o de debate promovido pela Comiss\u00e3o de Direitos Humanos e Legisla\u00e7\u00e3o Participativa \u2013 CDH, do Senado Federal. A audi\u00eancia p\u00fablica prop\u00f4s uma discuss\u00e3o sobre as reformas previdenci\u00e1ria e trabalhista e foi requerida pelo senador Paulo Paim (PT\/RS). Achilles Frias, convidado pelo senador a integrar a mesa de debatedores, criticou as propostas de reforma e exp\u00f4s a preocupa\u00e7\u00e3o do Sindicato com a extin\u00e7\u00e3o dos direitos conquistados pelos trabalhadores.<\/p><p>\"A PEC 287\/2016 pretende, em \u00faltima an\u00e1lise, a extin\u00e7\u00e3o da pr\u00f3pria seguridade social. Prop\u00f5e-se que a Constitui\u00e7\u00e3o seja reformada em rela\u00e7\u00e3o ao texto original mas, na verdade, ela estar\u00e1 perdendo seu pr\u00f3prio escopo, porque o assistencialismo e a Previd\u00eancia em si ser\u00e3o dilapidadas se aprovada a PEC. A reforma n\u00e3o atende ao interesse popular, mas atende, diretamente, aos interesses do Sistema Financeiro Nacional, beneficiando os grandes capitalistas\u201d, explicou o presidente do SINPROFAZ.<\/p><p>Assista \u00e0 \u00edntegra do discurso de Achilles Frias: <a href=\"http:\/\/youtu.be\/9KSr55ZI1rg\" target=\"_blank\">youtu.be\/9KSr55ZI1rg<\/a><\/p><p><\/p>\r\n\r\n\r\n","_links":{"self":[{"href":"https:\/\/sinprofaz.org.br\/2024\/wp-json\/wp\/v2\/posts\/6785"}],"collection":[{"href":"https:\/\/sinprofaz.org.br\/2024\/wp-json\/wp\/v2\/posts"}],"about":[{"href":"https:\/\/sinprofaz.org.br\/2024\/wp-json\/wp\/v2\/types\/post"}],"author":[{"embeddable":true,"href":"https:\/\/sinprofaz.org.br\/2024\/wp-json\/wp\/v2\/users\/2"}],"replies":[{"embeddable":true,"href":"https:\/\/sinprofaz.org.br\/2024\/wp-json\/wp\/v2\/comments?post=6785"}],"version-history":[{"count":5,"href":"https:\/\/sinprofaz.org.br\/2024\/wp-json\/wp\/v2\/posts\/6785\/revisions"}],"predecessor-version":[{"id":6795,"href":"https:\/\/sinprofaz.org.br\/2024\/wp-json\/wp\/v2\/posts\/6785\/revisions\/6795"}],"wp:featuredmedia":[{"embeddable":true,"href":"https:\/\/sinprofaz.org.br\/2024\/wp-json\/wp\/v2\/media\/6786"}],"wp:attachment":[{"href":"https:\/\/sinprofaz.org.br\/2024\/wp-json\/wp\/v2\/media?parent=6785"}],"wp:term":[{"taxonomy":"category","embeddable":true,"href":"https:\/\/sinprofaz.org.br\/2024\/wp-json\/wp\/v2\/categories?post=6785"},{"taxonomy":"post_tag","embeddable":true,"href":"https:\/\/sinprofaz.org.br\/2024\/wp-json\/wp\/v2\/tags?post=6785"}],"curies":[{"name":"wp","href":"https:\/\/api.w.org\/{rel}","templated":true}]}}