{"id":6749,"date":"2017-03-31T17:01:55","date_gmt":"2017-03-31T17:01:55","guid":{"rendered":"http:\/\/www.sinprofaz.org.br\/?p=6749"},"modified":"2017-03-31T19:04:37","modified_gmt":"2017-03-31T19:04:37","slug":"sinprofaz-denuncia-sonegacao-fiscal-em-reportagem-da-radio-justica","status":"publish","type":"post","link":"https:\/\/sinprofaz.org.br\/2024\/noticias\/sinprofaz-denuncia-sonegacao-fiscal-em-reportagem-da-radio-justica\/","title":{"rendered":"SINPROFAZ DENUNCIA SONEGA\u00c7\u00c3O FISCAL EM REPORTAGEM DA R\u00c1DIO JUSTI\u00c7A"},"content":{"rendered":"<p>A R\u00e1dio Justi\u00e7a noticiou a instala\u00e7\u00e3o do Soneg\u00f4metro no dia 23, em Bras\u00edlia\/DF. Em entrevista \u00e0 r\u00e1dio, o presidente do SINPROFAZ, Achilles Frias, esclareceu que o problema da sonega\u00e7\u00e3o fiscal \u00e9 o grande sonegador, pois o cidad\u00e3o assalariado e o pequeno empres\u00e1rio t\u00eam o imposto de renda descontado na fonte e consomem produtos indispens\u00e1veis \u00e0 subsist\u00eancia, os quais s\u00e3o altamente tributados no Brasil.<\/p>\n<p>&#8220;Da mesma forma que o trabalhador assalariado, o pequeno e o micro empres\u00e1rio n\u00e3o disp\u00f5em de tantas possibilidades de sonega\u00e7\u00e3o. O grande empres\u00e1rio sim: ele se vale de mecanismos sofisticados, como a lavagem de dinheiro, e acaba respondendo por esse grande montante da sonega\u00e7\u00e3o. O grande empres\u00e1rio ainda prejudica o pequeno na medida em que promove a concorr\u00eancia desleal&#8221;, afirmou em entrevista.<\/p>\n<p>Ou\u00e7a a reportagem completa: <a href=\"http:\/\/goo.gl\/KrvIo9\" target=\"_blank\">goo.gl\/KrvIo9<\/a><\/p>\n","protected":false},"excerpt":{"rendered":"<p>A R\u00e1dio Justi\u00e7a noticiou a instala\u00e7\u00e3o do Soneg\u00f4metro em Bras\u00edlia. Em entrevista, Achilles Frias esclareceu que o problema da sonega\u00e7\u00e3o \u00e9 o grande sonegador, pois o cidad\u00e3o j\u00e1 tem o imposto de renda descontado na fonte.<\/p>\n","protected":false},"author":2,"featured_media":6750,"comment_status":"open","ping_status":"open","sticky":false,"template":"","format":"standard","meta":{"footnotes":""},"categories":[8],"tags":[45,25,59],"featured_image_url":"https:\/\/sinprofaz.org.br\/2024\/wp-content\/uploads\/2017\/03\/logo-radio-justica.png","character_count":443,"formatted_date":"31\/03\/2017 - 17:01","contentNovo":"<p>A R\u00e1dio Justi\u00e7a noticiou a instala\u00e7\u00e3o do Soneg\u00f4metro no dia 23, em Bras\u00edlia\/DF. Em entrevista \u00e0 r\u00e1dio, o presidente do SINPROFAZ, Achilles Frias, esclareceu que o problema da sonega\u00e7\u00e3o fiscal \u00e9 o grande sonegador, pois o cidad\u00e3o assalariado e o pequeno empres\u00e1rio t\u00eam o imposto de renda descontado na fonte e consomem produtos indispens\u00e1veis \u00e0 subsist\u00eancia, os quais s\u00e3o altamente tributados no Brasil.<\/p><p>\"Da mesma forma que o trabalhador assalariado, o pequeno e o micro empres\u00e1rio n\u00e3o disp\u00f5em de tantas possibilidades de sonega\u00e7\u00e3o. O grande empres\u00e1rio sim: ele se vale de mecanismos sofisticados, como a lavagem de dinheiro, e acaba respondendo por esse grande montante da sonega\u00e7\u00e3o. O grande empres\u00e1rio ainda prejudica o pequeno na medida em que promove a concorr\u00eancia desleal\", afirmou em entrevista.<\/p><p>Ou\u00e7a a reportagem completa: <a href=\"http:\/\/goo.gl\/KrvIo9\" target=\"_blank\">goo.gl\/KrvIo9<\/a><\/p>","_links":{"self":[{"href":"https:\/\/sinprofaz.org.br\/2024\/wp-json\/wp\/v2\/posts\/6749"}],"collection":[{"href":"https:\/\/sinprofaz.org.br\/2024\/wp-json\/wp\/v2\/posts"}],"about":[{"href":"https:\/\/sinprofaz.org.br\/2024\/wp-json\/wp\/v2\/types\/post"}],"author":[{"embeddable":true,"href":"https:\/\/sinprofaz.org.br\/2024\/wp-json\/wp\/v2\/users\/2"}],"replies":[{"embeddable":true,"href":"https:\/\/sinprofaz.org.br\/2024\/wp-json\/wp\/v2\/comments?post=6749"}],"version-history":[{"count":1,"href":"https:\/\/sinprofaz.org.br\/2024\/wp-json\/wp\/v2\/posts\/6749\/revisions"}],"predecessor-version":[{"id":6751,"href":"https:\/\/sinprofaz.org.br\/2024\/wp-json\/wp\/v2\/posts\/6749\/revisions\/6751"}],"wp:featuredmedia":[{"embeddable":true,"href":"https:\/\/sinprofaz.org.br\/2024\/wp-json\/wp\/v2\/media\/6750"}],"wp:attachment":[{"href":"https:\/\/sinprofaz.org.br\/2024\/wp-json\/wp\/v2\/media?parent=6749"}],"wp:term":[{"taxonomy":"category","embeddable":true,"href":"https:\/\/sinprofaz.org.br\/2024\/wp-json\/wp\/v2\/categories?post=6749"},{"taxonomy":"post_tag","embeddable":true,"href":"https:\/\/sinprofaz.org.br\/2024\/wp-json\/wp\/v2\/tags?post=6749"}],"curies":[{"name":"wp","href":"https:\/\/api.w.org\/{rel}","templated":true}]}}