{"id":6731,"date":"2017-03-30T14:07:01","date_gmt":"2017-03-30T14:07:01","guid":{"rendered":"http:\/\/www.sinprofaz.org.br\/?p=6731"},"modified":"2017-03-31T11:58:20","modified_gmt":"2017-03-31T11:58:20","slug":"presidente-do-sinprofaz-discursa-em-plenario-da-camara-dos-deputados","status":"publish","type":"post","link":"https:\/\/sinprofaz.org.br\/2024\/noticias\/presidente-do-sinprofaz-discursa-em-plenario-da-camara-dos-deputados\/","title":{"rendered":"PRESIDENTE DO SINPROFAZ DISCURSA EM PLEN\u00c1RIO DA C\u00c2MARA DOS DEPUTADOS"},"content":{"rendered":"<p>Nesta quarta-feira (29), foi realizada na C\u00e2mara dos Deputados sess\u00e3o solene em comemora\u00e7\u00e3o ao Dia Nacional da Advocacia P\u00fablica. O SINPROFAZ, representado pelo presidente Achilles Frias, comp\u00f4s a mesa da solenidade ao lado da Advogada-Geral da Uni\u00e3o, Grace Mendon\u00e7a, e de representantes das entidades da Advocacia P\u00fablica nos \u00e2mbitos municipal, estadual e federal. A mesa foi composta tamb\u00e9m pelos deputados Alessandro Molon (Rede\/RJ) e Arnaldo Faria de S\u00e1 (PTB\/SP), que requereram a solenidade e presidiram a sess\u00e3o comemorativa.<\/p>\n<p>Em discurso durante a cerim\u00f4nia, Achilles Frias ressaltou a necessidade de valoriza\u00e7\u00e3o da Carreira e estrutura\u00e7\u00e3o da Procuradoria-Geral da Fazenda Nacional, destacando o papel da Institui\u00e7\u00e3o no combate \u00e0 sonega\u00e7\u00e3o fiscal e \u00e0 corrup\u00e7\u00e3o. O presidente do SINPROFAZ pleiteou ainda a aprova\u00e7\u00e3o da PEC 82, proposta que garante autonomia aos membros da AGU e segue em tramita\u00e7\u00e3o na Casa.<\/p>\n<p>&#8220;Pensar o Brasil que n\u00f3s queremos \u00e9 pensar a Advocacia P\u00fablica que n\u00f3s queremos. Isso passa necessariamente pela autonomia da mesma. Se n\u00e3o tivermos autonomia para atuar em prol do Estado, e n\u00e3o em prol do governo, jamais teremos uma Advocacia P\u00fablica verdadeiramente independente e, principalmente, jamais teremos um pa\u00eds s\u00e9rio. Queremos que o Brasil avance, que se livre da corrup\u00e7\u00e3o. Para tanto, precisamos aprovar a PEC da Probidade, a PEC 82&#8221;, discursou Achilles Frias. <\/p>\n<p>Confira a \u00edntegra do discurso: <a href=\"http:\/\/vod2.camara.gov.br\/playlist\/3ohc1-7gxj4otostk3rira.mp4\" target=\"_blank\">http:\/\/vod2.camara.gov.br\/playlist\/3ohc1-7gxj4otostk3rira.mp4<\/a><\/p>\n","protected":false},"excerpt":{"rendered":"<p>O SINPROFAZ, representado pelo presidente Achilles Frias, comp\u00f4s a mesa da solenidade ao lado da Advogada-Geral da Uni\u00e3o, Grace Mendon\u00e7a, e de representantes das entidades da Advocacia P\u00fablica nos \u00e2mbitos municipal, estadual e federal.<\/p>\n","protected":false},"author":2,"featured_media":6732,"comment_status":"open","ping_status":"open","sticky":false,"template":"","format":"standard","meta":{"footnotes":""},"categories":[8],"tags":[34,48,25],"featured_image_url":"https:\/\/sinprofaz.org.br\/2024\/wp-content\/uploads\/2017\/03\/0130-617x198.jpg","character_count":768,"formatted_date":"30\/03\/2017 - 14:07","contentNovo":"<p>Nesta quarta-feira (29), foi realizada na C\u00e2mara dos Deputados sess\u00e3o solene em comemora\u00e7\u00e3o ao Dia Nacional da Advocacia P\u00fablica. O SINPROFAZ, representado pelo presidente Achilles Frias, comp\u00f4s a mesa da solenidade ao lado da Advogada-Geral da Uni\u00e3o, Grace Mendon\u00e7a, e de representantes das entidades da Advocacia P\u00fablica nos \u00e2mbitos municipal, estadual e federal. A mesa foi composta tamb\u00e9m pelos deputados Alessandro Molon (Rede\/RJ) e Arnaldo Faria de S\u00e1 (PTB\/SP), que requereram a solenidade e presidiram a sess\u00e3o comemorativa.<\/p><p>Em discurso durante a cerim\u00f4nia, Achilles Frias ressaltou a necessidade de valoriza\u00e7\u00e3o da Carreira e estrutura\u00e7\u00e3o da Procuradoria-Geral da Fazenda Nacional, destacando o papel da Institui\u00e7\u00e3o no combate \u00e0 sonega\u00e7\u00e3o fiscal e \u00e0 corrup\u00e7\u00e3o. O presidente do SINPROFAZ pleiteou ainda a aprova\u00e7\u00e3o da PEC 82, proposta que garante autonomia aos membros da AGU e segue em tramita\u00e7\u00e3o na Casa.<\/p><p>\"Pensar o Brasil que n\u00f3s queremos \u00e9 pensar a Advocacia P\u00fablica que n\u00f3s queremos. Isso passa necessariamente pela autonomia da mesma. Se n\u00e3o tivermos autonomia para atuar em prol do Estado, e n\u00e3o em prol do governo, jamais teremos uma Advocacia P\u00fablica verdadeiramente independente e, principalmente, jamais teremos um pa\u00eds s\u00e9rio. Queremos que o Brasil avance, que se livre da corrup\u00e7\u00e3o. Para tanto, precisamos aprovar a PEC da Probidade, a PEC 82\", discursou Achilles Frias. <\/p><p>Confira a \u00edntegra do discurso: <a href=\"http:\/\/vod2.camara.gov.br\/playlist\/3ohc1-7gxj4otostk3rira.mp4\" target=\"_blank\">http:\/\/vod2.camara.gov.br\/playlist\/3ohc1-7gxj4otostk3rira.mp4<\/a><\/p>","_links":{"self":[{"href":"https:\/\/sinprofaz.org.br\/2024\/wp-json\/wp\/v2\/posts\/6731"}],"collection":[{"href":"https:\/\/sinprofaz.org.br\/2024\/wp-json\/wp\/v2\/posts"}],"about":[{"href":"https:\/\/sinprofaz.org.br\/2024\/wp-json\/wp\/v2\/types\/post"}],"author":[{"embeddable":true,"href":"https:\/\/sinprofaz.org.br\/2024\/wp-json\/wp\/v2\/users\/2"}],"replies":[{"embeddable":true,"href":"https:\/\/sinprofaz.org.br\/2024\/wp-json\/wp\/v2\/comments?post=6731"}],"version-history":[{"count":1,"href":"https:\/\/sinprofaz.org.br\/2024\/wp-json\/wp\/v2\/posts\/6731\/revisions"}],"predecessor-version":[{"id":6733,"href":"https:\/\/sinprofaz.org.br\/2024\/wp-json\/wp\/v2\/posts\/6731\/revisions\/6733"}],"wp:featuredmedia":[{"embeddable":true,"href":"https:\/\/sinprofaz.org.br\/2024\/wp-json\/wp\/v2\/media\/6732"}],"wp:attachment":[{"href":"https:\/\/sinprofaz.org.br\/2024\/wp-json\/wp\/v2\/media?parent=6731"}],"wp:term":[{"taxonomy":"category","embeddable":true,"href":"https:\/\/sinprofaz.org.br\/2024\/wp-json\/wp\/v2\/categories?post=6731"},{"taxonomy":"post_tag","embeddable":true,"href":"https:\/\/sinprofaz.org.br\/2024\/wp-json\/wp\/v2\/tags?post=6731"}],"curies":[{"name":"wp","href":"https:\/\/api.w.org\/{rel}","templated":true}]}}