{"id":6634,"date":"2017-03-21T17:52:14","date_gmt":"2017-03-21T17:52:14","guid":{"rendered":"http:\/\/www.sinprofaz.org.br\/?p=6634"},"modified":"2017-03-23T15:02:13","modified_gmt":"2017-03-23T15:02:13","slug":"em-audiencia-no-senado-federal-sinprofaz-critica-reforma-da-previdencia","status":"publish","type":"post","link":"https:\/\/sinprofaz.org.br\/2024\/noticias\/em-audiencia-no-senado-federal-sinprofaz-critica-reforma-da-previdencia\/","title":{"rendered":"EM AUDI\u00caNCIA NO SENADO FEDERAL, SINPROFAZ CRITICA REFORMA DA PREVID\u00caNCIA"},"content":{"rendered":"<p>O SINPROFAZ, representado pelo presidente Achilles Frias, participou hoje (21) de debate promovido pela Comiss\u00e3o de Direitos Humanos e Legisla\u00e7\u00e3o Participativa &#8211; CDH, do Senado Federal. Requerida pelo senador Paulo Paim (PT\/RS), a audi\u00eancia prop\u00f4s uma discuss\u00e3o sobre as reformas previdenci\u00e1ria e trabalhista, com foco na instala\u00e7\u00e3o da CPI da Previd\u00eancia. Convidado pelo senador a integrar a mesa de debatedores, Achilles Frias criticou as propostas de reforma e deu destaque aos bilh\u00f5es da d\u00edvida previdenci\u00e1ria n\u00e3o repassados pelas grandes empresas ao INSS.<\/p>\n<p>De acordo com o presidente do SINPROFAZ, o Sindicato tem unido esfor\u00e7os e se engajado contra a proposta de reforma da Previd\u00eancia, cujo \u00fanico objetivo \u00e9 tolher os direitos dos trabalhadores: &#8220;A PEC 287\/2016 n\u00e3o busca reformar, e sim, em \u00faltima an\u00e1lise, extinguir a Previd\u00eancia Social. A reforma n\u00e3o atende ao interesse popular, mas atende, diretamente, aos interesses do Sistema Financeiro Nacional, servindo para deter recursos do trabalhador e beneficiar os grandes capitalistas&#8221;.<\/p>\n<p>Desconsideradas pelo Governo Federal no c\u00e1lculo do &#8220;d\u00e9ficit&#8221; da Previd\u00eancia, a d\u00edvida ativa da Uni\u00e3o (DAU) j\u00e1 beira os R$ 2 trilh\u00f5es, enquanto a d\u00edvida previdenci\u00e1ria, inserida na DAU, \u00e9 de quase R$ 500 milh\u00f5es. Achilles Frias ressaltou que a cobran\u00e7a dos d\u00e9bitos \u00e9 miss\u00e3o constitucional exclusiva dos procuradores da Fazenda Nacional, os quais se concentram na recupera\u00e7\u00e3o das d\u00edvidas superiores a R$ 1 milh\u00e3o, tendo como foco, portanto, o combate ao grande sonegador. Por mais essencial que seja o trabalho dos PFNs, a Procuradoria da Fazenda Nacional est\u00e1, h\u00e1 anos, sucateada.<\/p>\n<p>&#8220;O Governo tem deliberadamente sucateado a Institui\u00e7\u00e3o, porque n\u00e3o h\u00e1 interesse em combater a sonega\u00e7\u00e3o. \u00c9 justamente o dinheiro sonegado, n\u00e3o declarado, que forma o caixa dois, o qual financia ilegalmente campanhas eleitorais e corrompe agentes p\u00fablicos. Al\u00e9m disso, s\u00e3o os grandes empres\u00e1rios os respons\u00e1veis pelo montante da d\u00edvida ativa. A d\u00edvida previdenci\u00e1ria \u00e9 um exemplo: 2\/3 dela est\u00e1 nas m\u00e3os de apenas 3% dos devedores&#8221;, denunciou.<\/p>\n<p>Por fim, Achilles Frias explicou a forma como o injusto sistema tribut\u00e1rio brasileiro, assim como a proposta de reforma previdenci\u00e1ria, penaliza o trabalhador. Segundo o presidente, a falha do sistema est\u00e1 na composi\u00e7\u00e3o da carga tribut\u00e1ria: no Brasil, a tributa\u00e7\u00e3o incide mais sobre o consumo, diferentemente do que ocorre nos demais pa\u00edses da Organiza\u00e7\u00e3o para a Coopera\u00e7\u00e3o e Desenvolvimento Econ\u00f4mico (OCDE), onde se tributa mais a renda. &#8220;De 80 a 90% da arrecada\u00e7\u00e3o tribut\u00e1ria no Brasil prov\u00eam dos trabalhadores, que gastam praticamente todo o sal\u00e1rio com o consumo de bens indispens\u00e1veis \u00e0 subsist\u00eancia. Se n\u00e3o atacarmos o injusto sistema tribut\u00e1rio brasileiro, nunca teremos um pa\u00eds com justi\u00e7a social.&#8221;<\/p>\n<p>Os senadores F\u00e1tima Bezerra (PT\/RN), Paulo Rocha (PT\/PA), Regina Sousa (PT\/PI) e Thieres Pinto (PTB\/RR) estiveram presentes durante o debate. Tamb\u00e9m participaram da discuss\u00e3o Charles Alcantara, presidente da Federa\u00e7\u00e3o Nacional do Fisco Estadual e Distrital &#8211; Fenafisco; Carlos Silva, presidente do Sindicato Nacional dos Auditores Fiscais do Trabalho &#8211; Sinait; Warley Martins, presidente da Confedera\u00e7\u00e3o Brasileira de Aposentados e Pensionistas &#8211; Cobap; e o vereador de Tup\u00e3\/SP Amauri S\u00e9rgio Mort\u00e1gua (PR\/SD).<\/p>\n\n\t\t<style type=\"text\/css\">\n\t\t\t#gallery-1 {\n\t\t\t\tmargin: auto;\n\t\t\t}\n\t\t\t#gallery-1 .gallery-item {\n\t\t\t\tfloat: left;\n\t\t\t\tmargin-top: 10px;\n\t\t\t\ttext-align: center;\n\t\t\t\twidth: 33%;\n\t\t\t}\n\t\t\t#gallery-1 img {\n\t\t\t\tborder: 2px solid #cfcfcf;\n\t\t\t}\n\t\t\t#gallery-1 .gallery-caption {\n\t\t\t\tmargin-left: 0;\n\t\t\t}\n\t\t\t\/* see gallery_shortcode() in wp-includes\/media.php *\/\n\t\t<\/style>\n\t\t<div id='gallery-1' class='gallery galleryid-6634 gallery-columns-3 gallery-size-thumbnail'><dl class='gallery-item'>\n\t\t\t<dt class='gallery-icon landscape'>\n\t\t\t\t<a href='https:\/\/sinprofaz.org.br\/2024\/wp-content\/uploads\/2017\/03\/045.jpg'><img loading=\"lazy\" decoding=\"async\" width=\"150\" height=\"150\" src=\"https:\/\/sinprofaz.org.br\/2024\/wp-content\/uploads\/2017\/03\/045-150x150.jpg\" class=\"attachment-thumbnail size-thumbnail\" alt=\"\" \/><\/a>\n\t\t\t<\/dt><\/dl><dl class='gallery-item'>\n\t\t\t<dt class='gallery-icon landscape'>\n\t\t\t\t<a href='https:\/\/sinprofaz.org.br\/2024\/wp-content\/uploads\/2017\/03\/054.jpg'><img loading=\"lazy\" decoding=\"async\" width=\"150\" height=\"150\" src=\"https:\/\/sinprofaz.org.br\/2024\/wp-content\/uploads\/2017\/03\/054-150x150.jpg\" class=\"attachment-thumbnail size-thumbnail\" alt=\"\" \/><\/a>\n\t\t\t<\/dt><\/dl><dl class='gallery-item'>\n\t\t\t<dt class='gallery-icon landscape'>\n\t\t\t\t<a href='https:\/\/sinprofaz.org.br\/2024\/wp-content\/uploads\/2017\/03\/062.jpg'><img loading=\"lazy\" decoding=\"async\" width=\"150\" height=\"150\" src=\"https:\/\/sinprofaz.org.br\/2024\/wp-content\/uploads\/2017\/03\/062-150x150.jpg\" class=\"attachment-thumbnail size-thumbnail\" alt=\"\" \/><\/a>\n\t\t\t<\/dt><\/dl><br style=\"clear: both\" \/><dl class='gallery-item'>\n\t\t\t<dt class='gallery-icon landscape'>\n\t\t\t\t<a href='https:\/\/sinprofaz.org.br\/2024\/wp-content\/uploads\/2017\/03\/071.jpg'><img loading=\"lazy\" decoding=\"async\" width=\"150\" height=\"150\" src=\"https:\/\/sinprofaz.org.br\/2024\/wp-content\/uploads\/2017\/03\/071-150x150.jpg\" class=\"attachment-thumbnail size-thumbnail\" alt=\"\" \/><\/a>\n\t\t\t<\/dt><\/dl><dl class='gallery-item'>\n\t\t\t<dt class='gallery-icon landscape'>\n\t\t\t\t<a href='https:\/\/sinprofaz.org.br\/2024\/wp-content\/uploads\/2017\/03\/0211.jpg'><img loading=\"lazy\" decoding=\"async\" width=\"150\" height=\"150\" src=\"https:\/\/sinprofaz.org.br\/2024\/wp-content\/uploads\/2017\/03\/0211-150x150.jpg\" class=\"attachment-thumbnail size-thumbnail\" alt=\"\" \/><\/a>\n\t\t\t<\/dt><\/dl><dl class='gallery-item'>\n\t\t\t<dt class='gallery-icon landscape'>\n\t\t\t\t<a href='https:\/\/sinprofaz.org.br\/2024\/wp-content\/uploads\/2017\/03\/036.jpg'><img loading=\"lazy\" decoding=\"async\" width=\"150\" height=\"150\" src=\"https:\/\/sinprofaz.org.br\/2024\/wp-content\/uploads\/2017\/03\/036-150x150.jpg\" class=\"attachment-thumbnail size-thumbnail\" alt=\"\" \/><\/a>\n\t\t\t<\/dt><\/dl><br style=\"clear: both\" \/><dl class='gallery-item'>\n\t\t\t<dt class='gallery-icon landscape'>\n\t\t\t\t<a href='https:\/\/sinprofaz.org.br\/2024\/wp-content\/uploads\/2017\/03\/0120.jpg'><img loading=\"lazy\" decoding=\"async\" width=\"150\" height=\"150\" src=\"https:\/\/sinprofaz.org.br\/2024\/wp-content\/uploads\/2017\/03\/0120-150x150.jpg\" class=\"attachment-thumbnail size-thumbnail\" alt=\"\" \/><\/a>\n\t\t\t<\/dt><\/dl>\n\t\t\t<br style='clear: both' \/>\n\t\t<\/div>\n\n","protected":false},"excerpt":{"rendered":"<p>O SINPROFAZ, representado pelo presidente Achilles Frias, participou hoje (21) de debate promovido pela Comiss\u00e3o de Direitos Humanos e Legisla\u00e7\u00e3o Participativa &#8211; CDH, do Senado Federal.<\/p>\n","protected":false},"author":2,"featured_media":6635,"comment_status":"open","ping_status":"open","sticky":false,"template":"","format":"standard","meta":{"footnotes":""},"categories":[8],"tags":[77,53,25],"featured_image_url":"https:\/\/sinprofaz.org.br\/2024\/wp-content\/uploads\/2017\/03\/capa-800x198.jpg","character_count":1945,"formatted_date":"21\/03\/2017 - 17:52","contentNovo":"<p>O SINPROFAZ, representado pelo presidente Achilles Frias, participou hoje (21) de debate promovido pela Comiss\u00e3o de Direitos Humanos e Legisla\u00e7\u00e3o Participativa - CDH, do Senado Federal. Requerida pelo senador Paulo Paim (PT\/RS), a audi\u00eancia prop\u00f4s uma discuss\u00e3o sobre as reformas previdenci\u00e1ria e trabalhista, com foco na instala\u00e7\u00e3o da CPI da Previd\u00eancia. Convidado pelo senador a integrar a mesa de debatedores, Achilles Frias criticou as propostas de reforma e deu destaque aos bilh\u00f5es da d\u00edvida previdenci\u00e1ria n\u00e3o repassados pelas grandes empresas ao INSS.<\/p><p>De acordo com o presidente do SINPROFAZ, o Sindicato tem unido esfor\u00e7os e se engajado contra a proposta de reforma da Previd\u00eancia, cujo \u00fanico objetivo \u00e9 tolher os direitos dos trabalhadores: \"A PEC 287\/2016 n\u00e3o busca reformar, e sim, em \u00faltima an\u00e1lise, extinguir a Previd\u00eancia Social. A reforma n\u00e3o atende ao interesse popular, mas atende, diretamente, aos interesses do Sistema Financeiro Nacional, servindo para deter recursos do trabalhador e beneficiar os grandes capitalistas\".<\/p><p>Desconsideradas pelo Governo Federal no c\u00e1lculo do \"d\u00e9ficit\" da Previd\u00eancia, a d\u00edvida ativa da Uni\u00e3o (DAU) j\u00e1 beira os R$ 2 trilh\u00f5es, enquanto a d\u00edvida previdenci\u00e1ria, inserida na DAU, \u00e9 de quase R$ 500 milh\u00f5es. Achilles Frias ressaltou que a cobran\u00e7a dos d\u00e9bitos \u00e9 miss\u00e3o constitucional exclusiva dos procuradores da Fazenda Nacional, os quais se concentram na recupera\u00e7\u00e3o das d\u00edvidas superiores a R$ 1 milh\u00e3o, tendo como foco, portanto, o combate ao grande sonegador. Por mais essencial que seja o trabalho dos PFNs, a Procuradoria da Fazenda Nacional est\u00e1, h\u00e1 anos, sucateada.<\/p><p>\"O Governo tem deliberadamente sucateado a Institui\u00e7\u00e3o, porque n\u00e3o h\u00e1 interesse em combater a sonega\u00e7\u00e3o. \u00c9 justamente o dinheiro sonegado, n\u00e3o declarado, que forma o caixa dois, o qual financia ilegalmente campanhas eleitorais e corrompe agentes p\u00fablicos. Al\u00e9m disso, s\u00e3o os grandes empres\u00e1rios os respons\u00e1veis pelo montante da d\u00edvida ativa. A d\u00edvida previdenci\u00e1ria \u00e9 um exemplo: 2\/3 dela est\u00e1 nas m\u00e3os de apenas 3% dos devedores\", denunciou.<\/p><p>Por fim, Achilles Frias explicou a forma como o injusto sistema tribut\u00e1rio brasileiro, assim como a proposta de reforma previdenci\u00e1ria, penaliza o trabalhador. Segundo o presidente, a falha do sistema est\u00e1 na composi\u00e7\u00e3o da carga tribut\u00e1ria: no Brasil, a tributa\u00e7\u00e3o incide mais sobre o consumo, diferentemente do que ocorre nos demais pa\u00edses da Organiza\u00e7\u00e3o para a Coopera\u00e7\u00e3o e Desenvolvimento Econ\u00f4mico (OCDE), onde se tributa mais a renda. \"De 80 a 90% da arrecada\u00e7\u00e3o tribut\u00e1ria no Brasil prov\u00eam dos trabalhadores, que gastam praticamente todo o sal\u00e1rio com o consumo de bens indispens\u00e1veis \u00e0 subsist\u00eancia. Se n\u00e3o atacarmos o injusto sistema tribut\u00e1rio brasileiro, nunca teremos um pa\u00eds com justi\u00e7a social.\"<\/p><p>Os senadores F\u00e1tima Bezerra (PT\/RN), Paulo Rocha (PT\/PA), Regina Sousa (PT\/PI) e Thieres Pinto (PTB\/RR) estiveram presentes durante o debate. Tamb\u00e9m participaram da discuss\u00e3o Charles Alcantara, presidente da Federa\u00e7\u00e3o Nacional do Fisco Estadual e Distrital - Fenafisco; Carlos Silva, presidente do Sindicato Nacional dos Auditores Fiscais do Trabalho - Sinait; Warley Martins, presidente da Confedera\u00e7\u00e3o Brasileira de Aposentados e Pensionistas - Cobap; e o vereador de Tup\u00e3\/SP Amauri S\u00e9rgio Mort\u00e1gua (PR\/SD).<\/p>\r\n[gallery link=\"file\" ids=\"6636,6637,6638,6639,6640,6641,6642\"]","_links":{"self":[{"href":"https:\/\/sinprofaz.org.br\/2024\/wp-json\/wp\/v2\/posts\/6634"}],"collection":[{"href":"https:\/\/sinprofaz.org.br\/2024\/wp-json\/wp\/v2\/posts"}],"about":[{"href":"https:\/\/sinprofaz.org.br\/2024\/wp-json\/wp\/v2\/types\/post"}],"author":[{"embeddable":true,"href":"https:\/\/sinprofaz.org.br\/2024\/wp-json\/wp\/v2\/users\/2"}],"replies":[{"embeddable":true,"href":"https:\/\/sinprofaz.org.br\/2024\/wp-json\/wp\/v2\/comments?post=6634"}],"version-history":[{"count":1,"href":"https:\/\/sinprofaz.org.br\/2024\/wp-json\/wp\/v2\/posts\/6634\/revisions"}],"predecessor-version":[{"id":6643,"href":"https:\/\/sinprofaz.org.br\/2024\/wp-json\/wp\/v2\/posts\/6634\/revisions\/6643"}],"wp:featuredmedia":[{"embeddable":true,"href":"https:\/\/sinprofaz.org.br\/2024\/wp-json\/wp\/v2\/media\/6635"}],"wp:attachment":[{"href":"https:\/\/sinprofaz.org.br\/2024\/wp-json\/wp\/v2\/media?parent=6634"}],"wp:term":[{"taxonomy":"category","embeddable":true,"href":"https:\/\/sinprofaz.org.br\/2024\/wp-json\/wp\/v2\/categories?post=6634"},{"taxonomy":"post_tag","embeddable":true,"href":"https:\/\/sinprofaz.org.br\/2024\/wp-json\/wp\/v2\/tags?post=6634"}],"curies":[{"name":"wp","href":"https:\/\/api.w.org\/{rel}","templated":true}]}}