{"id":663,"date":"2012-03-22T18:42:24","date_gmt":"2012-03-22T18:42:24","guid":{"rendered":""},"modified":"-0001-11-30T00:00:00","modified_gmt":"-0001-11-30T03:00:00","slug":"carreiras-federais-mobilizadas-em-conjunto-por-reajuste-salarial","status":"publish","type":"post","link":"https:\/\/sinprofaz.org.br\/2024\/noticias\/carreiras-federais-mobilizadas-em-conjunto-por-reajuste-salarial\/","title":{"rendered":"Carreiras federais mobilizadas em conjunto por reajuste salarial"},"content":{"rendered":"<p><img loading=\"lazy\" decoding=\"async\" style=\"border: 1px solid #000000; margin-right: 10px; float: left;\" alt=\"carreiras-federais-mobilizadas-grande\" src=\"images\/noticias\/carreiras-federais\/carreiras-federais-mobilizadas-grande.jpg\" height=\"154\" width=\"218\" \/>Os dirigentes da ANFIP \u2013 Associa\u00e7\u00e3o Nacional dos Auditores Fiscais da Receita Federal do Brasil, SINDIFISCO &#8211; Sindicato Nacional dos Auditores-Fiscais da Receita Federal do Brasil, SINAIT &#8211; Sindicato Nacionais dos Auditores-Fiscais do Trabalho, UNACON SINDICAL &#8211; Uni\u00e3o Nacional dos Analistas e T\u00e9cnicos de Finan\u00e7as e Controle, APCF &#8211; Associa\u00e7\u00e3o Nacional dos Peritos Criminais Federais, ADPF \u2013 Associa\u00e7\u00e3o Nacional dos Delegados de Pol\u00edcia Federal, FORVM &#8211; F\u00f3rum Nacional da Advocacia P\u00fablica Federal, ANADEF &#8211; Associa\u00e7\u00e3o Nacional dos Defensores P\u00fablicos Federais e da UNAFE \u2013 Uni\u00e3o dos Advogados P\u00fablicos Federais do Brasil, estiverem reunidos na tarde de quarta-feira, 21\/03, na sede do Sindifisco Nacional em Bras\u00edlia, para tratar dos desdobramentos das negocia\u00e7\u00f5es salariais com o Governo.<\/p>\n<p>A reuni\u00e3o foi convocada com o objetivo de debater medidas e alternativas para pressionar o Governo Federal, fazendo com que abra a mesa de negocia\u00e7\u00e3o de maneira concreta, apresentando calend\u00e1rio e propostas, evitando, assim, que os encontros se protraiam sem nenhuma efetividade.<\/p>\n<p>Ap\u00f3s a fala de todos os dirigentes, houve concord\u00e2ncia de que o encontro de for\u00e7as e a permanente interlocu\u00e7\u00e3o entre as carreiras durante as negocia\u00e7\u00f5es s\u00e3o necessidades para alcan\u00e7ar maior capacidade de press\u00e3o em face do Governo, respeitando, contudo, as particularidades e pleitos de cada carreira, que ser\u00e3o debatidos em mesas espec\u00edficas.<\/p>\n<p>Assim, foi acordada a realiza\u00e7\u00e3o de medidas conjuntas entre as entidades para que o Minist\u00e9rio do Planejamento retome o calend\u00e1rio de reuni\u00f5es, que consiste na demonstra\u00e7\u00e3o da insatisfa\u00e7\u00e3o das carreiras, necessidade de que o governo se manifeste objetivamente em rela\u00e7\u00e3o a prazos e calend\u00e1rios e assuma compromisso com o encerramento dos debates bem antes do prazo final para encaminhamento da Lei de Diretrizes Or\u00e7ament\u00e1rias (LDO).<\/p>\n<p>Ao final do encontro, tamb\u00e9m foi feito agendamento de reuni\u00e3o com o Secret\u00e1rio de Rela\u00e7\u00f5es do Trabalho do Servi\u00e7o P\u00fablico, S\u00e9rgio Mendon\u00e7a, a ser realizada nos pr\u00f3ximos dias, visando a apresentar as propostas das carreiras e posterior retomada das agendas espec\u00edficas de negocia\u00e7\u00f5es salariais.<\/p>\n<p>&nbsp;<\/p>\n<p style=\"text-align: center;\">&nbsp;<\/p>\n","protected":false},"excerpt":{"rendered":"<p>A reuni\u00e3o foi convocada com o objetivo de debater medidas e alternativas para pressionar o Governo Federal, fazendo com que abra a mesa de negocia\u00e7\u00e3o de maneira concreta.<\/p>\n","protected":false},"author":1,"featured_media":0,"comment_status":"closed","ping_status":"open","sticky":false,"template":"","format":"standard","meta":{"footnotes":""},"categories":[8],"tags":[],"featured_image_url":"https:\/\/dummyimage.com\/720x400","character_count":1131,"formatted_date":"22\/03\/2012 - 18:42","contentNovo":"\r\n<p>Os dirigentes da ANFIP \u2013 Associa\u00e7\u00e3o Nacional dos Auditores Fiscais da Receita Federal do Brasil, SINDIFISCO - Sindicato Nacional dos Auditores-Fiscais da Receita Federal do Brasil, SINAIT - Sindicato Nacionais dos Auditores-Fiscais do Trabalho, UNACON SINDICAL - Uni\u00e3o Nacional dos Analistas e T\u00e9cnicos de Finan\u00e7as e Controle, APCF - Associa\u00e7\u00e3o Nacional dos Peritos Criminais Federais, ADPF \u2013 Associa\u00e7\u00e3o Nacional dos Delegados de Pol\u00edcia Federal, FORVM - F\u00f3rum Nacional da Advocacia P\u00fablica Federal, ANADEF - Associa\u00e7\u00e3o Nacional dos Defensores P\u00fablicos Federais e da UNAFE \u2013 Uni\u00e3o dos Advogados P\u00fablicos Federais do Brasil, estiverem reunidos na tarde de quarta-feira, 21\/03, na sede do Sindifisco Nacional em Bras\u00edlia, para tratar dos desdobramentos das negocia\u00e7\u00f5es salariais com o Governo.<\/p>\r\n<p>A reuni\u00e3o foi convocada com o objetivo de debater medidas e alternativas para pressionar o Governo Federal, fazendo com que abra a mesa de negocia\u00e7\u00e3o de maneira concreta, apresentando calend\u00e1rio e propostas, evitando, assim, que os encontros se protraiam sem nenhuma efetividade.<\/p>\r\n<p>Ap\u00f3s a fala de todos os dirigentes, houve concord\u00e2ncia de que o encontro de for\u00e7as e a permanente interlocu\u00e7\u00e3o entre as carreiras durante as negocia\u00e7\u00f5es s\u00e3o necessidades para alcan\u00e7ar maior capacidade de press\u00e3o em face do Governo, respeitando, contudo, as particularidades e pleitos de cada carreira, que ser\u00e3o debatidos em mesas espec\u00edficas.<\/p>\r\n<p>Assim, foi acordada a realiza\u00e7\u00e3o de medidas conjuntas entre as entidades para que o Minist\u00e9rio do Planejamento retome o calend\u00e1rio de reuni\u00f5es, que consiste na demonstra\u00e7\u00e3o da insatisfa\u00e7\u00e3o das carreiras, necessidade de que o governo se manifeste objetivamente em rela\u00e7\u00e3o a prazos e calend\u00e1rios e assuma compromisso com o encerramento dos debates bem antes do prazo final para encaminhamento da Lei de Diretrizes Or\u00e7ament\u00e1rias (LDO).<\/p>\r\n<p>Ao final do encontro, tamb\u00e9m foi feito agendamento de reuni\u00e3o com o Secret\u00e1rio de Rela\u00e7\u00f5es do Trabalho do Servi\u00e7o P\u00fablico, S\u00e9rgio Mendon\u00e7a, a ser realizada nos pr\u00f3ximos dias, visando a apresentar as propostas das carreiras e posterior retomada das agendas espec\u00edficas de negocia\u00e7\u00f5es salariais.<\/p>\r\n<p>&nbsp;<\/p>\r\n<p style=\"text-align: center;\">&nbsp;<\/p>","_links":{"self":[{"href":"https:\/\/sinprofaz.org.br\/2024\/wp-json\/wp\/v2\/posts\/663"}],"collection":[{"href":"https:\/\/sinprofaz.org.br\/2024\/wp-json\/wp\/v2\/posts"}],"about":[{"href":"https:\/\/sinprofaz.org.br\/2024\/wp-json\/wp\/v2\/types\/post"}],"author":[{"embeddable":true,"href":"https:\/\/sinprofaz.org.br\/2024\/wp-json\/wp\/v2\/users\/1"}],"replies":[{"embeddable":true,"href":"https:\/\/sinprofaz.org.br\/2024\/wp-json\/wp\/v2\/comments?post=663"}],"version-history":[{"count":0,"href":"https:\/\/sinprofaz.org.br\/2024\/wp-json\/wp\/v2\/posts\/663\/revisions"}],"wp:attachment":[{"href":"https:\/\/sinprofaz.org.br\/2024\/wp-json\/wp\/v2\/media?parent=663"}],"wp:term":[{"taxonomy":"category","embeddable":true,"href":"https:\/\/sinprofaz.org.br\/2024\/wp-json\/wp\/v2\/categories?post=663"},{"taxonomy":"post_tag","embeddable":true,"href":"https:\/\/sinprofaz.org.br\/2024\/wp-json\/wp\/v2\/tags?post=663"}],"curies":[{"name":"wp","href":"https:\/\/api.w.org\/{rel}","templated":true}]}}