{"id":6623,"date":"2017-03-17T17:12:42","date_gmt":"2017-03-17T17:12:42","guid":{"rendered":"http:\/\/www.sinprofaz.org.br\/?p=6623"},"modified":"2017-03-20T14:09:27","modified_gmt":"2017-03-20T14:09:27","slug":"sinprofaz-se-reune-com-assessores-parlamentares-do-sindicato","status":"publish","type":"post","link":"https:\/\/sinprofaz.org.br\/2024\/noticias\/sinprofaz-se-reune-com-assessores-parlamentares-do-sindicato\/","title":{"rendered":"SINPROFAZ SE RE\u00daNE COM ASSESSORES PARLAMENTARES DO SINDICATO"},"content":{"rendered":"<p>Na quarta-feira (15), o SINPROFAZ, representado pelo presidente Achilles Frias, reuniu-se com o consultor parlamentar do Sindicato e diretor do Departamento Intersindical de Assessoria Parlamentar, Toninho do Diap. O encontro tamb\u00e9m contou com a presen\u00e7a de membros da ANPPREV, entidade que comp\u00f5e o F\u00f3rum Nacional da Advocacia P\u00fablica, presidido pelo SINPROFAZ.<\/p>\n<p>Na ocasi\u00e3o, Achilles Frias e assessores debateram sobre a tramita\u00e7\u00e3o, na C\u00e2mara dos Deputados, das pautas de interesse dos filiados. Parte da discuss\u00e3o foi dedicada \u00e0 reforma da Previd\u00eancia Social e \u00e0s consequ\u00eancias positivas que podem advir da uni\u00e3o entre SINPROFAZ, OAB e demais entidades da sociedade civil contr\u00e1rias \u00e0 proposta do Governo Federal. Orientado pelo assessoria parlamentar, o SINPROFAZ definiu estrat\u00e9gias para atua\u00e7\u00e3o no Congresso Nacional.<\/p>\n<p><a href=\"http:\/\/www.sinprofaz.org.br\/2016\/wp-content\/uploads\/2017\/03\/0210.jpg\"><img loading=\"lazy\" decoding=\"async\" src=\"http:\/\/www.sinprofaz.org.br\/2016\/wp-content\/uploads\/2017\/03\/0210-300x216.jpg\" alt=\"02\" width=\"300\" height=\"216\" class=\"aligncenter size-medium wp-image-6624\" srcset=\"https:\/\/sinprofaz.org.br\/2024\/wp-content\/uploads\/2017\/03\/0210-300x216.jpg 300w, https:\/\/sinprofaz.org.br\/2024\/wp-content\/uploads\/2017\/03\/0210-600x432.jpg 600w, https:\/\/sinprofaz.org.br\/2024\/wp-content\/uploads\/2017\/03\/0210-315x227.jpg 315w, https:\/\/sinprofaz.org.br\/2024\/wp-content\/uploads\/2017\/03\/0210-218x157.jpg 218w, https:\/\/sinprofaz.org.br\/2024\/wp-content\/uploads\/2017\/03\/0210.jpg 800w\" sizes=\"(max-width: 300px) 100vw, 300px\" \/><\/a><\/p>\n","protected":false},"excerpt":{"rendered":"<p>Parte da discuss\u00e3o foi dedicada \u00e0 reforma da Previd\u00eancia e \u00e0s consequ\u00eancias positivas que podem advir da uni\u00e3o entre SINPROFAZ, OAB e demais entidades da sociedade civil contr\u00e1rias \u00e0 proposta do Governo. <\/p>\n","protected":false},"author":2,"featured_media":6625,"comment_status":"open","ping_status":"open","sticky":false,"template":"","format":"standard","meta":{"footnotes":""},"categories":[8],"tags":[32,73,25],"featured_image_url":"https:\/\/sinprofaz.org.br\/2024\/wp-content\/uploads\/2017\/03\/0118-800x198.jpg","character_count":422,"formatted_date":"17\/03\/2017 - 17:12","contentNovo":"<p>Na quarta-feira (15), o SINPROFAZ, representado pelo presidente Achilles Frias, reuniu-se com o consultor parlamentar do Sindicato e diretor do Departamento Intersindical de Assessoria Parlamentar, Toninho do Diap. O encontro tamb\u00e9m contou com a presen\u00e7a de membros da ANPPREV, entidade que comp\u00f5e o F\u00f3rum Nacional da Advocacia P\u00fablica, presidido pelo SINPROFAZ.<\/p><p>Na ocasi\u00e3o, Achilles Frias e assessores debateram sobre a tramita\u00e7\u00e3o, na C\u00e2mara dos Deputados, das pautas de interesse dos filiados. Parte da discuss\u00e3o foi dedicada \u00e0 reforma da Previd\u00eancia Social e \u00e0s consequ\u00eancias positivas que podem advir da uni\u00e3o entre SINPROFAZ, OAB e demais entidades da sociedade civil contr\u00e1rias \u00e0 proposta do Governo Federal. Orientado pelo assessoria parlamentar, o SINPROFAZ definiu estrat\u00e9gias para atua\u00e7\u00e3o no Congresso Nacional.<\/p>\r\n<a href=\"http:\/\/www.sinprofaz.org.br\/2016\/wp-content\/uploads\/2017\/03\/0210.jpg\"><\/a>","_links":{"self":[{"href":"https:\/\/sinprofaz.org.br\/2024\/wp-json\/wp\/v2\/posts\/6623"}],"collection":[{"href":"https:\/\/sinprofaz.org.br\/2024\/wp-json\/wp\/v2\/posts"}],"about":[{"href":"https:\/\/sinprofaz.org.br\/2024\/wp-json\/wp\/v2\/types\/post"}],"author":[{"embeddable":true,"href":"https:\/\/sinprofaz.org.br\/2024\/wp-json\/wp\/v2\/users\/2"}],"replies":[{"embeddable":true,"href":"https:\/\/sinprofaz.org.br\/2024\/wp-json\/wp\/v2\/comments?post=6623"}],"version-history":[{"count":1,"href":"https:\/\/sinprofaz.org.br\/2024\/wp-json\/wp\/v2\/posts\/6623\/revisions"}],"predecessor-version":[{"id":6626,"href":"https:\/\/sinprofaz.org.br\/2024\/wp-json\/wp\/v2\/posts\/6623\/revisions\/6626"}],"wp:featuredmedia":[{"embeddable":true,"href":"https:\/\/sinprofaz.org.br\/2024\/wp-json\/wp\/v2\/media\/6625"}],"wp:attachment":[{"href":"https:\/\/sinprofaz.org.br\/2024\/wp-json\/wp\/v2\/media?parent=6623"}],"wp:term":[{"taxonomy":"category","embeddable":true,"href":"https:\/\/sinprofaz.org.br\/2024\/wp-json\/wp\/v2\/categories?post=6623"},{"taxonomy":"post_tag","embeddable":true,"href":"https:\/\/sinprofaz.org.br\/2024\/wp-json\/wp\/v2\/tags?post=6623"}],"curies":[{"name":"wp","href":"https:\/\/api.w.org\/{rel}","templated":true}]}}