{"id":6619,"date":"2017-03-17T12:17:22","date_gmt":"2017-03-17T12:17:22","guid":{"rendered":"http:\/\/www.sinprofaz.org.br\/?p=6619"},"modified":"2017-03-20T14:09:33","modified_gmt":"2017-03-20T14:09:33","slug":"ago-2017-procuracao-eletronica-ja-esta-disponivel-na-area-do-filiado","status":"publish","type":"post","link":"https:\/\/sinprofaz.org.br\/2024\/noticias\/ago-2017-procuracao-eletronica-ja-esta-disponivel-na-area-do-filiado\/","title":{"rendered":"AGO 2017: PROCURA\u00c7\u00c3O ELETR\u00d4NICA J\u00c1 EST\u00c1 DISPON\u00cdVEL NA \u00c1REA DO FILIADO"},"content":{"rendered":"<p>A AGO 2017 se aproxima: a Assembleia ser\u00e1 realizada no dia 25 de mar\u00e7o, a partir das 9h30, no Comfort Suites Bras\u00edlia, localizado no SHN Quadra 04, Bloco D, Asa Norte, Bras\u00edlia\/DF. \u00c9 muito importante a participa\u00e7\u00e3o do maior n\u00famero poss\u00edvel de filiados.<\/p>\n<p>\u00c0queles que n\u00e3o puderem comparecer, o SINPROFAZ disponibiliza procura\u00e7\u00f5es eletr\u00f4nicas e impressas. A procura\u00e7\u00e3o eletr\u00f4nica outorga a representa\u00e7\u00e3o na Assembleia ao presidente do Sindicato. Para indicar outro outorgado, deve-se utilizar a vers\u00e3o impressa, a qual pode ser entregue preenchida ao delegado sindical do estado correspondente ou encaminhada ao SINPROFAZ via Correios.<\/p>\n<p>Para ter acesso \u00e0 procura\u00e7\u00e3o digital, <a href=\"http:\/\/www.sinprofaz.org.br\/2014\/restrito\/area-do-filiado\/\" target=\"_blank\">CLIQUE AQUI<\/a> e acesse a \u201c\u00c1rea do Filiado\u201d (lembrando que \u00e9 necess\u00e1rio digitar matr\u00edcula e senha). Depois, \u00e9 s\u00f3 clicar no arquivo \u201cProcura\u00e7\u00e3o Eletr\u00f4nica\u201d.<\/p>\n","protected":false},"excerpt":{"rendered":"<p>A AGO 2017 se aproxima: a Assembleia ser\u00e1 realizada no dia 25 de mar\u00e7o, em Bras\u00edlia\/DF. \u00c0queles que n\u00e3o puderem comparecer, o SINPROFAZ disponibiliza procura\u00e7\u00f5es eletr\u00f4nicas e impressas. <\/p>\n","protected":false},"author":2,"featured_media":6620,"comment_status":"open","ping_status":"open","sticky":false,"template":"","format":"standard","meta":{"footnotes":""},"categories":[8],"tags":[41,25],"featured_image_url":"https:\/\/sinprofaz.org.br\/2024\/wp-content\/uploads\/2017\/03\/0117.jpg","character_count":432,"formatted_date":"17\/03\/2017 - 12:17","contentNovo":"<p>A AGO 2017 se aproxima: a Assembleia ser\u00e1 realizada no dia 25 de mar\u00e7o, a partir das 9h30, no Comfort Suites Bras\u00edlia, localizado no SHN Quadra 04, Bloco D, Asa Norte, Bras\u00edlia\/DF. \u00c9 muito importante a participa\u00e7\u00e3o do maior n\u00famero poss\u00edvel de filiados.<\/p><p>\u00c0queles que n\u00e3o puderem comparecer, o SINPROFAZ disponibiliza procura\u00e7\u00f5es eletr\u00f4nicas e impressas. A procura\u00e7\u00e3o eletr\u00f4nica outorga a representa\u00e7\u00e3o na Assembleia ao presidente do Sindicato. Para indicar outro outorgado, deve-se utilizar a vers\u00e3o impressa, a qual pode ser entregue preenchida ao delegado sindical do estado correspondente ou encaminhada ao SINPROFAZ via Correios.<\/p><p>Para ter acesso \u00e0 procura\u00e7\u00e3o digital, <a href=\"http:\/\/www.sinprofaz.org.br\/2014\/restrito\/area-do-filiado\/\" target=\"_blank\">CLIQUE AQUI<\/a> e acesse a \u201c\u00c1rea do Filiado\u201d (lembrando que \u00e9 necess\u00e1rio digitar matr\u00edcula e senha). Depois, \u00e9 s\u00f3 clicar no arquivo \u201cProcura\u00e7\u00e3o Eletr\u00f4nica\u201d.<\/p>","_links":{"self":[{"href":"https:\/\/sinprofaz.org.br\/2024\/wp-json\/wp\/v2\/posts\/6619"}],"collection":[{"href":"https:\/\/sinprofaz.org.br\/2024\/wp-json\/wp\/v2\/posts"}],"about":[{"href":"https:\/\/sinprofaz.org.br\/2024\/wp-json\/wp\/v2\/types\/post"}],"author":[{"embeddable":true,"href":"https:\/\/sinprofaz.org.br\/2024\/wp-json\/wp\/v2\/users\/2"}],"replies":[{"embeddable":true,"href":"https:\/\/sinprofaz.org.br\/2024\/wp-json\/wp\/v2\/comments?post=6619"}],"version-history":[{"count":2,"href":"https:\/\/sinprofaz.org.br\/2024\/wp-json\/wp\/v2\/posts\/6619\/revisions"}],"predecessor-version":[{"id":6622,"href":"https:\/\/sinprofaz.org.br\/2024\/wp-json\/wp\/v2\/posts\/6619\/revisions\/6622"}],"wp:featuredmedia":[{"embeddable":true,"href":"https:\/\/sinprofaz.org.br\/2024\/wp-json\/wp\/v2\/media\/6620"}],"wp:attachment":[{"href":"https:\/\/sinprofaz.org.br\/2024\/wp-json\/wp\/v2\/media?parent=6619"}],"wp:term":[{"taxonomy":"category","embeddable":true,"href":"https:\/\/sinprofaz.org.br\/2024\/wp-json\/wp\/v2\/categories?post=6619"},{"taxonomy":"post_tag","embeddable":true,"href":"https:\/\/sinprofaz.org.br\/2024\/wp-json\/wp\/v2\/tags?post=6619"}],"curies":[{"name":"wp","href":"https:\/\/api.w.org\/{rel}","templated":true}]}}