{"id":6593,"date":"2017-03-15T18:00:22","date_gmt":"2017-03-15T18:00:22","guid":{"rendered":"http:\/\/www.sinprofaz.org.br\/?p=6593"},"modified":"2017-03-16T11:49:11","modified_gmt":"2017-03-16T11:49:11","slug":"sinprofaz-se-une-a-entidades-para-impedir-reforma-da-previdencia","status":"publish","type":"post","link":"https:\/\/sinprofaz.org.br\/2024\/noticias\/sinprofaz-se-une-a-entidades-para-impedir-reforma-da-previdencia\/","title":{"rendered":"SINPROFAZ SE UNE A ENTIDADES PARA IMPEDIR REFORMA DA PREVID\u00caNCIA"},"content":{"rendered":"<p>O SINPROFAZ, representado pelo presidente Achilles Frias, reuniu-se nessa ter\u00e7a-feira (14) com representantes do Movimento Acorda Sociedade &#8211; MAS. Tamb\u00e9m participaram do encontro membros do F\u00f3rum Nacional Permanente de Carreiras T\u00edpicas de Estado &#8211; FONACATE, do Sindicato dos Servidores do Poder Legislativo Federal e do Tribunal de Contas da Uni\u00e3o &#8211; SINDILEGIS, da ANPPREV,  da Associa\u00e7\u00e3o Nacional dos Aposentados, Idosos, Deficientes, Pensionistas e dos Segurados da Previd\u00eancia Social &#8211; ANADIPS, entre outros.<\/p>\n<p>Em discuss\u00e3o, a proposta governamental de reforma da Previd\u00eancia Social, contestada por todas as entidades reunidas. Visando sensibilizar n\u00e3o apenas os membros das carreiras do servi\u00e7o p\u00fablico, como tamb\u00e9m, e especialmente, a sociedade em geral, SINPROFAZ e entidades alinharam os discursos e as estrat\u00e9gias para atua\u00e7\u00e3o no Congresso Nacional.<\/p>\n<p>O prop\u00f3sito das entidades \u00e9 unir for\u00e7as de modo que haja press\u00e3o de diferentes segmentos suficiente para barrar a proposta no Parlamento. Para tanto, os dirigentes tamb\u00e9m aproveitaram o encontro para discutir argumentos capazes de contrapor as justificativas do governo para implantar a reforma, a qual, para o SINPROFAZ e entidades parceiras, representa um retrocesso \u00e0 garantia de direitos dos trabalhadores no Brasil.<\/p>\n\n\t\t<style type=\"text\/css\">\n\t\t\t#gallery-1 {\n\t\t\t\tmargin: auto;\n\t\t\t}\n\t\t\t#gallery-1 .gallery-item {\n\t\t\t\tfloat: left;\n\t\t\t\tmargin-top: 10px;\n\t\t\t\ttext-align: center;\n\t\t\t\twidth: 50%;\n\t\t\t}\n\t\t\t#gallery-1 img {\n\t\t\t\tborder: 2px solid #cfcfcf;\n\t\t\t}\n\t\t\t#gallery-1 .gallery-caption {\n\t\t\t\tmargin-left: 0;\n\t\t\t}\n\t\t\t\/* see gallery_shortcode() in wp-includes\/media.php *\/\n\t\t<\/style>\n\t\t<div id='gallery-1' class='gallery galleryid-6593 gallery-columns-2 gallery-size-thumbnail'><dl class='gallery-item'>\n\t\t\t<dt class='gallery-icon landscape'>\n\t\t\t\t<a href='https:\/\/sinprofaz.org.br\/2024\/wp-content\/uploads\/2017\/03\/033.jpg'><img loading=\"lazy\" decoding=\"async\" width=\"150\" height=\"150\" src=\"https:\/\/sinprofaz.org.br\/2024\/wp-content\/uploads\/2017\/03\/033-150x150.jpg\" class=\"attachment-thumbnail size-thumbnail\" alt=\"\" \/><\/a>\n\t\t\t<\/dt><\/dl><dl class='gallery-item'>\n\t\t\t<dt class='gallery-icon landscape'>\n\t\t\t\t<a href='https:\/\/sinprofaz.org.br\/2024\/wp-content\/uploads\/2017\/03\/026.jpg'><img loading=\"lazy\" decoding=\"async\" width=\"150\" height=\"150\" src=\"https:\/\/sinprofaz.org.br\/2024\/wp-content\/uploads\/2017\/03\/026-150x150.jpg\" class=\"attachment-thumbnail size-thumbnail\" alt=\"\" \/><\/a>\n\t\t\t<\/dt><\/dl><br style=\"clear: both\" \/>\n\t\t<\/div>\n\n","protected":false},"excerpt":{"rendered":"<p>Visando sensibilizar n\u00e3o apenas os membros das carreiras do servi\u00e7o p\u00fablico, como tamb\u00e9m, e especialmente, a sociedade em geral, SINPROFAZ e entidades alinharam os discursos e as estrat\u00e9gias para atua\u00e7\u00e3o no Congresso Nacional contra a proposta de reforma da Previd\u00eancia. <\/p>\n","protected":false},"author":2,"featured_media":6595,"comment_status":"open","ping_status":"open","sticky":false,"template":"","format":"standard","meta":{"footnotes":""},"categories":[8],"tags":[32,23,77],"featured_image_url":"https:\/\/sinprofaz.org.br\/2024\/wp-content\/uploads\/2017\/03\/0112-800x198.jpg","character_count":845,"formatted_date":"15\/03\/2017 - 18:00","contentNovo":"<p>O SINPROFAZ, representado pelo presidente Achilles Frias, reuniu-se nessa ter\u00e7a-feira (14) com representantes do Movimento Acorda Sociedade - MAS. Tamb\u00e9m participaram do encontro membros do F\u00f3rum Nacional Permanente de Carreiras T\u00edpicas de Estado - FONACATE, do Sindicato dos Servidores do Poder Legislativo Federal e do Tribunal de Contas da Uni\u00e3o - SINDILEGIS, da ANPPREV,  da Associa\u00e7\u00e3o Nacional dos Aposentados, Idosos, Deficientes, Pensionistas e dos Segurados da Previd\u00eancia Social - ANADIPS, entre outros.<\/p><p>Em discuss\u00e3o, a proposta governamental de reforma da Previd\u00eancia Social, contestada por todas as entidades reunidas. Visando sensibilizar n\u00e3o apenas os membros das carreiras do servi\u00e7o p\u00fablico, como tamb\u00e9m, e especialmente, a sociedade em geral, SINPROFAZ e entidades alinharam os discursos e as estrat\u00e9gias para atua\u00e7\u00e3o no Congresso Nacional.<\/p><p>O prop\u00f3sito das entidades \u00e9 unir for\u00e7as de modo que haja press\u00e3o de diferentes segmentos suficiente para barrar a proposta no Parlamento. Para tanto, os dirigentes tamb\u00e9m aproveitaram o encontro para discutir argumentos capazes de contrapor as justificativas do governo para implantar a reforma, a qual, para o SINPROFAZ e entidades parceiras, representa um retrocesso \u00e0 garantia de direitos dos trabalhadores no Brasil.<\/p>\r\n[gallery link=\"file\" columns=\"2\" ids=\"6594,6596\"]","_links":{"self":[{"href":"https:\/\/sinprofaz.org.br\/2024\/wp-json\/wp\/v2\/posts\/6593"}],"collection":[{"href":"https:\/\/sinprofaz.org.br\/2024\/wp-json\/wp\/v2\/posts"}],"about":[{"href":"https:\/\/sinprofaz.org.br\/2024\/wp-json\/wp\/v2\/types\/post"}],"author":[{"embeddable":true,"href":"https:\/\/sinprofaz.org.br\/2024\/wp-json\/wp\/v2\/users\/2"}],"replies":[{"embeddable":true,"href":"https:\/\/sinprofaz.org.br\/2024\/wp-json\/wp\/v2\/comments?post=6593"}],"version-history":[{"count":1,"href":"https:\/\/sinprofaz.org.br\/2024\/wp-json\/wp\/v2\/posts\/6593\/revisions"}],"predecessor-version":[{"id":6597,"href":"https:\/\/sinprofaz.org.br\/2024\/wp-json\/wp\/v2\/posts\/6593\/revisions\/6597"}],"wp:featuredmedia":[{"embeddable":true,"href":"https:\/\/sinprofaz.org.br\/2024\/wp-json\/wp\/v2\/media\/6595"}],"wp:attachment":[{"href":"https:\/\/sinprofaz.org.br\/2024\/wp-json\/wp\/v2\/media?parent=6593"}],"wp:term":[{"taxonomy":"category","embeddable":true,"href":"https:\/\/sinprofaz.org.br\/2024\/wp-json\/wp\/v2\/categories?post=6593"},{"taxonomy":"post_tag","embeddable":true,"href":"https:\/\/sinprofaz.org.br\/2024\/wp-json\/wp\/v2\/tags?post=6593"}],"curies":[{"name":"wp","href":"https:\/\/api.w.org\/{rel}","templated":true}]}}