{"id":6575,"date":"2017-03-14T11:56:35","date_gmt":"2017-03-14T11:56:35","guid":{"rendered":"http:\/\/www.sinprofaz.org.br\/?p=6575"},"modified":"2023-05-18T12:18:44","modified_gmt":"2023-05-18T15:18:44","slug":"sinprofaz-promove-encontro-com-associados-aposentados","status":"publish","type":"post","link":"https:\/\/sinprofaz.org.br\/2024\/noticias\/sinprofaz-promove-encontro-com-associados-aposentados\/","title":{"rendered":"SINPROFAZ PROMOVE ENCONTRO COM ASSOCIADOS APOSENTADOS"},"content":{"rendered":"<p>O SINPROFAZ promoveu, na quinta-feira (9), um encontro com associados aposentados. O evento foi realizado na capital do Rio de Janeiro, estado que concentra grande n\u00famero de filiados inativos. Al\u00e9m do presidente do SINPROFAZ, Achilles Frias, participaram do encontro o diretor de Assuntos Relativos aos Aposentados e Assuntos Assistenciais, Ant\u00f4nio Guedes, o\u00a0diretor-jur\u00eddico, Roberto Rodrigues, o diretor Cultural e de Eventos, S\u00e9rgio Carneiro, o delegado sindical do Rio de Janeiro, Paulo Gon\u00e7alves, e o advogado do SINPROFAZ Hugo Plutarco.<\/p>\n<p>Ao principiar o evento, o presidente do SINPROFAZ agradeceu a presen\u00e7a de todos e explicou a proposta do encontro: &#8220;A diretoria vem trabalhando em prol de melhorias para a Carreira mas, para tanto, precisa contar com a proximidade dos associados. Esse \u00e9 o prop\u00f3sito deste evento: aproximar SINPROFAZ e filiados aposentados&#8221;.<\/p>\n<p>Ao longo do dia, os diretores apresentaram um panorama da atua\u00e7\u00e3o do Sindicato nos \u00faltimos meses, dentro do Congresso Nacional e em parceria com institui\u00e7\u00f5es como a Procuradoria-Geral da Fazenda Nacional e a Advocacia-Geral da Uni\u00e3o. Foram expostas as principais pautas do SINPROFAZ e detalhada a luta empreendida durante o per\u00edodo, a qual culminou nas recentes conquistas da Carreira. Parte do evento foi dedicado ao debate sobre os pleitos jur\u00eddicos do Sindicato &#8211; momento em que os aposentados puderam conhecer as vit\u00f3rias j\u00e1 alcan\u00e7adas e tirar d\u00favidas sobre a situa\u00e7\u00e3o das a\u00e7\u00f5es judiciais em curso.<\/p>\n<p>O encontro foi bem avaliado pelos participantes, como o PFN aposentado C\u00e9sar Palmieri: &#8220;Se os aposentados n\u00e3o v\u00e3o ao Sindicato, o Sindicato vem aos aposentados. Estou sinceramente agradecido por esta oportunidade. O espa\u00e7o possibilita que fa\u00e7amos um debate sobre pensamentos concretos, al\u00e9m de cr\u00edticas que se dirigem \u00e0s ideias, n\u00e3o \u00e0s pessoas, muito menos \u00e0 diretoria, que merece todo o nosso respeito. Externo, aqui, minha mais alta admira\u00e7\u00e3o aos diretores do SINPROFAZ&#8221;.<\/p>\n<p>Ao fazer refer\u00eancia \u00e0s conquistas do Sindicato, o associado Ivo Bechara ressaltou que as recentes vit\u00f3rias s\u00e3o resultado da luta de gera\u00e7\u00f5es de PFNs &#8211; procuradores aposentados que, segundo ele, s\u00e3o frequentemente indicados como titulares de processos que ainda tramitam na Justi\u00e7a Federal. &#8220;Louvo a iniciativa deste canal direito aberto pela diretoria do SINPROFAZ, que permite evidenciar a contribui\u00e7\u00e3o dos procuradores que tanto lutaram para que o atual status da Carreira fosse alcan\u00e7ado. A atua\u00e7\u00e3o dos PFNs aposentados foi e continua sendo muito importante&#8221;, declarou.<\/p>\n<p>A PFN Maria Luiza de Mendon\u00e7a tamb\u00e9m parabenizou a diretoria do SINPROFAZ pela iniciativa. Segundo ela, &#8220;o evento foi muito bem organizado e produtivo e possibilitou a discuss\u00e3o e esclarecimento de importantes quest\u00f5es da Carreira&#8221;. Para o associado Zacharias Mendes Neto, a iniciativa foi fundamental para integra\u00e7\u00e3o entre o Sindicato e os associados e importante tamb\u00e9m por promover o reencontro entre Colegas que h\u00e1 muito n\u00e3o se viam: &#8220;A proposta do SINPROFAZ foi magn\u00edfica. Espero que o evento seja replicado em outros estados do pa\u00eds, para que mais aposentados possam retomar o contato com o Sindicato, com a diretoria e com os Colegas&#8221;.<\/p>\n\n\t\t<style type=\"text\/css\">\n\t\t\t#gallery-1 {\n\t\t\t\tmargin: auto;\n\t\t\t}\n\t\t\t#gallery-1 .gallery-item {\n\t\t\t\tfloat: left;\n\t\t\t\tmargin-top: 10px;\n\t\t\t\ttext-align: center;\n\t\t\t\twidth: 33%;\n\t\t\t}\n\t\t\t#gallery-1 img {\n\t\t\t\tborder: 2px solid #cfcfcf;\n\t\t\t}\n\t\t\t#gallery-1 .gallery-caption {\n\t\t\t\tmargin-left: 0;\n\t\t\t}\n\t\t\t\/* see gallery_shortcode() in wp-includes\/media.php *\/\n\t\t<\/style>\n\t\t<div id='gallery-1' class='gallery galleryid-6575 gallery-columns-3 gallery-size-thumbnail'><dl class='gallery-item'>\n\t\t\t<dt class='gallery-icon landscape'>\n\t\t\t\t<a href='https:\/\/sinprofaz.org.br\/2024\/wp-content\/uploads\/2017\/03\/024.jpg'><img loading=\"lazy\" decoding=\"async\" width=\"150\" height=\"150\" src=\"https:\/\/sinprofaz.org.br\/2024\/wp-content\/uploads\/2017\/03\/024-150x150.jpg\" class=\"attachment-thumbnail size-thumbnail\" alt=\"\" \/><\/a>\n\t\t\t<\/dt><\/dl><dl class='gallery-item'>\n\t\t\t<dt class='gallery-icon landscape'>\n\t\t\t\t<a href='https:\/\/sinprofaz.org.br\/2024\/wp-content\/uploads\/2017\/03\/031.jpg'><img loading=\"lazy\" decoding=\"async\" width=\"150\" height=\"150\" src=\"https:\/\/sinprofaz.org.br\/2024\/wp-content\/uploads\/2017\/03\/031-150x150.jpg\" class=\"attachment-thumbnail size-thumbnail\" alt=\"\" \/><\/a>\n\t\t\t<\/dt><\/dl><dl class='gallery-item'>\n\t\t\t<dt class='gallery-icon landscape'>\n\t\t\t\t<a href='https:\/\/sinprofaz.org.br\/2024\/wp-content\/uploads\/2017\/03\/042.jpg'><img loading=\"lazy\" decoding=\"async\" width=\"150\" height=\"150\" src=\"https:\/\/sinprofaz.org.br\/2024\/wp-content\/uploads\/2017\/03\/042-150x150.jpg\" class=\"attachment-thumbnail size-thumbnail\" alt=\"\" \/><\/a>\n\t\t\t<\/dt><\/dl><br style=\"clear: both\" \/><dl class='gallery-item'>\n\t\t\t<dt class='gallery-icon landscape'>\n\t\t\t\t<a href='https:\/\/sinprofaz.org.br\/2024\/wp-content\/uploads\/2017\/03\/051.jpg'><img loading=\"lazy\" decoding=\"async\" width=\"150\" height=\"150\" src=\"https:\/\/sinprofaz.org.br\/2024\/wp-content\/uploads\/2017\/03\/051-150x150.jpg\" class=\"attachment-thumbnail size-thumbnail\" alt=\"\" \/><\/a>\n\t\t\t<\/dt><\/dl>\n\t\t\t<br style='clear: both' \/>\n\t\t<\/div>\n\n","protected":false},"excerpt":{"rendered":"<p>Ao longo do dia, os diretores apresentaram um panorama da atua\u00e7\u00e3o do Sindicato nos \u00faltimos meses, dentro do Congresso Nacional e em parceria com institui\u00e7\u00f5es como a Procuradoria-Geral da Fazenda Nacional e a Advocacia-Geral da Uni\u00e3o.<\/p>\n","protected":false},"author":2,"featured_media":6576,"comment_status":"open","ping_status":"open","sticky":false,"template":"","format":"standard","meta":{"footnotes":""},"categories":[8],"tags":[32,25],"featured_image_url":"https:\/\/sinprofaz.org.br\/2024\/wp-content\/uploads\/2017\/03\/0110-800x198.jpg","character_count":1846,"formatted_date":"14\/03\/2017 - 11:56","contentNovo":"O SINPROFAZ promoveu, na quinta-feira (9), um encontro com associados aposentados. O evento foi realizado na capital do Rio de Janeiro, estado que concentra grande n\u00famero de filiados inativos. Al\u00e9m do presidente do SINPROFAZ, Achilles Frias, participaram do encontro o diretor de Assuntos Relativos aos Aposentados e Assuntos Assistenciais, Ant\u00f4nio Guedes, o\u00a0diretor-jur\u00eddico, Roberto Rodrigues, o diretor Cultural e de Eventos, S\u00e9rgio Carneiro, o delegado sindical do Rio de Janeiro, Paulo Gon\u00e7alves, e o advogado do SINPROFAZ Hugo Plutarco.\r\n\r\nAo principiar o evento, o presidente do SINPROFAZ agradeceu a presen\u00e7a de todos e explicou a proposta do encontro: \"A diretoria vem trabalhando em prol de melhorias para a Carreira mas, para tanto, precisa contar com a proximidade dos associados. Esse \u00e9 o prop\u00f3sito deste evento: aproximar SINPROFAZ e filiados aposentados\".\r\n\r\nAo longo do dia, os diretores apresentaram um panorama da atua\u00e7\u00e3o do Sindicato nos \u00faltimos meses, dentro do Congresso Nacional e em parceria com institui\u00e7\u00f5es como a Procuradoria-Geral da Fazenda Nacional e a Advocacia-Geral da Uni\u00e3o. Foram expostas as principais pautas do SINPROFAZ e detalhada a luta empreendida durante o per\u00edodo, a qual culminou nas recentes conquistas da Carreira. Parte do evento foi dedicado ao debate sobre os pleitos jur\u00eddicos do Sindicato - momento em que os aposentados puderam conhecer as vit\u00f3rias j\u00e1 alcan\u00e7adas e tirar d\u00favidas sobre a situa\u00e7\u00e3o das a\u00e7\u00f5es judiciais em curso.\r\n\r\nO encontro foi bem avaliado pelos participantes, como o PFN aposentado C\u00e9sar Palmieri: \"Se os aposentados n\u00e3o v\u00e3o ao Sindicato, o Sindicato vem aos aposentados. Estou sinceramente agradecido por esta oportunidade. O espa\u00e7o possibilita que fa\u00e7amos um debate sobre pensamentos concretos, al\u00e9m de cr\u00edticas que se dirigem \u00e0s ideias, n\u00e3o \u00e0s pessoas, muito menos \u00e0 diretoria, que merece todo o nosso respeito. Externo, aqui, minha mais alta admira\u00e7\u00e3o aos diretores do SINPROFAZ\".\r\n\r\nAo fazer refer\u00eancia \u00e0s conquistas do Sindicato, o associado Ivo Bechara ressaltou que as recentes vit\u00f3rias s\u00e3o resultado da luta de gera\u00e7\u00f5es de PFNs - procuradores aposentados que, segundo ele, s\u00e3o frequentemente indicados como titulares de processos que ainda tramitam na Justi\u00e7a Federal. \"Louvo a iniciativa deste canal direito aberto pela diretoria do SINPROFAZ, que permite evidenciar a contribui\u00e7\u00e3o dos procuradores que tanto lutaram para que o atual status da Carreira fosse alcan\u00e7ado. A atua\u00e7\u00e3o dos PFNs aposentados foi e continua sendo muito importante\", declarou.\r\n\r\nA PFN Maria Luiza de Mendon\u00e7a tamb\u00e9m parabenizou a diretoria do SINPROFAZ pela iniciativa. Segundo ela, \"o evento foi muito bem organizado e produtivo e possibilitou a discuss\u00e3o e esclarecimento de importantes quest\u00f5es da Carreira\". Para o associado Zacharias Mendes Neto, a iniciativa foi fundamental para integra\u00e7\u00e3o entre o Sindicato e os associados e importante tamb\u00e9m por promover o reencontro entre Colegas que h\u00e1 muito n\u00e3o se viam: \"A proposta do SINPROFAZ foi magn\u00edfica. Espero que o evento seja replicado em outros estados do pa\u00eds, para que mais aposentados possam retomar o contato com o Sindicato, com a diretoria e com os Colegas\".\r\n\r\n[gallery link=\"file\" ids=\"6577,6578,6579,6580\"]","_links":{"self":[{"href":"https:\/\/sinprofaz.org.br\/2024\/wp-json\/wp\/v2\/posts\/6575"}],"collection":[{"href":"https:\/\/sinprofaz.org.br\/2024\/wp-json\/wp\/v2\/posts"}],"about":[{"href":"https:\/\/sinprofaz.org.br\/2024\/wp-json\/wp\/v2\/types\/post"}],"author":[{"embeddable":true,"href":"https:\/\/sinprofaz.org.br\/2024\/wp-json\/wp\/v2\/users\/2"}],"replies":[{"embeddable":true,"href":"https:\/\/sinprofaz.org.br\/2024\/wp-json\/wp\/v2\/comments?post=6575"}],"version-history":[{"count":3,"href":"https:\/\/sinprofaz.org.br\/2024\/wp-json\/wp\/v2\/posts\/6575\/revisions"}],"predecessor-version":[{"id":16180,"href":"https:\/\/sinprofaz.org.br\/2024\/wp-json\/wp\/v2\/posts\/6575\/revisions\/16180"}],"wp:featuredmedia":[{"embeddable":true,"href":"https:\/\/sinprofaz.org.br\/2024\/wp-json\/wp\/v2\/media\/6576"}],"wp:attachment":[{"href":"https:\/\/sinprofaz.org.br\/2024\/wp-json\/wp\/v2\/media?parent=6575"}],"wp:term":[{"taxonomy":"category","embeddable":true,"href":"https:\/\/sinprofaz.org.br\/2024\/wp-json\/wp\/v2\/categories?post=6575"},{"taxonomy":"post_tag","embeddable":true,"href":"https:\/\/sinprofaz.org.br\/2024\/wp-json\/wp\/v2\/tags?post=6575"}],"curies":[{"name":"wp","href":"https:\/\/api.w.org\/{rel}","templated":true}]}}