{"id":653,"date":"2012-03-19T14:06:03","date_gmt":"2012-03-19T14:06:03","guid":{"rendered":""},"modified":"-0001-11-30T00:00:00","modified_gmt":"-0001-11-30T03:00:00","slug":"semana-nacional-da-justica-fiscal-tem-inicio-nesta-segunda","status":"publish","type":"post","link":"https:\/\/sinprofaz.org.br\/2024\/noticias\/semana-nacional-da-justica-fiscal-tem-inicio-nesta-segunda\/","title":{"rendered":"Semana Nacional da Justi\u00e7a Fiscal tem in\u00edcio nesta segunda"},"content":{"rendered":"<p>Sindicato convida os Procuradores da Fazenda a participarem dos eventos programados para esta semana em Bras\u00edlia.<\/p>\n<p>Na quarta-feira, 21 de mar\u00e7o, a partir das 19h30, haver\u00e1 palestras e debates na sede da OAB-DF com o tema <em>Justi\u00e7a Fiscal: uma simbiose entre reforma tribut\u00e1ria, combate \u00e0 sonega\u00e7\u00e3o e os direitos dos contribuintes<\/em>.<\/p>\n<p>As palestras v\u00e3o ser proferidas por dois convidados: o Procurador da Fazenda Nacional, atual Consultor-Geral da Uni\u00e3o, Arnaldo Sampaio de Moraes Godoy; e o Procurador da Rep\u00fablica no DF e Vice-Presidente da Associa\u00e7\u00e3o Nacional dos Procuradores da Rep\u00fablica- ANPR, Jos\u00e9 Robalinho Cavalcanti.<\/p>\n<p>Para participar dos debates, v\u00e3o compor a mesa o presidente do SINPROFAZ, Allan Titonelli; o ex-presidente do Sindicato, Jo\u00e3o Carlos Souto, a presidente da Comiss\u00e3o Nacional da Advocacia P\u00fablica, Meire Monteiro Mota Coelho, e o presidente da Comiss\u00e3o de Assuntos Tribut\u00e1rios da OAB-DF, Paulo Maur\u00edcio Siqueira.<\/p>\n<p>A OAB-DF fica localizada no SEPN 516 Bloco B Lote 07 \u2013 Asa Norte.<\/p>\n<p>Outro evento que merece destaque vai ocorrer na quinta-feira, 22 de mar\u00e7o. Ser\u00e1 realizada reuni\u00e3o na C\u00e2mara dos Deputados, das 9h30 \u00e0s 11h30, no plen\u00e1rio 14, do Anexo II.<\/p>\n<p>V\u00e1rios parlamentares autores de projetos relacionados ao tema v\u00e3o comparecer ao ato que contar\u00e1 ainda com a presen\u00e7a de autoridades do Executivo, representantes do Sindicato e das entidades apoiadoras da campanha.<\/p>\n<p>Em seguida, o formigueiro seguir\u00e1 em marcha pelos arredores do Congresso Nacional.<\/p>\n<h3>Novidades no site<\/h3>\n<p>O site da campanha cont\u00e9m v\u00e1rias informa\u00e7\u00f5es que interessam ao cidad\u00e3o brasileiro e h\u00e1 novos servi\u00e7os dispon\u00edveis desde o final de semana.<\/p>\n<p>Entre as novidades destaque para a <em>consulta on line<\/em>, onde o internauta poder\u00e1 fazer pesquisa de pre\u00e7o e verificar o custo dos tributos no bem que pretende adquirir. Outra ferramenta \u00e0 disposi\u00e7\u00e3o de quem navegar pelo <em>Quanto Custa<\/em> \u00e9 a possibilidade de enviar artigos e opini\u00f5es, inclusive gravadas em v\u00eddeo, para postagem no site.<\/p>\n","protected":false},"excerpt":{"rendered":"<p>Quem acessar o site \u201cQuanto Custa o Brasil pra Voc\u00ea\u201d hoje, 19\/03, vai conferir novidades da quarta edi\u00e7\u00e3o da Campanha Nacional da Justi\u00e7a Fiscal, uma iniciativa do SINPROFAZ.<\/p>\n","protected":false},"author":1,"featured_media":0,"comment_status":"closed","ping_status":"open","sticky":false,"template":"","format":"standard","meta":{"footnotes":""},"categories":[8],"tags":[],"featured_image_url":"https:\/\/dummyimage.com\/720x400","character_count":1001,"formatted_date":"19\/03\/2012 - 14:06","contentNovo":"\r\n<p>Sindicato convida os Procuradores da Fazenda a participarem dos eventos programados para esta semana em Bras\u00edlia.<\/p>\r\n<p>Na quarta-feira, 21 de mar\u00e7o, a partir das 19h30, haver\u00e1 palestras e debates na sede da OAB-DF com o tema <em>Justi\u00e7a Fiscal: uma simbiose entre reforma tribut\u00e1ria, combate \u00e0 sonega\u00e7\u00e3o e os direitos dos contribuintes<\/em>.<\/p>\r\n<p>As palestras v\u00e3o ser proferidas por dois convidados: o Procurador da Fazenda Nacional, atual Consultor-Geral da Uni\u00e3o, Arnaldo Sampaio de Moraes Godoy; e o Procurador da Rep\u00fablica no DF e Vice-Presidente da Associa\u00e7\u00e3o Nacional dos Procuradores da Rep\u00fablica- ANPR, Jos\u00e9 Robalinho Cavalcanti.<\/p>\r\n<p>Para participar dos debates, v\u00e3o compor a mesa o presidente do SINPROFAZ, Allan Titonelli; o ex-presidente do Sindicato, Jo\u00e3o Carlos Souto, a presidente da Comiss\u00e3o Nacional da Advocacia P\u00fablica, Meire Monteiro Mota Coelho, e o presidente da Comiss\u00e3o de Assuntos Tribut\u00e1rios da OAB-DF, Paulo Maur\u00edcio Siqueira.<\/p>\r\n<p>A OAB-DF fica localizada no SEPN 516 Bloco B Lote 07 \u2013 Asa Norte.<\/p>\r\n<p>Outro evento que merece destaque vai ocorrer na quinta-feira, 22 de mar\u00e7o. Ser\u00e1 realizada reuni\u00e3o na C\u00e2mara dos Deputados, das 9h30 \u00e0s 11h30, no plen\u00e1rio 14, do Anexo II.<\/p>\r\n<p>V\u00e1rios parlamentares autores de projetos relacionados ao tema v\u00e3o comparecer ao ato que contar\u00e1 ainda com a presen\u00e7a de autoridades do Executivo, representantes do Sindicato e das entidades apoiadoras da campanha.<\/p>\r\n<p>Em seguida, o formigueiro seguir\u00e1 em marcha pelos arredores do Congresso Nacional.<\/p>\r\nNovidades no site\r\n<p>O site da campanha cont\u00e9m v\u00e1rias informa\u00e7\u00f5es que interessam ao cidad\u00e3o brasileiro e h\u00e1 novos servi\u00e7os dispon\u00edveis desde o final de semana.<\/p>\r\n<p>Entre as novidades destaque para a <em>consulta on line<\/em>, onde o internauta poder\u00e1 fazer pesquisa de pre\u00e7o e verificar o custo dos tributos no bem que pretende adquirir. Outra ferramenta \u00e0 disposi\u00e7\u00e3o de quem navegar pelo <em>Quanto Custa<\/em> \u00e9 a possibilidade de enviar artigos e opini\u00f5es, inclusive gravadas em v\u00eddeo, para postagem no site.<\/p>","_links":{"self":[{"href":"https:\/\/sinprofaz.org.br\/2024\/wp-json\/wp\/v2\/posts\/653"}],"collection":[{"href":"https:\/\/sinprofaz.org.br\/2024\/wp-json\/wp\/v2\/posts"}],"about":[{"href":"https:\/\/sinprofaz.org.br\/2024\/wp-json\/wp\/v2\/types\/post"}],"author":[{"embeddable":true,"href":"https:\/\/sinprofaz.org.br\/2024\/wp-json\/wp\/v2\/users\/1"}],"replies":[{"embeddable":true,"href":"https:\/\/sinprofaz.org.br\/2024\/wp-json\/wp\/v2\/comments?post=653"}],"version-history":[{"count":0,"href":"https:\/\/sinprofaz.org.br\/2024\/wp-json\/wp\/v2\/posts\/653\/revisions"}],"wp:attachment":[{"href":"https:\/\/sinprofaz.org.br\/2024\/wp-json\/wp\/v2\/media?parent=653"}],"wp:term":[{"taxonomy":"category","embeddable":true,"href":"https:\/\/sinprofaz.org.br\/2024\/wp-json\/wp\/v2\/categories?post=653"},{"taxonomy":"post_tag","embeddable":true,"href":"https:\/\/sinprofaz.org.br\/2024\/wp-json\/wp\/v2\/tags?post=653"}],"curies":[{"name":"wp","href":"https:\/\/api.w.org\/{rel}","templated":true}]}}