{"id":6515,"date":"2017-03-03T11:25:24","date_gmt":"2017-03-03T11:25:24","guid":{"rendered":"http:\/\/www.sinprofaz.org.br\/?p=6515"},"modified":"2017-03-06T15:14:58","modified_gmt":"2017-03-06T15:14:58","slug":"sinprofaz-debate-pleitos-juridicos-em-reuniao-no-escritorio-mendes-plutarco","status":"publish","type":"post","link":"https:\/\/sinprofaz.org.br\/2024\/noticias\/sinprofaz-debate-pleitos-juridicos-em-reuniao-no-escritorio-mendes-plutarco\/","title":{"rendered":"SINPROFAZ DEBATE PLEITOS JUR\u00cdDICOS EM REUNI\u00c3O NO ESCRIT\u00d3RIO MENDES PLUTARCO"},"content":{"rendered":"<p>Atender com presteza, responsabilidade e zelo \u00e0s demandas dos filiados \u00e9 prioridade do SINPROFAZ. Na quinta-feira, 23 de fevereiro, o Sindicato, representado pelo diretor-jur\u00eddico Roberto Rodrigues, reuniu-se com Hugo Plutarco e demais membros da equipe da Mendes Plutarco, sociedade de advogados que patrocina a maioria das a\u00e7\u00f5es de interesse do SINPROFAZ.<\/p>\n<p>Durante o encontro, foram debatidas medidas estrat\u00e9gicas para conferir ainda melhores resultados \u00e0s a\u00e7\u00f5es do Sindicato, notadamente quanto \u00e0s execu\u00e7\u00f5es de 28,86%, aos processos de f\u00e9rias de 60 dias, \u00e0s execu\u00e7\u00f5es de 3,17% assumidas pelo mencionado escrit\u00f3rio e quanto \u00e0 pronta execu\u00e7\u00e3o da a\u00e7\u00e3o do aux\u00edlio-creche transitada em julgado em janeiro deste ano.<\/p>\n<p>Roberto Rodrigues enfatizou o compromisso da Diretoria do SINPROFAZ com seus filiados em solucionar de forma c\u00e9lere e exitosa as a\u00e7\u00f5es do Sindicato, oportunidade em que testemunhou o engajamento de toda a equipe da Mendes Plutarco com a celeridade e o \u00eaxito nas a\u00e7\u00f5es.<\/p>\n<p>Discutiu-se ainda medidas para o constante aprimoramento da comunica\u00e7\u00e3o entre o filiado e a equipe jur\u00eddica do SINPROFAZ. Como \u00e9 de conhecimento, os questionamentos dos filiados acerca dos processos judiciais s\u00e3o respondidos por meio do correio eletr\u00f4nico <a href=\"mailto:falecomjuridico@sinprofaz.org.br\">falecomjuridico@sinprofaz.org.br<\/a>, canal estabelecido para facilitar a comunica\u00e7\u00e3o entre o Sindicato e os filiados, bem como possibilitar esclarecimentos individualizados. As d\u00favidas s\u00e3o encaminhadas ao escrit\u00f3rio respons\u00e1vel pela a\u00e7\u00e3o e as respostas posteriormente encaminhadas ao filiado. No ano de 2016, as quest\u00f5es mais demandadas pelos Colegas disseram respeito \u00e0s execu\u00e7\u00f5es de 28,86% e de 3,17%, al\u00e9m dos processos que versam sobre o direito aos 60 dias de f\u00e9rias, aux\u00edlio-creche (aux\u00edlio pr\u00e9-escolar) e contribui\u00e7\u00e3o previdenci\u00e1ria incidente sobre o 1\/3 de f\u00e9rias.<\/p>\n<p>O SINPROFAZ aproveita para lembrar que o relat\u00f3rio completo das a\u00e7\u00f5es patrocinadas pelos escrit\u00f3rios contratados pelo Sindicato, com os respectivos andamentos processuais, est\u00e1 dispon\u00edvel para acesso na \u00e1rea restrita do portal do SINPROFAZ. Especificamente para as a\u00e7\u00f5es de conhecimento patrocinadas pela Mendes Plutarco, o escrit\u00f3rio disponibiliza um aplicativo para celular (dispon\u00edvel nas lojas App Store e Google Play), por meio do qual pode ser consultado o inteiro teor de todos os processos, o relat\u00f3rio individual de cada processo, bem como link para a p\u00e1gina do processo no respectivo tribunal.<\/p>\n<p>De toda sorte, caso a consulta aos relat\u00f3rios e ao aplicativo n\u00e3o seja suficiente para sanar a d\u00favida, o Colega n\u00e3o deve hesitar em contatar o Sindicato por meio do canal <a href=\"mailto:falecomjuridico@sinprofaz.org.br\">falecomjuridico@sinprofaz.org.br<\/a>. O SINPROFAZ est\u00e1 sempre buscando o aprimoramento dos canais de comunica\u00e7\u00e3o com seus filiados, de forma a melhor atend\u00ea-los. Assim, quaisquer d\u00favidas, reclama\u00e7\u00f5es, elogios e sugest\u00f5es poder\u00e3o ser enviados tamb\u00e9m para o <a href=\"mailto:falecomjuridico@sinprofaz.org.br\">falecomjuridico@sinprofaz.org.br<\/a>.<\/p>\n\n\t\t<style type=\"text\/css\">\n\t\t\t#gallery-1 {\n\t\t\t\tmargin: auto;\n\t\t\t}\n\t\t\t#gallery-1 .gallery-item {\n\t\t\t\tfloat: left;\n\t\t\t\tmargin-top: 10px;\n\t\t\t\ttext-align: center;\n\t\t\t\twidth: 33%;\n\t\t\t}\n\t\t\t#gallery-1 img {\n\t\t\t\tborder: 2px solid #cfcfcf;\n\t\t\t}\n\t\t\t#gallery-1 .gallery-caption {\n\t\t\t\tmargin-left: 0;\n\t\t\t}\n\t\t\t\/* see gallery_shortcode() in wp-includes\/media.php *\/\n\t\t<\/style>\n\t\t<div id='gallery-1' class='gallery galleryid-6515 gallery-columns-3 gallery-size-thumbnail'><dl class='gallery-item'>\n\t\t\t<dt class='gallery-icon landscape'>\n\t\t\t\t<a href='https:\/\/sinprofaz.org.br\/2024\/wp-content\/uploads\/2017\/03\/02.jpg'><img loading=\"lazy\" decoding=\"async\" width=\"150\" height=\"150\" src=\"https:\/\/sinprofaz.org.br\/2024\/wp-content\/uploads\/2017\/03\/02-150x150.jpg\" class=\"attachment-thumbnail size-thumbnail\" alt=\"\" \/><\/a>\n\t\t\t<\/dt><\/dl>\n\t\t\t<br style='clear: both' \/>\n\t\t<\/div>\n\n","protected":false},"excerpt":{"rendered":"<p>Atender com presteza, responsabilidade e zelo \u00e0s demandas dos filiados \u00e9 prioridade do SINPROFAZ. Em 23 de fevereiro, o diretor-jur\u00eddico Roberto Rodrigues reuniu-se com Hugo Plutarco e demais membros da equipe da Mendes Plutarco.<\/p>\n","protected":false},"author":2,"featured_media":6516,"comment_status":"open","ping_status":"open","sticky":false,"template":"","format":"standard","meta":{"footnotes":""},"categories":[8],"tags":[26,25],"featured_image_url":"https:\/\/sinprofaz.org.br\/2024\/wp-content\/uploads\/2017\/03\/01-800x198.jpg","character_count":1654,"formatted_date":"03\/03\/2017 - 11:25","contentNovo":"<p>Atender com presteza, responsabilidade e zelo \u00e0s demandas dos filiados \u00e9 prioridade do SINPROFAZ. Na quinta-feira, 23 de fevereiro, o Sindicato, representado pelo diretor-jur\u00eddico Roberto Rodrigues, reuniu-se com Hugo Plutarco e demais membros da equipe da Mendes Plutarco, sociedade de advogados que patrocina a maioria das a\u00e7\u00f5es de interesse do SINPROFAZ.<\/p><p>Durante o encontro, foram debatidas medidas estrat\u00e9gicas para conferir ainda melhores resultados \u00e0s a\u00e7\u00f5es do Sindicato, notadamente quanto \u00e0s execu\u00e7\u00f5es de 28,86%, aos processos de f\u00e9rias de 60 dias, \u00e0s execu\u00e7\u00f5es de 3,17% assumidas pelo mencionado escrit\u00f3rio e quanto \u00e0 pronta execu\u00e7\u00e3o da a\u00e7\u00e3o do aux\u00edlio-creche transitada em julgado em janeiro deste ano.<\/p><p>Roberto Rodrigues enfatizou o compromisso da Diretoria do SINPROFAZ com seus filiados em solucionar de forma c\u00e9lere e exitosa as a\u00e7\u00f5es do Sindicato, oportunidade em que testemunhou o engajamento de toda a equipe da Mendes Plutarco com a celeridade e o \u00eaxito nas a\u00e7\u00f5es.<\/p><p>Discutiu-se ainda medidas para o constante aprimoramento da comunica\u00e7\u00e3o entre o filiado e a equipe jur\u00eddica do SINPROFAZ. Como \u00e9 de conhecimento, os questionamentos dos filiados acerca dos processos judiciais s\u00e3o respondidos por meio do correio eletr\u00f4nico <a href=\"mailto:falecomjuridico@sinprofaz.org.br\">falecomjuridico@sinprofaz.org.br<\/a>, canal estabelecido para facilitar a comunica\u00e7\u00e3o entre o Sindicato e os filiados, bem como possibilitar esclarecimentos individualizados. As d\u00favidas s\u00e3o encaminhadas ao escrit\u00f3rio respons\u00e1vel pela a\u00e7\u00e3o e as respostas posteriormente encaminhadas ao filiado. No ano de 2016, as quest\u00f5es mais demandadas pelos Colegas disseram respeito \u00e0s execu\u00e7\u00f5es de 28,86% e de 3,17%, al\u00e9m dos processos que versam sobre o direito aos 60 dias de f\u00e9rias, aux\u00edlio-creche (aux\u00edlio pr\u00e9-escolar) e contribui\u00e7\u00e3o previdenci\u00e1ria incidente sobre o 1\/3 de f\u00e9rias.<\/p><p>O SINPROFAZ aproveita para lembrar que o relat\u00f3rio completo das a\u00e7\u00f5es patrocinadas pelos escrit\u00f3rios contratados pelo Sindicato, com os respectivos andamentos processuais, est\u00e1 dispon\u00edvel para acesso na \u00e1rea restrita do portal do SINPROFAZ. Especificamente para as a\u00e7\u00f5es de conhecimento patrocinadas pela Mendes Plutarco, o escrit\u00f3rio disponibiliza um aplicativo para celular (dispon\u00edvel nas lojas App Store e Google Play), por meio do qual pode ser consultado o inteiro teor de todos os processos, o relat\u00f3rio individual de cada processo, bem como link para a p\u00e1gina do processo no respectivo tribunal.<\/p><p>De toda sorte, caso a consulta aos relat\u00f3rios e ao aplicativo n\u00e3o seja suficiente para sanar a d\u00favida, o Colega n\u00e3o deve hesitar em contatar o Sindicato por meio do canal <a href=\"mailto:falecomjuridico@sinprofaz.org.br\">falecomjuridico@sinprofaz.org.br<\/a>. O SINPROFAZ est\u00e1 sempre buscando o aprimoramento dos canais de comunica\u00e7\u00e3o com seus filiados, de forma a melhor atend\u00ea-los. Assim, quaisquer d\u00favidas, reclama\u00e7\u00f5es, elogios e sugest\u00f5es poder\u00e3o ser enviados tamb\u00e9m para o <a href=\"mailto:falecomjuridico@sinprofaz.org.br\">falecomjuridico@sinprofaz.org.br<\/a>.<\/p>\r\n[gallery link=\"file\" ids=\"6517\"]","_links":{"self":[{"href":"https:\/\/sinprofaz.org.br\/2024\/wp-json\/wp\/v2\/posts\/6515"}],"collection":[{"href":"https:\/\/sinprofaz.org.br\/2024\/wp-json\/wp\/v2\/posts"}],"about":[{"href":"https:\/\/sinprofaz.org.br\/2024\/wp-json\/wp\/v2\/types\/post"}],"author":[{"embeddable":true,"href":"https:\/\/sinprofaz.org.br\/2024\/wp-json\/wp\/v2\/users\/2"}],"replies":[{"embeddable":true,"href":"https:\/\/sinprofaz.org.br\/2024\/wp-json\/wp\/v2\/comments?post=6515"}],"version-history":[{"count":1,"href":"https:\/\/sinprofaz.org.br\/2024\/wp-json\/wp\/v2\/posts\/6515\/revisions"}],"predecessor-version":[{"id":6518,"href":"https:\/\/sinprofaz.org.br\/2024\/wp-json\/wp\/v2\/posts\/6515\/revisions\/6518"}],"wp:featuredmedia":[{"embeddable":true,"href":"https:\/\/sinprofaz.org.br\/2024\/wp-json\/wp\/v2\/media\/6516"}],"wp:attachment":[{"href":"https:\/\/sinprofaz.org.br\/2024\/wp-json\/wp\/v2\/media?parent=6515"}],"wp:term":[{"taxonomy":"category","embeddable":true,"href":"https:\/\/sinprofaz.org.br\/2024\/wp-json\/wp\/v2\/categories?post=6515"},{"taxonomy":"post_tag","embeddable":true,"href":"https:\/\/sinprofaz.org.br\/2024\/wp-json\/wp\/v2\/tags?post=6515"}],"curies":[{"name":"wp","href":"https:\/\/api.w.org\/{rel}","templated":true}]}}