{"id":6511,"date":"2017-03-02T19:26:48","date_gmt":"2017-03-02T19:26:48","guid":{"rendered":"http:\/\/www.sinprofaz.org.br\/?p=6511"},"modified":"2017-03-03T18:05:25","modified_gmt":"2017-03-03T18:05:25","slug":"diretor-do-sinprofaz-e-designado-para-compor-comissao-do-conselho-federal-da-oab","status":"publish","type":"post","link":"https:\/\/sinprofaz.org.br\/2024\/noticias\/diretor-do-sinprofaz-e-designado-para-compor-comissao-do-conselho-federal-da-oab\/","title":{"rendered":"DIRETOR DO SINPROFAZ \u00c9 DESIGNADO PARA COMPOR COMISS\u00c3O DO CONSELHO FEDERAL DA OAB"},"content":{"rendered":"<p>O diretor-jur\u00eddico do SINPROFAZ, Roberto Rodrigues, foi designado para exercer o cargo de Membro Consultor da Comiss\u00e3o Nacional de Advocacia P\u00fablica do Conselho Federal da Ordem dos Advogados do Brasil (CFOAB). A designa\u00e7\u00e3o, feita pelo presidente nacional da OAB, Claudio Lamachia, foi regulamentada pela Portaria n. 040\/2017, <a href=\"\/pdfs\/portaria-n-040-2017.pdf\" target=\"_blank\">que pode ser acessada aqui<\/a>.<\/p>\n<p>A partir de profundos debates sobre temas de interesse dos advogados p\u00fablicos, a Comiss\u00e3o Nacional de Advocacia P\u00fablica objetiva fixar, no \u00e2mbito da OAB, diretrizes que reverberem no maior respeito \u00e0 carreira, tanto do ponto de vista da atua\u00e7\u00e3o profissional, quanto da estrutura disponibilizada aos seus membros. Como mais novo integrante do comit\u00ea, Roberto Rodrigues assume a responsabilidade de contribuir com sugest\u00f5es e delibera\u00e7\u00f5es que repercutam no amplo exerc\u00edcio profissional dos advogados p\u00fablicos, em especial, dos procuradores da Fazenda Nacional.<\/p>\n","protected":false},"excerpt":{"rendered":"<p>O diretor-jur\u00eddico do SINPROFAZ, Roberto Rodrigues, foi designado para o cargo de Membro Consultor da Comiss\u00e3o Nacional de Advocacia P\u00fablica do Conselho Federal da OAB. A designa\u00e7\u00e3o foi feita pelo presidente da OAB, Claudio Lamachia.<\/p>\n","protected":false},"author":2,"featured_media":6512,"comment_status":"open","ping_status":"open","sticky":false,"template":"","format":"standard","meta":{"footnotes":""},"categories":[8],"tags":[32,22,25],"featured_image_url":"https:\/\/sinprofaz.org.br\/2024\/wp-content\/uploads\/2017\/03\/OAB-800x198.jpg","character_count":466,"formatted_date":"02\/03\/2017 - 19:26","contentNovo":"<p>O diretor-jur\u00eddico do SINPROFAZ, Roberto Rodrigues, foi designado para exercer o cargo de Membro Consultor da Comiss\u00e3o Nacional de Advocacia P\u00fablica do Conselho Federal da Ordem dos Advogados do Brasil (CFOAB). A designa\u00e7\u00e3o, feita pelo presidente nacional da OAB, Claudio Lamachia, foi regulamentada pela Portaria n. 040\/2017, <a href=\"\/pdfs\/portaria-n-040-2017.pdf\" target=\"_blank\">que pode ser acessada aqui<\/a>.<\/p><p>A partir de profundos debates sobre temas de interesse dos advogados p\u00fablicos, a Comiss\u00e3o Nacional de Advocacia P\u00fablica objetiva fixar, no \u00e2mbito da OAB, diretrizes que reverberem no maior respeito \u00e0 carreira, tanto do ponto de vista da atua\u00e7\u00e3o profissional, quanto da estrutura disponibilizada aos seus membros. Como mais novo integrante do comit\u00ea, Roberto Rodrigues assume a responsabilidade de contribuir com sugest\u00f5es e delibera\u00e7\u00f5es que repercutam no amplo exerc\u00edcio profissional dos advogados p\u00fablicos, em especial, dos procuradores da Fazenda Nacional.<\/p>\r\n","_links":{"self":[{"href":"https:\/\/sinprofaz.org.br\/2024\/wp-json\/wp\/v2\/posts\/6511"}],"collection":[{"href":"https:\/\/sinprofaz.org.br\/2024\/wp-json\/wp\/v2\/posts"}],"about":[{"href":"https:\/\/sinprofaz.org.br\/2024\/wp-json\/wp\/v2\/types\/post"}],"author":[{"embeddable":true,"href":"https:\/\/sinprofaz.org.br\/2024\/wp-json\/wp\/v2\/users\/2"}],"replies":[{"embeddable":true,"href":"https:\/\/sinprofaz.org.br\/2024\/wp-json\/wp\/v2\/comments?post=6511"}],"version-history":[{"count":2,"href":"https:\/\/sinprofaz.org.br\/2024\/wp-json\/wp\/v2\/posts\/6511\/revisions"}],"predecessor-version":[{"id":6514,"href":"https:\/\/sinprofaz.org.br\/2024\/wp-json\/wp\/v2\/posts\/6511\/revisions\/6514"}],"wp:featuredmedia":[{"embeddable":true,"href":"https:\/\/sinprofaz.org.br\/2024\/wp-json\/wp\/v2\/media\/6512"}],"wp:attachment":[{"href":"https:\/\/sinprofaz.org.br\/2024\/wp-json\/wp\/v2\/media?parent=6511"}],"wp:term":[{"taxonomy":"category","embeddable":true,"href":"https:\/\/sinprofaz.org.br\/2024\/wp-json\/wp\/v2\/categories?post=6511"},{"taxonomy":"post_tag","embeddable":true,"href":"https:\/\/sinprofaz.org.br\/2024\/wp-json\/wp\/v2\/tags?post=6511"}],"curies":[{"name":"wp","href":"https:\/\/api.w.org\/{rel}","templated":true}]}}