{"id":6403,"date":"2017-01-23T11:11:55","date_gmt":"2017-01-23T11:11:55","guid":{"rendered":"http:\/\/www.sinprofaz.org.br\/?p=6403"},"modified":"2017-01-25T10:42:17","modified_gmt":"2017-01-25T10:42:17","slug":"para-diretor-do-sinprofaz-conquista-de-prerrogativas-foi-destaque-em-2016","status":"publish","type":"post","link":"https:\/\/sinprofaz.org.br\/2024\/noticias\/para-diretor-do-sinprofaz-conquista-de-prerrogativas-foi-destaque-em-2016\/","title":{"rendered":"PARA DIRETOR DO SINPROFAZ, CONQUISTA DE PRERROGATIVAS FOI DESTAQUE EM 2016"},"content":{"rendered":"<p>O diretor do SINPROFAZ Giuliano Menezes, em entrevista concedida durante o XVI Encontro Nacional dos Procuradores da Fazenda Nacional, relembrou a import\u00e2ncia da conquista, no ano de 2016, de prerrogativas fundamentais \u00e0 valoriza\u00e7\u00e3o da Carreira. O diretor ressaltou ainda o comprometimento dos PFNs em exercerem a Advocacia de Estado em detrimento da Advocacia de governo.<\/p>\n<p>&#8220;Temos, acima de tudo, compromisso com o interesse p\u00fablico. Nossa fun\u00e7\u00e3o \u00e9 defender a Uni\u00e3o em quest\u00f5es tribut\u00e1rias e fazer a cobran\u00e7a do cr\u00e9dito tribut\u00e1rio, essencial neste momento em que o pa\u00eds passa por graves crises econ\u00f4mica e fiscal. A PGFN tem papel fundamental nesse processo de consolida\u00e7\u00e3o da Advocacia P\u00fablica Federal.&#8221;<\/p>\n<p>Assista \u00e0 entrevista completa:<\/p>\n<p><iframe loading=\"lazy\" src=\"http:\/\/www.youtube.com\/embed\/kahS_3p9SPg?autohide=2&amp;autoplay=0&amp;controls=0&amp;disablekb=0&amp;fs=0&amp;hd=0&amp;loop=0&amp;rel=0&amp;showinfo=0&amp;showsearch=0&amp;wmode=transparent&amp;enablejsapi=1\" width=\"218\" height=\"157\"><\/iframe><\/p>\n","protected":false},"excerpt":{"rendered":"<p>O diretor Giuliano Menezes, em entrevista concedida durante o XVI Encontro do SINPROFAZ, relembrou a import\u00e2ncia da conquista, em 2016, de prerrogativas fundamentais \u00e0 valoriza\u00e7\u00e3o da Carreira.<\/p>\n","protected":false},"author":2,"featured_media":6404,"comment_status":"open","ping_status":"open","sticky":false,"template":"","format":"standard","meta":{"footnotes":""},"categories":[8],"tags":[32,62,25],"featured_image_url":"https:\/\/sinprofaz.org.br\/2024\/wp-content\/uploads\/2017\/01\/016-800x198.jpg","character_count":384,"formatted_date":"23\/01\/2017 - 11:11","contentNovo":"<p>O diretor do SINPROFAZ Giuliano Menezes, em entrevista concedida durante o XVI Encontro Nacional dos Procuradores da Fazenda Nacional, relembrou a import\u00e2ncia da conquista, no ano de 2016, de prerrogativas fundamentais \u00e0 valoriza\u00e7\u00e3o da Carreira. O diretor ressaltou ainda o comprometimento dos PFNs em exercerem a Advocacia de Estado em detrimento da Advocacia de governo.<\/p><p>\"Temos, acima de tudo, compromisso com o interesse p\u00fablico. Nossa fun\u00e7\u00e3o \u00e9 defender a Uni\u00e3o em quest\u00f5es tribut\u00e1rias e fazer a cobran\u00e7a do cr\u00e9dito tribut\u00e1rio, essencial neste momento em que o pa\u00eds passa por graves crises econ\u00f4mica e fiscal. A PGFN tem papel fundamental nesse processo de consolida\u00e7\u00e3o da Advocacia P\u00fablica Federal.\"<\/p><p>Assista \u00e0 entrevista completa:<\/p><p>\r\n<\/p>","_links":{"self":[{"href":"https:\/\/sinprofaz.org.br\/2024\/wp-json\/wp\/v2\/posts\/6403"}],"collection":[{"href":"https:\/\/sinprofaz.org.br\/2024\/wp-json\/wp\/v2\/posts"}],"about":[{"href":"https:\/\/sinprofaz.org.br\/2024\/wp-json\/wp\/v2\/types\/post"}],"author":[{"embeddable":true,"href":"https:\/\/sinprofaz.org.br\/2024\/wp-json\/wp\/v2\/users\/2"}],"replies":[{"embeddable":true,"href":"https:\/\/sinprofaz.org.br\/2024\/wp-json\/wp\/v2\/comments?post=6403"}],"version-history":[{"count":2,"href":"https:\/\/sinprofaz.org.br\/2024\/wp-json\/wp\/v2\/posts\/6403\/revisions"}],"predecessor-version":[{"id":6408,"href":"https:\/\/sinprofaz.org.br\/2024\/wp-json\/wp\/v2\/posts\/6403\/revisions\/6408"}],"wp:featuredmedia":[{"embeddable":true,"href":"https:\/\/sinprofaz.org.br\/2024\/wp-json\/wp\/v2\/media\/6404"}],"wp:attachment":[{"href":"https:\/\/sinprofaz.org.br\/2024\/wp-json\/wp\/v2\/media?parent=6403"}],"wp:term":[{"taxonomy":"category","embeddable":true,"href":"https:\/\/sinprofaz.org.br\/2024\/wp-json\/wp\/v2\/categories?post=6403"},{"taxonomy":"post_tag","embeddable":true,"href":"https:\/\/sinprofaz.org.br\/2024\/wp-json\/wp\/v2\/tags?post=6403"}],"curies":[{"name":"wp","href":"https:\/\/api.w.org\/{rel}","templated":true}]}}