{"id":640,"date":"2012-03-14T20:06:21","date_gmt":"2012-03-14T20:06:21","guid":{"rendered":""},"modified":"-0001-11-30T00:00:00","modified_gmt":"-0001-11-30T03:00:00","slug":"sinprofaz-convoca-filiados-para-ago-em-31-de-marco","status":"publish","type":"post","link":"https:\/\/sinprofaz.org.br\/2024\/noticias\/sinprofaz-convoca-filiados-para-ago-em-31-de-marco\/","title":{"rendered":"SINPROFAZ convoca filiados para AGO em 31 de mar\u00e7o"},"content":{"rendered":"<p>Na \u00e1rea restrita do site, o filiado tem acesso a toda a documenta\u00e7\u00e3o pertinente \u00e0 Assembleia: convoca\u00e7\u00e3o, pauta, modelo de procura\u00e7\u00e3o eletr\u00f4nica e tamb\u00e9m para impress\u00e3o.<\/p>\n<p>O SINPROFAZ lembra aos filiados que a altera\u00e7\u00e3o do Estatuto, mesmo em car\u00e1ter parcial, necessita de qu\u00f3rum qualificado para delibera\u00e7\u00e3o.<\/p>\n<p>PFNs podem optar pela vota\u00e7\u00e3o por meio de procura\u00e7\u00e3o eletr\u00f4nica ou impressa, mas o Sindicato espera contar com a participa\u00e7\u00e3o presencial do maior n\u00famero poss\u00edvel de filiados.<\/p>\n<h3>Reforma do Estatuto<\/h3>\n<p>O SINPROFAZ reitera que a reforma proposta \u00e9 fundamental para a adequa\u00e7\u00e3o do Estatuto frente \u00e0 evolu\u00e7\u00e3o das tecnologias da informa\u00e7\u00e3o e da comunica\u00e7\u00e3o. Por isso, coloca em destaque tr\u00eas itens essenciais na pauta da AGO:<\/p>\n<ol>\n<li>possibilidade de convoca\u00e7\u00f5es, intima\u00e7\u00f5es e notifica\u00e7\u00f5es dos filiados por meios eletr\u00f4nicos (e-mail);<\/li>\n<li>possibilidade de delibera\u00e7\u00f5es da categoria por meios eletr\u00f4nicos (vota\u00e7\u00f5es virtuais);<\/li>\n<li>trabalhar, em termos definitivos, uma reforma estatut\u00e1ria completa (atualiza\u00e7\u00e3o integral do texto do estatuto).<\/li>\n<\/ol>\n<h3>Procura\u00e7\u00e3o eletr\u00f4nica<\/h3>\n<p>Para utilizar este recurso, <a title=\"Login SINPROFAZ\" href=\"index.php?option=com_user&amp;view=login&amp;return=aHR0cDovL3d3dy5zaW5wcm9mYXoub3JnLmJyL3MvZmlsaWFkb3MvbWV1LWVzcGFjbw==\" target=\"_self\">clique aqui<\/a> e fa\u00e7a o login com sua matr\u00edcula e senha.<\/p>\n<h3>Procura\u00e7\u00e3o impressa<\/h3>\n<p><a title=\"Procura\u00e7\u00e3o AGO 2012\" href=\"images\/stories\/meu_espaco\/ago2012\/procuracao-ago-2012.pdf\" target=\"_blank\">Clique para baixar o arquivo PDF<\/a>, imprima e preencha os dados solicitados. Assine e envie para o fax (61) 3964-1218 \/ 1215 \/ 1220 ou para o endere\u00e7o: SCN Qd. 06 Conjunto A &#8211; Edif\u00edcio Ven\u00e2ncio 3000 Sala 404 Bras\u00edlia-DF, CEP: 70716-900.<\/p>\n","protected":false},"excerpt":{"rendered":"<p>A Assembleia Geral Ordin\u00e1ria ter\u00e1 in\u00edcio \u00e0s 9h30 no Hotel Nobile Suites, situado no Setor Hoteleiro Norte em Bras\u00edlia. A pauta priorit\u00e1ria ser\u00e1 a reforma parcial do Estatuto.<\/p>\n","protected":false},"author":1,"featured_media":0,"comment_status":"closed","ping_status":"open","sticky":false,"template":"","format":"standard","meta":{"footnotes":""},"categories":[8],"tags":[],"featured_image_url":"https:\/\/dummyimage.com\/720x400","character_count":726,"formatted_date":"14\/03\/2012 - 20:06","contentNovo":"\r\n<p>Na \u00e1rea restrita do site, o filiado tem acesso a toda a documenta\u00e7\u00e3o pertinente \u00e0 Assembleia: convoca\u00e7\u00e3o, pauta, modelo de procura\u00e7\u00e3o eletr\u00f4nica e tamb\u00e9m para impress\u00e3o.<\/p>\r\n<p>O SINPROFAZ lembra aos filiados que a altera\u00e7\u00e3o do Estatuto, mesmo em car\u00e1ter parcial, necessita de qu\u00f3rum qualificado para delibera\u00e7\u00e3o.<\/p>\r\n<p>PFNs podem optar pela vota\u00e7\u00e3o por meio de procura\u00e7\u00e3o eletr\u00f4nica ou impressa, mas o Sindicato espera contar com a participa\u00e7\u00e3o presencial do maior n\u00famero poss\u00edvel de filiados.<\/p>\r\nReforma do Estatuto\r\n<p>O SINPROFAZ reitera que a reforma proposta \u00e9 fundamental para a adequa\u00e7\u00e3o do Estatuto frente \u00e0 evolu\u00e7\u00e3o das tecnologias da informa\u00e7\u00e3o e da comunica\u00e7\u00e3o. Por isso, coloca em destaque tr\u00eas itens essenciais na pauta da AGO:<\/p>\r\n\r\npossibilidade de convoca\u00e7\u00f5es, intima\u00e7\u00f5es e notifica\u00e7\u00f5es dos filiados por meios eletr\u00f4nicos (e-mail);\r\npossibilidade de delibera\u00e7\u00f5es da categoria por meios eletr\u00f4nicos (vota\u00e7\u00f5es virtuais);\r\ntrabalhar, em termos definitivos, uma reforma estatut\u00e1ria completa (atualiza\u00e7\u00e3o integral do texto do estatuto).\r\n\r\nProcura\u00e7\u00e3o eletr\u00f4nica\r\n<p>Para utilizar este recurso, <a title=\"Login SINPROFAZ\" href=\"index.php?option=com_user&amp;view=login&amp;return=aHR0cDovL3d3dy5zaW5wcm9mYXoub3JnLmJyL3MvZmlsaWFkb3MvbWV1LWVzcGFjbw==\" target=\"_self\">clique aqui<\/a> e fa\u00e7a o login com sua matr\u00edcula e senha.<\/p>\r\nProcura\u00e7\u00e3o impressa\r\n<p><a title=\"Procura\u00e7\u00e3o AGO 2012\" href=\"images\/stories\/meu_espaco\/ago2012\/procuracao-ago-2012.pdf\" target=\"_blank\">Clique para baixar o arquivo PDF<\/a>, imprima e preencha os dados solicitados. Assine e envie para o fax (61) 3964-1218 \/ 1215 \/ 1220 ou para o endere\u00e7o: SCN Qd. 06 Conjunto A - Edif\u00edcio Ven\u00e2ncio 3000 Sala 404 Bras\u00edlia-DF, CEP: 70716-900.<\/p>","_links":{"self":[{"href":"https:\/\/sinprofaz.org.br\/2024\/wp-json\/wp\/v2\/posts\/640"}],"collection":[{"href":"https:\/\/sinprofaz.org.br\/2024\/wp-json\/wp\/v2\/posts"}],"about":[{"href":"https:\/\/sinprofaz.org.br\/2024\/wp-json\/wp\/v2\/types\/post"}],"author":[{"embeddable":true,"href":"https:\/\/sinprofaz.org.br\/2024\/wp-json\/wp\/v2\/users\/1"}],"replies":[{"embeddable":true,"href":"https:\/\/sinprofaz.org.br\/2024\/wp-json\/wp\/v2\/comments?post=640"}],"version-history":[{"count":0,"href":"https:\/\/sinprofaz.org.br\/2024\/wp-json\/wp\/v2\/posts\/640\/revisions"}],"wp:attachment":[{"href":"https:\/\/sinprofaz.org.br\/2024\/wp-json\/wp\/v2\/media?parent=640"}],"wp:term":[{"taxonomy":"category","embeddable":true,"href":"https:\/\/sinprofaz.org.br\/2024\/wp-json\/wp\/v2\/categories?post=640"},{"taxonomy":"post_tag","embeddable":true,"href":"https:\/\/sinprofaz.org.br\/2024\/wp-json\/wp\/v2\/tags?post=640"}],"curies":[{"name":"wp","href":"https:\/\/api.w.org\/{rel}","templated":true}]}}