{"id":638,"date":"2012-03-14T16:31:54","date_gmt":"2012-03-14T16:31:54","guid":{"rendered":""},"modified":"-0001-11-30T00:00:00","modified_gmt":"-0001-11-30T03:00:00","slug":"deputados-vao-debater-justica-fiscal-em-evento-do-sinprofaz","status":"publish","type":"post","link":"https:\/\/sinprofaz.org.br\/2024\/noticias\/deputados-vao-debater-justica-fiscal-em-evento-do-sinprofaz\/","title":{"rendered":"Deputados v\u00e3o debater Justi\u00e7a Fiscal em evento do SINPROFAZ"},"content":{"rendered":"<p>A reuni\u00e3o na C\u00e2mara dos Deputados ocorrer\u00e1 no plen\u00e1rio 14 do Anexo II, a partir das 9h30. Al\u00e9m de representantes do SINPROFAZ, idealizador da campanha, foram convidados para a audi\u00eancia dirigentes das entidades apoiadoras, autoridades do Executivo, deputados e senadores.<\/p>\n<p>Ap\u00f3s o ato na Casa Legislativa, acontecer\u00e1 a Marcha das Formigas nos arredores do Congresso Nacional.<\/p>\n<p>Como parte das a\u00e7\u00f5es em 2012, o SINPROFAZ divulga uma agenda priorit\u00e1ria no Congresso Nacional, listando as proposi\u00e7\u00f5es legislativas que t\u00eam rela\u00e7\u00e3o direta com a tem\u00e1tica da campanha.<\/p>\n<p>A agenda legislativa \u00e9 mais um instrumento para compreens\u00e3o e aproxima\u00e7\u00e3o do cidad\u00e3o-contribuinte ao tema, fomentando alternativas para alcance de justi\u00e7a fiscal. Nesse sentido, foram elencadas algumas das mais importantes proposi\u00e7\u00f5es em tramita\u00e7\u00e3o no Congresso Nacional versando sobre os seguintes temas: Reforma Tribut\u00e1ria, Educa\u00e7\u00e3o Tribut\u00e1ria, Justi\u00e7a Fiscal, Tributa\u00e7\u00e3o Indireta, Descri\u00e7\u00e3o de Tributos e Combate \u00e0 Sonega\u00e7\u00e3o.<\/p>\n<p>Entre as proposi\u00e7\u00f5es, destacam-se: Projeto de Lei Complementar (PLP) 277\/08, que disp\u00f5e sobre Imposto sobre Grandes Fortunas (IGF), Projeto de Lei Complementar (PLP) 48\/11, que cria a Contribui\u00e7\u00e3o Social Sobre as Grandes Fortunas para financiar a sa\u00fade p\u00fablica, Projeto de Lei (PL) 3.154\/12, que reduz os tributos que incidem sobre a Cesta B\u00e1sica e a Proposta de Emenda \u00e0 Constitui\u00e7\u00e3o (PEC) 62\/07, que unifica a al\u00edquota do ICMS.<\/p>\n<h3>Agenda<\/h3>\n<p>Veja os outros eventos programados para a semana de 19 a 23 de mar\u00e7o:<\/p>\n<p><strong>19 e 20\/03<\/strong> \u2013 visitas a universidades<\/p>\n<p><strong>20\/03 \u00e0 tarde e 21\/03 pela manh\u00e3<\/strong> \u2013 encontros com lideran\u00e7as parlamentares<\/p>\n<p><strong>21\/03, \u00e0s 19h30<\/strong> \u2013 palestra e debates na OAB-DF<\/p>\n<p><strong>22\/03, de 9h30 \u00e0s 11h30<\/strong> \u2013 audi\u00eancia p\u00fablica na C\u00e2mara dos Deputados<\/p>\n<p><strong>22\/03, \u00e0s 12h<\/strong> &#8211; Marcha das Formigas nos arredores do Congresso Nacional<\/p>\n<p><strong>23\/03, \u00e0s 19h30<\/strong> \u2013 palestra e debates na UDF Centro Universit\u00e1rio<\/p>\n","protected":false},"excerpt":{"rendered":"<p>No dia 22 de mar\u00e7o, a C\u00e2mara dos Deputados abrigar\u00e1 principal evento de relan\u00e7amento da Campanha Nacional da Justi\u00e7a Fiscal \u2013 Quanto Custa o Brasil pra Voc\u00ea. Caro PFN, participe!<\/p>\n","protected":false},"author":1,"featured_media":0,"comment_status":"closed","ping_status":"open","sticky":false,"template":"","format":"standard","meta":{"footnotes":""},"categories":[8],"tags":[],"featured_image_url":"https:\/\/dummyimage.com\/720x400","character_count":968,"formatted_date":"14\/03\/2012 - 16:31","contentNovo":"\r\n<p>A reuni\u00e3o na C\u00e2mara dos Deputados ocorrer\u00e1 no plen\u00e1rio 14 do Anexo II, a partir das 9h30. Al\u00e9m de representantes do SINPROFAZ, idealizador da campanha, foram convidados para a audi\u00eancia dirigentes das entidades apoiadoras, autoridades do Executivo, deputados e senadores.<\/p>\r\n<p>Ap\u00f3s o ato na Casa Legislativa, acontecer\u00e1 a Marcha das Formigas nos arredores do Congresso Nacional.<\/p>\r\n<p>Como parte das a\u00e7\u00f5es em 2012, o SINPROFAZ divulga uma agenda priorit\u00e1ria no Congresso Nacional, listando as proposi\u00e7\u00f5es legislativas que t\u00eam rela\u00e7\u00e3o direta com a tem\u00e1tica da campanha.<\/p>\r\n<p>A agenda legislativa \u00e9 mais um instrumento para compreens\u00e3o e aproxima\u00e7\u00e3o do cidad\u00e3o-contribuinte ao tema, fomentando alternativas para alcance de justi\u00e7a fiscal. Nesse sentido, foram elencadas algumas das mais importantes proposi\u00e7\u00f5es em tramita\u00e7\u00e3o no Congresso Nacional versando sobre os seguintes temas: Reforma Tribut\u00e1ria, Educa\u00e7\u00e3o Tribut\u00e1ria, Justi\u00e7a Fiscal, Tributa\u00e7\u00e3o Indireta, Descri\u00e7\u00e3o de Tributos e Combate \u00e0 Sonega\u00e7\u00e3o.<\/p>\r\n<p>Entre as proposi\u00e7\u00f5es, destacam-se: Projeto de Lei Complementar (PLP) 277\/08, que disp\u00f5e sobre Imposto sobre Grandes Fortunas (IGF), Projeto de Lei Complementar (PLP) 48\/11, que cria a Contribui\u00e7\u00e3o Social Sobre as Grandes Fortunas para financiar a sa\u00fade p\u00fablica, Projeto de Lei (PL) 3.154\/12, que reduz os tributos que incidem sobre a Cesta B\u00e1sica e a Proposta de Emenda \u00e0 Constitui\u00e7\u00e3o (PEC) 62\/07, que unifica a al\u00edquota do ICMS.<\/p>\r\nAgenda\r\n<p>Veja os outros eventos programados para a semana de 19 a 23 de mar\u00e7o:<\/p>\r\n<p><strong>19 e 20\/03<\/strong> \u2013 visitas a universidades<\/p>\r\n<p><strong>20\/03 \u00e0 tarde e 21\/03 pela manh\u00e3<\/strong> \u2013 encontros com lideran\u00e7as parlamentares<\/p>\r\n<p><strong>21\/03, \u00e0s 19h30<\/strong> \u2013 palestra e debates na OAB-DF<\/p>\r\n<p><strong>22\/03, de 9h30 \u00e0s 11h30<\/strong> \u2013 audi\u00eancia p\u00fablica na C\u00e2mara dos Deputados<\/p>\r\n<p><strong>22\/03, \u00e0s 12h<\/strong> - Marcha das Formigas nos arredores do Congresso Nacional<\/p>\r\n<p><strong>23\/03, \u00e0s 19h30<\/strong> \u2013 palestra e debates na UDF Centro Universit\u00e1rio<\/p>","_links":{"self":[{"href":"https:\/\/sinprofaz.org.br\/2024\/wp-json\/wp\/v2\/posts\/638"}],"collection":[{"href":"https:\/\/sinprofaz.org.br\/2024\/wp-json\/wp\/v2\/posts"}],"about":[{"href":"https:\/\/sinprofaz.org.br\/2024\/wp-json\/wp\/v2\/types\/post"}],"author":[{"embeddable":true,"href":"https:\/\/sinprofaz.org.br\/2024\/wp-json\/wp\/v2\/users\/1"}],"replies":[{"embeddable":true,"href":"https:\/\/sinprofaz.org.br\/2024\/wp-json\/wp\/v2\/comments?post=638"}],"version-history":[{"count":0,"href":"https:\/\/sinprofaz.org.br\/2024\/wp-json\/wp\/v2\/posts\/638\/revisions"}],"wp:attachment":[{"href":"https:\/\/sinprofaz.org.br\/2024\/wp-json\/wp\/v2\/media?parent=638"}],"wp:term":[{"taxonomy":"category","embeddable":true,"href":"https:\/\/sinprofaz.org.br\/2024\/wp-json\/wp\/v2\/categories?post=638"},{"taxonomy":"post_tag","embeddable":true,"href":"https:\/\/sinprofaz.org.br\/2024\/wp-json\/wp\/v2\/tags?post=638"}],"curies":[{"name":"wp","href":"https:\/\/api.w.org\/{rel}","templated":true}]}}