{"id":6358,"date":"2017-01-04T17:56:46","date_gmt":"2017-01-04T17:56:46","guid":{"rendered":"http:\/\/www.sinprofaz.org.br\/?p=6358"},"modified":"2019-05-10T14:06:41","modified_gmt":"2019-05-10T17:06:41","slug":"presidente-do-sinprofaz-concede-entrevista-a-tv-band-04-01-2017","status":"publish","type":"post","link":"https:\/\/sinprofaz.org.br\/2024\/noticias\/presidente-do-sinprofaz-concede-entrevista-a-tv-band-04-01-2017\/","title":{"rendered":"PRESIDENTE DO SINPROFAZ CONCEDE ENTREVISTA \u00c0 TV BAND"},"content":{"rendered":"<p>Nessa ter\u00e7a-feira (3), o presidente do SINPROFAZ, Achilles Frias, concedeu entrevista \u00e0 TV Band. Trecho da conversa foi ao ar no Jornal da Band, cuja reportagem tratou da necessidade da reforma tribut\u00e1ria. De acordo com a mat\u00e9ria, o governo tem prometido empenho para votar a pauta no Congresso. A proposta, no entanto, ainda est\u00e1 em elabora\u00e7\u00e3o e ter\u00e1 como principal objetivo simplificar os impostos no pa\u00eds. A entrevista foi realizada na sede do SINPROFAZ, em Bras\u00edlia\/DF.<\/p>\n<p>\u00c0 equipe de reportagem, Achilles Frias falou sobre a injusta composi\u00e7\u00e3o da carga tribut\u00e1ria brasileira, que se diferencia da tributa\u00e7\u00e3o dos pa\u00edses desenvolvidos ao incidir mais sobre o consumo do que sobre a renda. &#8220;Costuma-se dizer que a carga tribut\u00e1ria no Brasil \u00e9 muito alta. Isso \u00e9 um mito. Ela \u00e9 compat\u00edvel com a dos pa\u00edses desenvolvidos, est\u00e1 na m\u00e9dia da carga tribut\u00e1ria dos pa\u00edses da Organiza\u00e7\u00e3o para a Coopera\u00e7\u00e3o e Desenvolvimento Econ\u00f4mico (OCDE). O que ocorre \u00e9 que a composi\u00e7\u00e3o dela \u00e9 injusta. Tributamos sobretudo o consumo, enquanto que, nos pa\u00edses desenvolvidos, a tributa\u00e7\u00e3o incide mais sobre a renda. O que precisamos \u00e9 mudar essa composi\u00e7\u00e3o, tributando verdadeiramente de forma progressiva a renda, regulamentando o imposto sobre grandes fortunas e exonerando a tributa\u00e7\u00e3o sobre o consumo&#8221;, explicou.<\/p>\n<p>O presidente do SINPROFAZ denunciou ainda o elevado custo social da sonega\u00e7\u00e3o e a forma como a alta tributa\u00e7\u00e3o responde pelo aumento da desigualdade social no pa\u00eds. &#8220;Sa\u00fade, educa\u00e7\u00e3o, seguran\u00e7a p\u00fablica. Isso tudo \u00e9 extremamente deficit\u00e1rio no Brasil. O trabalhador tem de pagar escola privada para os filhos, plano de sa\u00fade e ainda ter uma carga tribut\u00e1ria alt\u00edssima incidindo diretamente sobre seus rendimentos. O problema da sonega\u00e7\u00e3o, no entanto, est\u00e1 nos grandes sonegadores, n\u00e3o nos pequenos. Esses sim s\u00e3o extremante nocivos \u00e0 sociedade, na medida em que promovem a concorr\u00eancia desleal para os pequenos e micro empres\u00e1rios. Al\u00e9m do mais, o SINPROFAZ tem denunciado que a sonega\u00e7\u00e3o financia diretamente a corrup\u00e7\u00e3o.&#8221;<\/p>\n<p>Confira a participa\u00e7\u00e3o do presidente do SINPROFAZ no Jornal da Band: <a href=\"https:\/\/www.goo.gl\/o4SbPJ\" target=\"_blank\">goo.gl\/o4SbPJ<\/a><\/p>\n\n\t\t<style type=\"text\/css\">\n\t\t\t#gallery-1 {\n\t\t\t\tmargin: auto;\n\t\t\t}\n\t\t\t#gallery-1 .gallery-item {\n\t\t\t\tfloat: left;\n\t\t\t\tmargin-top: 10px;\n\t\t\t\ttext-align: center;\n\t\t\t\twidth: 33%;\n\t\t\t}\n\t\t\t#gallery-1 img {\n\t\t\t\tborder: 2px solid #cfcfcf;\n\t\t\t}\n\t\t\t#gallery-1 .gallery-caption {\n\t\t\t\tmargin-left: 0;\n\t\t\t}\n\t\t\t\/* see gallery_shortcode() in wp-includes\/media.php *\/\n\t\t<\/style>\n\t\t<div id='gallery-1' class='gallery galleryid-6358 gallery-columns-3 gallery-size-thumbnail'><dl class='gallery-item'>\n\t\t\t<dt class='gallery-icon landscape'>\n\t\t\t\t<a href='https:\/\/sinprofaz.org.br\/2024\/wp-content\/uploads\/2017\/01\/02.jpg'><img loading=\"lazy\" decoding=\"async\" width=\"150\" height=\"150\" src=\"https:\/\/sinprofaz.org.br\/2024\/wp-content\/uploads\/2017\/01\/02-150x150.jpg\" class=\"attachment-thumbnail size-thumbnail\" alt=\"\" \/><\/a>\n\t\t\t<\/dt><\/dl>\n\t\t\t<br style='clear: both' \/>\n\t\t<\/div>\n\n","protected":false},"excerpt":{"rendered":"<p>Nessa ter\u00e7a-feira (3), o presidente do SINPROFAZ, Achilles Frias, concedeu entrevista \u00e0 TV Band. Trecho da conversa foi ao ar no Jornal da Band, cuja reportagem tratou da necessidade da reforma tribut\u00e1ria no pa\u00eds. Confira!<\/p>\n","protected":false},"author":2,"featured_media":6359,"comment_status":"open","ping_status":"open","sticky":false,"template":"","format":"standard","meta":{"footnotes":""},"categories":[8],"tags":[45,25],"featured_image_url":"https:\/\/sinprofaz.org.br\/2024\/wp-content\/uploads\/2017\/01\/01-800x198.jpg","character_count":1277,"formatted_date":"04\/01\/2017 - 17:56","contentNovo":"<p>Nessa ter\u00e7a-feira (3), o presidente do SINPROFAZ, Achilles Frias, concedeu entrevista \u00e0 TV Band. Trecho da conversa foi ao ar no Jornal da Band, cuja reportagem tratou da necessidade da reforma tribut\u00e1ria. De acordo com a mat\u00e9ria, o governo tem prometido empenho para votar a pauta no Congresso. A proposta, no entanto, ainda est\u00e1 em elabora\u00e7\u00e3o e ter\u00e1 como principal objetivo simplificar os impostos no pa\u00eds. A entrevista foi realizada na sede do SINPROFAZ, em Bras\u00edlia\/DF.<\/p><p>\u00c0 equipe de reportagem, Achilles Frias falou sobre a injusta composi\u00e7\u00e3o da carga tribut\u00e1ria brasileira, que se diferencia da tributa\u00e7\u00e3o dos pa\u00edses desenvolvidos ao incidir mais sobre o consumo do que sobre a renda. \"Costuma-se dizer que a carga tribut\u00e1ria no Brasil \u00e9 muito alta. Isso \u00e9 um mito. Ela \u00e9 compat\u00edvel com a dos pa\u00edses desenvolvidos, est\u00e1 na m\u00e9dia da carga tribut\u00e1ria dos pa\u00edses da Organiza\u00e7\u00e3o para a Coopera\u00e7\u00e3o e Desenvolvimento Econ\u00f4mico (OCDE). O que ocorre \u00e9 que a composi\u00e7\u00e3o dela \u00e9 injusta. Tributamos sobretudo o consumo, enquanto que, nos pa\u00edses desenvolvidos, a tributa\u00e7\u00e3o incide mais sobre a renda. O que precisamos \u00e9 mudar essa composi\u00e7\u00e3o, tributando verdadeiramente de forma progressiva a renda, regulamentando o imposto sobre grandes fortunas e exonerando a tributa\u00e7\u00e3o sobre o consumo\", explicou.<\/p><p>O presidente do SINPROFAZ denunciou ainda o elevado custo social da sonega\u00e7\u00e3o e a forma como a alta tributa\u00e7\u00e3o responde pelo aumento da desigualdade social no pa\u00eds. \"Sa\u00fade, educa\u00e7\u00e3o, seguran\u00e7a p\u00fablica. Isso tudo \u00e9 extremamente deficit\u00e1rio no Brasil. O trabalhador tem de pagar escola privada para os filhos, plano de sa\u00fade e ainda ter uma carga tribut\u00e1ria alt\u00edssima incidindo diretamente sobre seus rendimentos. O problema da sonega\u00e7\u00e3o, no entanto, est\u00e1 nos grandes sonegadores, n\u00e3o nos pequenos. Esses sim s\u00e3o extremante nocivos \u00e0 sociedade, na medida em que promovem a concorr\u00eancia desleal para os pequenos e micro empres\u00e1rios. Al\u00e9m do mais, o SINPROFAZ tem denunciado que a sonega\u00e7\u00e3o financia diretamente a corrup\u00e7\u00e3o.\"<\/p><p>Confira a participa\u00e7\u00e3o do presidente do SINPROFAZ no Jornal da Band: <a href=\"https:\/\/www.goo.gl\/o4SbPJ\" target=\"_blank\">goo.gl\/o4SbPJ<\/a><\/p>\r\n[gallery link=\"file\" ids=\"6360\"]","_links":{"self":[{"href":"https:\/\/sinprofaz.org.br\/2024\/wp-json\/wp\/v2\/posts\/6358"}],"collection":[{"href":"https:\/\/sinprofaz.org.br\/2024\/wp-json\/wp\/v2\/posts"}],"about":[{"href":"https:\/\/sinprofaz.org.br\/2024\/wp-json\/wp\/v2\/types\/post"}],"author":[{"embeddable":true,"href":"https:\/\/sinprofaz.org.br\/2024\/wp-json\/wp\/v2\/users\/2"}],"replies":[{"embeddable":true,"href":"https:\/\/sinprofaz.org.br\/2024\/wp-json\/wp\/v2\/comments?post=6358"}],"version-history":[{"count":3,"href":"https:\/\/sinprofaz.org.br\/2024\/wp-json\/wp\/v2\/posts\/6358\/revisions"}],"predecessor-version":[{"id":9599,"href":"https:\/\/sinprofaz.org.br\/2024\/wp-json\/wp\/v2\/posts\/6358\/revisions\/9599"}],"wp:featuredmedia":[{"embeddable":true,"href":"https:\/\/sinprofaz.org.br\/2024\/wp-json\/wp\/v2\/media\/6359"}],"wp:attachment":[{"href":"https:\/\/sinprofaz.org.br\/2024\/wp-json\/wp\/v2\/media?parent=6358"}],"wp:term":[{"taxonomy":"category","embeddable":true,"href":"https:\/\/sinprofaz.org.br\/2024\/wp-json\/wp\/v2\/categories?post=6358"},{"taxonomy":"post_tag","embeddable":true,"href":"https:\/\/sinprofaz.org.br\/2024\/wp-json\/wp\/v2\/tags?post=6358"}],"curies":[{"name":"wp","href":"https:\/\/api.w.org\/{rel}","templated":true}]}}